{"id":7625,"date":"2012-03-28T19:49:02","date_gmt":"2012-03-28T17:49:02","guid":{"rendered":"http:\/\/blog.kunstgriff.net\/?p=7625"},"modified":"2016-08-30T19:41:55","modified_gmt":"2016-08-30T17:41:55","slug":"werners-feierabendrunde-2","status":"publish","type":"post","link":"https:\/\/blog.kunstgriff.net\/?p=7625","title":{"rendered":"Werners-Feierabendrunde"},"content":{"rendered":"<span class=\"span-reading-time rt-reading-time\" style=\"display: block;\"><span class=\"rt-label rt-prefix\">Lesezeit: <\/span> <span class=\"rt-time\"> &lt; 1<\/span> <span class=\"rt-label rt-postfix\">Minute<\/span><\/span><h4>oder \u00bbOhne viel K\u00f6rner zu lassen ein paar Kilometer sammeln\u00ab<\/h4>\n<hr \/>\n<p>Viele Touren waren heute nicht im Angebot und auf<em> alleine Fahren<\/em> hatte ich auch keine Lust. So entschied ich mich, bei Werners-Feierabendrunde um 16 Uhr am Auerbachtunnel zu sein. Um 16:04 dachte ich dann ich m\u00fcsse doch alleine fahren, da niemand am Treffpunkt aufschlug.<\/p>\n<p>Die Jungs trafen sich aber auf der anderen Seite des Tunnels und so kam der Trupp dann gl\u00fccklicherweise an mir vorbei gefahren. Sehr sch\u00f6n, konnte ich mich jetzt doch einer Gruppe anschlie\u00dfen.<\/p>\n<p>Wie angek\u00fcndigt ging es recht gem\u00fctlich auf bekannten Wegen raus nach S\u00fcden und G\u00fcterfelde wurde passiert. Einige der Mitfahrer waren mir von fr\u00fcheren Ausfahrten bekannt und so gab es ordentlich was zu <em>schnacken<\/em> und die Zeit verging wie im Flug. Auf dem R\u00fcckweg hatten wir leider Gegenwind, der einigen Mitfahrern trotz Windschattens arg zu schaffen machte. Egal, gemeinsam kamen wir wieder in Kleinmachnow an, weiter ging es \u00fcber Dreilinden nach Wannsee, wo sich die Gruppe teilte und ich noch mit ein paar Mann den Willy b\u00fcgelte.<\/p>\n<p>Sch\u00f6ne Ausfahrt, etwas l\u00e4nger h\u00e4tte sie sein k\u00f6nnen, egal \u2013 <em>gerne wieder!<\/em><\/p>\n<p style=\"text-align: center;\"><a href=\"https:\/\/i0.wp.com\/blog.kunstgriff.net\/wp-content\/uploads\/2012\/03\/Ganz-im-S%C3%BCden-hinter-Siethen.jpg\"><img data-recalc-dims=\"1\" loading=\"lazy\" decoding=\"async\" data-attachment-id=\"7629\" data-permalink=\"https:\/\/blog.kunstgriff.net\/?attachment_id=7629\" data-orig-file=\"https:\/\/i0.wp.com\/blog.kunstgriff.net\/wp-content\/uploads\/2012\/03\/Ganz-im-S%C3%BCden-hinter-Siethen.jpg?fit=1000%2C750&amp;ssl=1\" data-orig-size=\"1000,750\" data-comments-opened=\"1\" data-image-meta=\"{&quot;aperture&quot;:&quot;2.8&quot;,&quot;credit&quot;:&quot;&quot;,&quot;camera&quot;:&quot;Canon DIGITAL IXUS 870 IS&quot;,&quot;caption&quot;:&quot;&quot;,&quot;created_timestamp&quot;:&quot;1332947431&quot;,&quot;copyright&quot;:&quot;&quot;,&quot;focal_length&quot;:&quot;5&quot;,&quot;iso&quot;:&quot;100&quot;,&quot;shutter_speed&quot;:&quot;0.002&quot;,&quot;title&quot;:&quot;&quot;}\" data-image-title=\"Ganz im S\u00fcden hinter Siethen\" data-image-description=\"\" data-image-caption=\"\" data-large-file=\"https:\/\/i0.wp.com\/blog.kunstgriff.net\/wp-content\/uploads\/2012\/03\/Ganz-im-S%C3%BCden-hinter-Siethen.jpg?fit=1000%2C750&amp;ssl=1\" class=\"aligncenter size-full wp-image-7629\" title=\"Ganz im S\u00fcden hinter Siethen\" src=\"https:\/\/i0.wp.com\/blog.kunstgriff.net\/wp-content\/uploads\/2012\/03\/Ganz-im-S%C3%BCden-hinter-Siethen.jpg?resize=525%2C394\" alt=\"\" width=\"525\" height=\"394\" srcset=\"https:\/\/i0.wp.com\/blog.kunstgriff.net\/wp-content\/uploads\/2012\/03\/Ganz-im-S%C3%BCden-hinter-Siethen.jpg?w=1000&amp;ssl=1 1000w, https:\/\/i0.wp.com\/blog.kunstgriff.net\/wp-content\/uploads\/2012\/03\/Ganz-im-S%C3%BCden-hinter-Siethen.jpg?resize=300%2C225&amp;ssl=1 300w\" sizes=\"auto, (max-width: 525px) 100vw, 525px\" \/><\/a><\/p>\n<p><iframe height='405' width='590' frameborder='0' allowtransparency='true' scrolling='no' src='https:\/\/www.strava.com\/activities\/11385490\/embed\/29ea86712aeca2370d93982492bbedb66de7cefd'><\/iframe><\/p>\n","protected":false},"excerpt":{"rendered":"<p>oder \u00bbOhne viel K\u00f6rner zu lassen ein paar Kilometer sammeln\u00ab Viele Touren waren heute nicht im Angebot und auf alleine Fahren hatte ich auch keine Lust. So entschied ich mich, bei Werners-Feierabendrunde um 16 Uhr am Auerbachtunnel zu sein. Um 16:04 dachte ich dann ich m\u00fcsse doch alleine fahren, da niemand am Treffpunkt aufschlug. Die &hellip; <\/p>\n<p class=\"link-more\"><a href=\"https:\/\/blog.kunstgriff.net\/?p=7625\" class=\"more-link\"><span class=\"screen-reader-text\">\u201eWerners-Feierabendrunde\u201c <\/span>weiterlesen<\/a><\/p>\n","protected":false},"author":2,"featured_media":0,"comment_status":"open","ping_status":"open","sticky":false,"template":"","format":"standard","meta":{"jetpack_post_was_ever_published":false,"_jetpack_newsletter_access":"","_jetpack_dont_email_post_to_subs":false,"_jetpack_newsletter_tier_id":0,"_jetpack_memberships_contains_paywalled_content":false,"_jetpack_memberships_contains_paid_content":false,"footnotes":""},"categories":[14,7],"tags":[],"class_list":["post-7625","post","type-post","status-publish","format-standard","hentry","category-radfahren","category-rennradfahren"],"jetpack_featured_media_url":"","jetpack_shortlink":"https:\/\/wp.me\/p8Cxe7-1YZ","jetpack-related-posts":[{"id":5367,"url":"https:\/\/blog.kunstgriff.net\/?p=5367","url_meta":{"origin":7625,"position":0},"title":"8-Br\u00fccken-Feierabendrunde re-reloaded","author":"Georg","date":"Juli 26, 2011","format":false,"excerpt":"oder \u00bbDer Sommer ist zur\u00fcck!\u00abAm Dienstag wird im Winter \u00bbMondfeld\u00ab auf dem Ergometer gefahren \u2013 zum Gl\u00fcck ist es aber Sommer und da steht die 8-Br\u00fccken-Tour auf dem Programm. Mein Plan war auch heute wieder, erst knapp 48 km alleine zum Kreisverkehr in Wustermark zu fahren und dann die Falkenseer\u2026","rel":"","context":"In &quot;Radfahren&quot;","block_context":{"text":"Radfahren","link":"https:\/\/blog.kunstgriff.net\/?cat=14"},"img":{"alt_text":"","src":"https:\/\/i0.wp.com\/blog.kunstgriff.net\/wp-content\/uploads\/2011\/07\/kurz-vor-der-Haust%C3%BCr-noch-mal-Gas-geben.png?resize=350%2C200","width":350,"height":200},"classes":[]},{"id":8495,"url":"https:\/\/blog.kunstgriff.net\/?p=8495","url_meta":{"origin":7625,"position":1},"title":"Bernds-Blankensee-Feierabendrunde v3","author":"Georg","date":"Juli 10, 2012","format":false,"excerpt":"oder \u00bbOhne Kraft bolzen \u2013 kann das gut gehen?\u00ab Als ich das letzte mal diese sch\u00f6ne Feierabendrunde gefahren bin waren wir nur zu dritt \u2013 heute waren es 11 Rennradler und 1 Liegeradler, die sich auf Bernds Runde machen wollten. Wie gewohnt ging es gleich flott die Krone herunter. Oliver\u2026","rel":"","context":"In &quot;Radfahren&quot;","block_context":{"text":"Radfahren","link":"https:\/\/blog.kunstgriff.net\/?cat=14"},"img":{"alt_text":"","src":"https:\/\/i0.wp.com\/blog.kunstgriff.net\/wp-content\/uploads\/2012\/07\/Zu-zw%C3%B6lft-bei-der-kurzen-Halbzeitpause-in-St%C3%BCcken-300x225.jpg?resize=350%2C200","width":350,"height":200},"classes":[]},{"id":5479,"url":"https:\/\/blog.kunstgriff.net\/?p=5479","url_meta":{"origin":7625,"position":2},"title":"Erweiterte Schwielowsee-Feierabendrunde","author":"Georg","date":"August 2, 2011","format":false,"excerpt":"oder \u00bbHeute mal Fettverbrennung\u00ab Dienstags ging es in den letzten beiden Wochen mit den Havellandriders \u00fcber die 8-Br\u00fccken-Tour. Mir war heute aber nach \u00bballeine fahren\u00ab und so probierte ich eine neue Streckenkombination aus. Alles bekannte Wege aber in der Konstellation noch nicht von mir gefahren. Auch praktisch da so keine\u2026","rel":"","context":"In &quot;Radfahren&quot;","block_context":{"text":"Radfahren","link":"https:\/\/blog.kunstgriff.net\/?cat=14"},"img":{"alt_text":"","src":"https:\/\/i0.wp.com\/blog.kunstgriff.net\/wp-content\/uploads\/2011\/08\/ich-liebe-den-Wald-den-Belag-weniger.jpg?resize=350%2C200","width":350,"height":200,"srcset":"https:\/\/i0.wp.com\/blog.kunstgriff.net\/wp-content\/uploads\/2011\/08\/ich-liebe-den-Wald-den-Belag-weniger.jpg?resize=350%2C200 1x, https:\/\/i0.wp.com\/blog.kunstgriff.net\/wp-content\/uploads\/2011\/08\/ich-liebe-den-Wald-den-Belag-weniger.jpg?resize=525%2C300 1.5x, https:\/\/i0.wp.com\/blog.kunstgriff.net\/wp-content\/uploads\/2011\/08\/ich-liebe-den-Wald-den-Belag-weniger.jpg?resize=700%2C400 2x"},"classes":[]},{"id":8202,"url":"https:\/\/blog.kunstgriff.net\/?p=8202","url_meta":{"origin":7625,"position":3},"title":"Bernds-Blankensee-Feierabendrunde v2","author":"Georg","date":"Juni 12, 2012","format":false,"excerpt":"oder \u00bbMal sehen was zu dritt so geht!\u00abDas Wetter war fast perfekt f\u00fcr eine Feierabendrunde und so hetzte ich nach meinem letzten Kunden nach Hause, um p\u00fcnktlich um 17:55 Uhr am Auerbachtunnel sein zu k\u00f6nnen. Leider waren dort nur Mark und Fabian, der die Runde leiten sollte. Am Wetter hat\u2026","rel":"","context":"In &quot;Radfahren&quot;","block_context":{"text":"Radfahren","link":"https:\/\/blog.kunstgriff.net\/?cat=14"},"img":{"alt_text":"","src":"https:\/\/i0.wp.com\/blog.kunstgriff.net\/wp-content\/uploads\/2012\/06\/Oben-am-Postfenn-der-H%C3%BCgel-ist-geschafft.jpg?resize=350%2C200","width":350,"height":200,"srcset":"https:\/\/i0.wp.com\/blog.kunstgriff.net\/wp-content\/uploads\/2012\/06\/Oben-am-Postfenn-der-H%C3%BCgel-ist-geschafft.jpg?resize=350%2C200 1x, https:\/\/i0.wp.com\/blog.kunstgriff.net\/wp-content\/uploads\/2012\/06\/Oben-am-Postfenn-der-H%C3%BCgel-ist-geschafft.jpg?resize=525%2C300 1.5x"},"classes":[]},{"id":2324,"url":"https:\/\/blog.kunstgriff.net\/?p=2324","url_meta":{"origin":7625,"position":4},"title":"Erneut: Kurze Nordrunde \u00fcber Kremmen","author":"Georg","date":"August 31, 2010","format":false,"excerpt":"oder \"Bei dem Wetter muss ich einfach Rad fahren!\"Die letzten Tage war es doch sehr wechselhaft und immer wieder war Regen auf dem Radar. Heute sah es klasse aus und so beschloss ich erneut meine Referenzrunde \u00fcber Kremmen zu drehen. Auf den ersten Metern schon merkte ich, das ich Hummeln\u2026","rel":"","context":"In &quot;Rennradfahren&quot;","block_context":{"text":"Rennradfahren","link":"https:\/\/blog.kunstgriff.net\/?cat=7"},"img":{"alt_text":"","src":"","width":0,"height":0},"classes":[]},{"id":22340,"url":"https:\/\/blog.kunstgriff.net\/?p=22340","url_meta":{"origin":7625,"position":5},"title":"Schwielowsee-Runde","author":"Georg","date":"Juli 4, 2021","format":false,"excerpt":"ungeplanter Cake-Ride Eigentlich wollte ich heute gar nicht drau\u00dfen fahren. Ne Stunde Zwift und dann faulenzen oder Sportwagen fahren. Das Wetter war dann doch zu verlockend um nicht den Renner, nach der anstrengenden gestrigen Tour erneut auf der Strasse zu bewegen. Auf dem Plan war meine FAR (Feierabendrunde). Knapp 60\u2026","rel":"","context":"In &quot;Cake-Ride&quot;","block_context":{"text":"Cake-Ride","link":"https:\/\/blog.kunstgriff.net\/?cat=34"},"img":{"alt_text":"Brandenburg kann auch ganz sch\u00f6n sein","src":"https:\/\/i0.wp.com\/blog.kunstgriff.net\/wp-content\/uploads\/2021\/07\/Brandenburg-kann-auch-ganz-schoen-sein.jpg?fit=1200%2C800&ssl=1&resize=350%2C200","width":350,"height":200,"srcset":"https:\/\/i0.wp.com\/blog.kunstgriff.net\/wp-content\/uploads\/2021\/07\/Brandenburg-kann-auch-ganz-schoen-sein.jpg?fit=1200%2C800&ssl=1&resize=350%2C200 1x, https:\/\/i0.wp.com\/blog.kunstgriff.net\/wp-content\/uploads\/2021\/07\/Brandenburg-kann-auch-ganz-schoen-sein.jpg?fit=1200%2C800&ssl=1&resize=525%2C300 1.5x, https:\/\/i0.wp.com\/blog.kunstgriff.net\/wp-content\/uploads\/2021\/07\/Brandenburg-kann-auch-ganz-schoen-sein.jpg?fit=1200%2C800&ssl=1&resize=700%2C400 2x, https:\/\/i0.wp.com\/blog.kunstgriff.net\/wp-content\/uploads\/2021\/07\/Brandenburg-kann-auch-ganz-schoen-sein.jpg?fit=1200%2C800&ssl=1&resize=1050%2C600 3x"},"classes":[]}],"jetpack_likes_enabled":true,"jetpack_sharing_enabled":true,"_links":{"self":[{"href":"https:\/\/blog.kunstgriff.net\/index.php?rest_route=\/wp\/v2\/posts\/7625","targetHints":{"allow":["GET"]}}],"collection":[{"href":"https:\/\/blog.kunstgriff.net\/index.php?rest_route=\/wp\/v2\/posts"}],"about":[{"href":"https:\/\/blog.kunstgriff.net\/index.php?rest_route=\/wp\/v2\/types\/post"}],"author":[{"embeddable":true,"href":"https:\/\/blog.kunstgriff.net\/index.php?rest_route=\/wp\/v2\/users\/2"}],"replies":[{"embeddable":true,"href":"https:\/\/blog.kunstgriff.net\/index.php?rest_route=%2Fwp%2Fv2%2Fcomments&post=7625"}],"version-history":[{"count":0,"href":"https:\/\/blog.kunstgriff.net\/index.php?rest_route=\/wp\/v2\/posts\/7625\/revisions"}],"wp:attachment":[{"href":"https:\/\/blog.kunstgriff.net\/index.php?rest_route=%2Fwp%2Fv2%2Fmedia&parent=7625"}],"wp:term":[{"taxonomy":"category","embeddable":true,"href":"https:\/\/blog.kunstgriff.net\/index.php?rest_route=%2Fwp%2Fv2%2Fcategories&post=7625"},{"taxonomy":"post_tag","embeddable":true,"href":"https:\/\/blog.kunstgriff.net\/index.php?rest_route=%2Fwp%2Fv2%2Ftags&post=7625"}],"curies":[{"name":"wp","href":"https:\/\/api.w.org\/{rel}","templated":true}]}}