{"id":7635,"date":"2012-04-01T19:49:16","date_gmt":"2012-04-01T17:49:16","guid":{"rendered":"http:\/\/blog.kunstgriff.net\/?p=7635"},"modified":"2016-08-30T19:39:35","modified_gmt":"2016-08-30T17:39:35","slug":"toms-tour-nach-harnekop","status":"publish","type":"post","link":"https:\/\/blog.kunstgriff.net\/?p=7635","title":{"rendered":"Toms Tour nach Harnekop"},"content":{"rendered":"<span class=\"span-reading-time rt-reading-time\" style=\"display: block;\"><span class=\"rt-label rt-prefix\">Lesezeit: <\/span> <span class=\"rt-time\"> 2<\/span> <span class=\"rt-label rt-postfix\">Minuten<\/span><\/span><h4>oder \u00bbDer Wind sind unsere Berge\u00ab<\/h4>\n<hr \/>\n<p>Lange konnte ich mich nicht entscheiden, welche Tour denn zu fahren sei, aber da das Angebot f\u00fcr diesen Sonntag mehr als \u00fcbersichtlich war, entschied ich mich f\u00fcr die Tour nach Harnekop. Die weite Anreise zum Bahnhof Malchow schreckte mich, aber <a href=\"http:\/\/rr-saison.blogspot.de\/\" target=\"_blank\">Alex<\/a> \u00fcberzeugte mich und so wurde gemeinsam ein Weg dorthin mit dem Bike geplant. Das hatte den Vorteil unabh\u00e4ngig vom Schienenerstatzverkehr <a href=\"http:\/\/www.bvg.de\/\" target=\"_blank\">der \u00d6ffentlichen<\/a> zu sein. Obendrauf konnten noch ein paar extra Kilometer, zu der doch eher kurzen Runde von 104 km, gesammelt werden.<\/p>\n<p>Geplant \u2013 getan und so machte ich mich um 8:45 Uhr von Siemensstadt ins weite Wei\u00dfensee auf, einmal quer durch die Stadt, um mit Alexander weitere 15 km gen Osten nach Malchow zu fahren. Schiebewind und fast leere Stra\u00dfen halfen uns den Treffpunkt am S-Bahnhof p\u00fcnktlich und stressfrei zu erreichen.<\/p>\n<p>Dort wartete schon die \u00fcbliche, gro\u00dfe Gruppe, die zu Toms gut geplanten Routen starten wollte. So ging es gemeinsam mit weiterhin ordentlich Schiebewind. Der angepeilte Schnitt von 28 km\/h schien kein Problem zu sein. Nach 2:48 Stunden Netto-Fahrzeit und 83 km war unser Tagesziel erreicht: Die <del datetime=\"2012-04-01T15:32:17+00:00\">Wand<\/del> <em>Wellen von Harnekop<\/em>. Danach musste sich die Gruppe erstmal sammeln, um nun gemeinsam gegen den Wind, den R\u00fcckweg anzutreten.<\/p>\n<p>In gro\u00dfer Gruppe wurde nun versucht, gegen den Wind anzuk\u00e4mpfen. Je n\u00e4her wir jedoch der Hauptstadt kamen, umso kleiner wurde das Peleton. An der Stadtgrenze waren wir nur noch zu f\u00fcnft und halfen uns mit Mallorca-Wechseln gegen den gef\u00fchlt st\u00e4rker werdenden Wind von vorne.<\/p>\n<p>Alle waren nun ganz sch\u00f6n grau, was sicher auch an der fehlenden Pause gelegen haben mag, aber die Flandern-Rundfahrt im TV und der vorhergesagte Regen f\u00fcr den Nachmittag hinderten uns an einer Einkehr.<\/p>\n<p>Zuhause in Siemensstadt angekommen, waren meine Beine schwer und der Geist m\u00fcde. Eine, mehr als ich dachte, kr\u00e4ftezehrende Ausfahrt mit gut 154 km auf der Uhr. Besser kann ich meinen Sonntag nicht verbringen.<\/p>\n<div class=\"tiled-gallery type-rectangular tiled-gallery-unresized\" data-original-width=\"525\" data-carousel-extra='{&quot;blog_id&quot;:1,&quot;permalink&quot;:&quot;https:\\\/\\\/blog.kunstgriff.net\\\/?p=7635&quot;,&quot;likes_blog_id&quot;:127394879}' itemscope itemtype=\"http:\/\/schema.org\/ImageGallery\" > <div class=\"gallery-row\" style=\"width: 525px; height: 472px;\" data-original-width=\"525\" data-original-height=\"472\" > <div class=\"gallery-group images-3\" style=\"width: 209px; height: 472px;\" data-original-width=\"209\" data-original-height=\"472\" > <div class=\"tiled-gallery-item tiled-gallery-item-small\" itemprop=\"associatedMedia\" itemscope itemtype=\"http:\/\/schema.org\/ImageObject\"> <a href=\"https:\/\/i0.wp.com\/blog.kunstgriff.net\/wp-content\/uploads\/2012\/04\/Greeting-from-the-girls.jpg?ssl=1\" border=\"0\" itemprop=\"url\"> <meta itemprop=\"width\" content=\"205\"> <meta itemprop=\"height\" content=\"154\"> <img decoding=\"async\" class=\"\" data-attachment-id=\"7641\" data-orig-file=\"https:\/\/blog.kunstgriff.net\/wp-content\/uploads\/2012\/04\/Greeting-from-the-girls.jpg\" data-orig-size=\"1000,750\" data-comments-opened=\"1\" data-image-meta=\"{&quot;aperture&quot;:&quot;2.8&quot;,&quot;credit&quot;:&quot;&quot;,&quot;camera&quot;:&quot;Canon DIGITAL IXUS 870 IS&quot;,&quot;caption&quot;:&quot;&quot;,&quot;created_timestamp&quot;:&quot;1333276147&quot;,&quot;copyright&quot;:&quot;&quot;,&quot;focal_length&quot;:&quot;5&quot;,&quot;iso&quot;:&quot;125&quot;,&quot;shutter_speed&quot;:&quot;0.002&quot;,&quot;title&quot;:&quot;&quot;}\" data-image-title=\"Greeting from the girls\" data-image-description=\"\" data-medium-file=\"https:\/\/i0.wp.com\/blog.kunstgriff.net\/wp-content\/uploads\/2012\/04\/Greeting-from-the-girls.jpg?fit=300%2C225&#038;ssl=1\" data-large-file=\"https:\/\/i0.wp.com\/blog.kunstgriff.net\/wp-content\/uploads\/2012\/04\/Greeting-from-the-girls.jpg?fit=1000%2C750&#038;ssl=1\" src=\"https:\/\/i0.wp.com\/blog.kunstgriff.net\/wp-content\/uploads\/2012\/04\/Greeting-from-the-girls.jpg?w=205&#038;h=154&#038;ssl=1\" srcset=\"https:\/\/i0.wp.com\/blog.kunstgriff.net\/wp-content\/uploads\/2012\/04\/Greeting-from-the-girls.jpg?w=1000&amp;ssl=1 1000w, https:\/\/i0.wp.com\/blog.kunstgriff.net\/wp-content\/uploads\/2012\/04\/Greeting-from-the-girls.jpg?resize=300%2C225&amp;ssl=1 300w\" width=\"205\" height=\"154\" loading=\"lazy\" data-original-width=\"205\" data-original-height=\"154\" itemprop=\"http:\/\/schema.org\/image\" title=\"Greeting from the girls\" alt=\"Greeting from the girls\" style=\"width: 205px; height: 154px;\" \/> <\/a> <\/div> <div class=\"tiled-gallery-item tiled-gallery-item-small\" itemprop=\"associatedMedia\" itemscope itemtype=\"http:\/\/schema.org\/ImageObject\"> <a href=\"https:\/\/i0.wp.com\/blog.kunstgriff.net\/wp-content\/uploads\/2012\/04\/H%C3%BCgel-b%C3%BCgeln.jpg?ssl=1\" border=\"0\" itemprop=\"url\"> <meta itemprop=\"width\" content=\"205\"> <meta itemprop=\"height\" content=\"153\"> <img decoding=\"async\" class=\"\" data-attachment-id=\"7642\" data-orig-file=\"https:\/\/blog.kunstgriff.net\/wp-content\/uploads\/2012\/04\/H\u00fcgel-b\u00fcgeln.jpg\" data-orig-size=\"1000,750\" data-comments-opened=\"1\" data-image-meta=\"{&quot;aperture&quot;:&quot;2.8&quot;,&quot;credit&quot;:&quot;&quot;,&quot;camera&quot;:&quot;Canon DIGITAL IXUS 870 IS&quot;,&quot;caption&quot;:&quot;&quot;,&quot;created_timestamp&quot;:&quot;1333276187&quot;,&quot;copyright&quot;:&quot;&quot;,&quot;focal_length&quot;:&quot;5&quot;,&quot;iso&quot;:&quot;80&quot;,&quot;shutter_speed&quot;:&quot;0.002&quot;,&quot;title&quot;:&quot;&quot;}\" data-image-title=\"H\u00fcgel b\u00fcgeln\" data-image-description=\"\" data-medium-file=\"https:\/\/i0.wp.com\/blog.kunstgriff.net\/wp-content\/uploads\/2012\/04\/H%C3%BCgel-b%C3%BCgeln.jpg?fit=300%2C225&#038;ssl=1\" data-large-file=\"https:\/\/i0.wp.com\/blog.kunstgriff.net\/wp-content\/uploads\/2012\/04\/H%C3%BCgel-b%C3%BCgeln.jpg?fit=1000%2C750&#038;ssl=1\" src=\"https:\/\/i0.wp.com\/blog.kunstgriff.net\/wp-content\/uploads\/2012\/04\/H%C3%BCgel-b%C3%BCgeln.jpg?w=205&#038;h=153&#038;ssl=1\" width=\"205\" height=\"153\" loading=\"lazy\" data-original-width=\"205\" data-original-height=\"153\" itemprop=\"http:\/\/schema.org\/image\" title=\"H\u00fcgel b\u00fcgeln\" alt=\"H\u00fcgel b\u00fcgeln\" style=\"width: 205px; height: 153px;\" \/> <\/a> <\/div> <div class=\"tiled-gallery-item tiled-gallery-item-small\" itemprop=\"associatedMedia\" itemscope itemtype=\"http:\/\/schema.org\/ImageObject\"> <a href=\"https:\/\/i0.wp.com\/blog.kunstgriff.net\/wp-content\/uploads\/2012\/04\/Ordentlich-in-2er-Reihen.jpg?ssl=1\" border=\"0\" itemprop=\"url\"> <meta itemprop=\"width\" content=\"205\"> <meta itemprop=\"height\" content=\"153\"> <img decoding=\"async\" class=\"\" data-attachment-id=\"7643\" data-orig-file=\"https:\/\/blog.kunstgriff.net\/wp-content\/uploads\/2012\/04\/Ordentlich-in-2er-Reihen.jpg\" data-orig-size=\"1000,750\" data-comments-opened=\"1\" data-image-meta=\"{&quot;aperture&quot;:&quot;2.8&quot;,&quot;credit&quot;:&quot;&quot;,&quot;camera&quot;:&quot;Canon DIGITAL IXUS 870 IS&quot;,&quot;caption&quot;:&quot;&quot;,&quot;created_timestamp&quot;:&quot;1333276086&quot;,&quot;copyright&quot;:&quot;&quot;,&quot;focal_length&quot;:&quot;5&quot;,&quot;iso&quot;:&quot;100&quot;,&quot;shutter_speed&quot;:&quot;0.002&quot;,&quot;title&quot;:&quot;&quot;}\" data-image-title=\"Ordentlich in 2er Reihen\" data-image-description=\"\" data-medium-file=\"https:\/\/i0.wp.com\/blog.kunstgriff.net\/wp-content\/uploads\/2012\/04\/Ordentlich-in-2er-Reihen.jpg?fit=300%2C225&#038;ssl=1\" data-large-file=\"https:\/\/i0.wp.com\/blog.kunstgriff.net\/wp-content\/uploads\/2012\/04\/Ordentlich-in-2er-Reihen.jpg?fit=1000%2C750&#038;ssl=1\" src=\"https:\/\/i0.wp.com\/blog.kunstgriff.net\/wp-content\/uploads\/2012\/04\/Ordentlich-in-2er-Reihen.jpg?w=205&#038;h=153&#038;ssl=1\" srcset=\"https:\/\/i0.wp.com\/blog.kunstgriff.net\/wp-content\/uploads\/2012\/04\/Ordentlich-in-2er-Reihen.jpg?w=1000&amp;ssl=1 1000w, https:\/\/i0.wp.com\/blog.kunstgriff.net\/wp-content\/uploads\/2012\/04\/Ordentlich-in-2er-Reihen.jpg?resize=300%2C225&amp;ssl=1 300w\" width=\"205\" height=\"153\" loading=\"lazy\" data-original-width=\"205\" data-original-height=\"153\" itemprop=\"http:\/\/schema.org\/image\" title=\"Ordentlich in 2er Reihen\" alt=\"Ordentlich in 2er Reihen\" style=\"width: 205px; height: 153px;\" \/> <\/a> <\/div> <\/div> <!-- close group --> <div class=\"gallery-group images-1\" style=\"width: 316px; height: 472px;\" data-original-width=\"316\" data-original-height=\"472\" > <div class=\"tiled-gallery-item tiled-gallery-item-large\" itemprop=\"associatedMedia\" itemscope itemtype=\"http:\/\/schema.org\/ImageObject\"> <a href=\"https:\/\/i0.wp.com\/blog.kunstgriff.net\/wp-content\/uploads\/2012\/04\/voller-Freude-in-die-Gegenwindpassage.jpg?ssl=1\" border=\"0\" itemprop=\"url\"> <meta itemprop=\"width\" content=\"312\"> <meta itemprop=\"height\" content=\"468\"> <img decoding=\"async\" class=\"\" data-attachment-id=\"7644\" data-orig-file=\"https:\/\/blog.kunstgriff.net\/wp-content\/uploads\/2012\/04\/voller-Freude-in-die-Gegenwindpassage.jpg\" data-orig-size=\"667,1000\" data-comments-opened=\"1\" data-image-meta=\"{&quot;aperture&quot;:&quot;7.1&quot;,&quot;credit&quot;:&quot;&quot;,&quot;camera&quot;:&quot;DSC-W120&quot;,&quot;caption&quot;:&quot;&quot;,&quot;created_timestamp&quot;:&quot;1333276722&quot;,&quot;copyright&quot;:&quot;&quot;,&quot;focal_length&quot;:&quot;5.35&quot;,&quot;iso&quot;:&quot;125&quot;,&quot;shutter_speed&quot;:&quot;0.005&quot;,&quot;title&quot;:&quot;&quot;}\" data-image-title=\"voller Freude in die Gegenwindpassage\" data-image-description=\"\" data-medium-file=\"https:\/\/i0.wp.com\/blog.kunstgriff.net\/wp-content\/uploads\/2012\/04\/voller-Freude-in-die-Gegenwindpassage.jpg?fit=200%2C300&#038;ssl=1\" data-large-file=\"https:\/\/i0.wp.com\/blog.kunstgriff.net\/wp-content\/uploads\/2012\/04\/voller-Freude-in-die-Gegenwindpassage.jpg?fit=667%2C1000&#038;ssl=1\" src=\"https:\/\/i0.wp.com\/blog.kunstgriff.net\/wp-content\/uploads\/2012\/04\/voller-Freude-in-die-Gegenwindpassage.jpg?w=312&#038;h=468&#038;ssl=1\" srcset=\"https:\/\/i0.wp.com\/blog.kunstgriff.net\/wp-content\/uploads\/2012\/04\/voller-Freude-in-die-Gegenwindpassage.jpg?w=667&amp;ssl=1 667w, https:\/\/i0.wp.com\/blog.kunstgriff.net\/wp-content\/uploads\/2012\/04\/voller-Freude-in-die-Gegenwindpassage.jpg?resize=200%2C300&amp;ssl=1 200w\" width=\"312\" height=\"468\" loading=\"lazy\" data-original-width=\"312\" data-original-height=\"468\" itemprop=\"http:\/\/schema.org\/image\" title=\"voller Freude in die Gegenwindpassage\" alt=\"voller Freude in die Gegenwindpassage\" style=\"width: 312px; height: 468px;\" \/> <\/a> <\/div> <\/div> <!-- close group --> <\/div> <!-- close row --> <\/div>\n<p><iframe loading=\"lazy\" src=\"https:\/\/www.strava.com\/activities\/11385495\/embed\/3e632b5efd57d8b4ec188a7cffdbf0060e03b33f\" width=\"590\" height=\"405\" frameborder=\"0\" scrolling=\"no\"><\/iframe><\/p>\n","protected":false},"excerpt":{"rendered":"<p>oder \u00bbDer Wind sind unsere Berge\u00ab Lange konnte ich mich nicht entscheiden, welche Tour denn zu fahren sei, aber da das Angebot f\u00fcr diesen Sonntag mehr als \u00fcbersichtlich war, entschied ich mich f\u00fcr die Tour nach Harnekop. Die weite Anreise zum Bahnhof Malchow schreckte mich, aber Alex \u00fcberzeugte mich und so wurde gemeinsam ein Weg &hellip; <\/p>\n<p class=\"link-more\"><a href=\"https:\/\/blog.kunstgriff.net\/?p=7635\" class=\"more-link\"><span class=\"screen-reader-text\">\u201eToms Tour nach Harnekop\u201c <\/span>weiterlesen<\/a><\/p>\n","protected":false},"author":2,"featured_media":0,"comment_status":"open","ping_status":"open","sticky":false,"template":"","format":"standard","meta":{"jetpack_post_was_ever_published":false,"_jetpack_newsletter_access":"","_jetpack_dont_email_post_to_subs":false,"_jetpack_newsletter_tier_id":0,"_jetpack_memberships_contains_paywalled_content":false,"_jetpack_memberships_contains_paid_content":false,"footnotes":""},"categories":[14,7],"tags":[],"class_list":["post-7635","post","type-post","status-publish","format-standard","hentry","category-radfahren","category-rennradfahren"],"jetpack_featured_media_url":"","jetpack_shortlink":"https:\/\/wp.me\/p8Cxe7-1Z9","jetpack-related-posts":[{"id":16648,"url":"https:\/\/blog.kunstgriff.net\/?p=16648","url_meta":{"origin":7635,"position":0},"title":"Mit der Nordgruppe ins L\u00f6wenberger Land","author":"Georg","date":"September 3, 2017","format":false,"excerpt":"\u00bbGrosse Gruppe - flotte Runde\u00ab Schon seit Freitag freute ich mich auf diese Runde, denn Sascha T. lud in den Norden. Der Track war von Alex geplant und so war eine hohe Touren-Qualit\u00e4t gewiss. Mit Marc C. fuhr ich locker zum Treffpunkt in Pankow, wo wir uns um kurz nach\u2026","rel":"","context":"In &quot;Cake-Ride&quot;","block_context":{"text":"Cake-Ride","link":"https:\/\/blog.kunstgriff.net\/?cat=34"},"img":{"alt_text":"","src":"https:\/\/i0.wp.com\/blog.kunstgriff.net\/wp-content\/uploads\/2017\/09\/Treffpunkt-AGIP-Dietzgenstrasse.jpg?fit=1200%2C800&ssl=1&resize=350%2C200","width":350,"height":200,"srcset":"https:\/\/i0.wp.com\/blog.kunstgriff.net\/wp-content\/uploads\/2017\/09\/Treffpunkt-AGIP-Dietzgenstrasse.jpg?fit=1200%2C800&ssl=1&resize=350%2C200 1x, https:\/\/i0.wp.com\/blog.kunstgriff.net\/wp-content\/uploads\/2017\/09\/Treffpunkt-AGIP-Dietzgenstrasse.jpg?fit=1200%2C800&ssl=1&resize=525%2C300 1.5x, https:\/\/i0.wp.com\/blog.kunstgriff.net\/wp-content\/uploads\/2017\/09\/Treffpunkt-AGIP-Dietzgenstrasse.jpg?fit=1200%2C800&ssl=1&resize=700%2C400 2x, https:\/\/i0.wp.com\/blog.kunstgriff.net\/wp-content\/uploads\/2017\/09\/Treffpunkt-AGIP-Dietzgenstrasse.jpg?fit=1200%2C800&ssl=1&resize=1050%2C600 3x"},"classes":[]},{"id":21385,"url":"https:\/\/blog.kunstgriff.net\/?p=21385","url_meta":{"origin":7635,"position":1},"title":"3. WfF Nightride Berlin -> Hamburg","author":"admin","date":"Juni 28, 2020","format":false,"excerpt":"erster 300er seit Langem Schon zum dritten mal f\u00fchrt mein Radsportverein die Nachtfahrt nach Hamburg durch. Diesmal wollte ich endlich mit dabei sein. Mehrere Leistungsklassen sollten zu unterschiedlichen Uhrzeiten starten. Dies w\u00fcrde die Logistik der VerpflegerInnen erleichtern und auch den COVID-Vorschriften gerecht werden. Bei der Einschreibung meldete ich mich f\u00fcr\u2026","rel":"","context":"In &quot;200er&quot;","block_context":{"text":"200er","link":"https:\/\/blog.kunstgriff.net\/?cat=48"},"img":{"alt_text":"Fahren in der Abendsonne","src":"https:\/\/i0.wp.com\/blog.kunstgriff.net\/wp-content\/uploads\/2020\/06\/Fahren-in-der-Abendsonne.jpg?fit=1200%2C800&ssl=1&resize=350%2C200","width":350,"height":200,"srcset":"https:\/\/i0.wp.com\/blog.kunstgriff.net\/wp-content\/uploads\/2020\/06\/Fahren-in-der-Abendsonne.jpg?fit=1200%2C800&ssl=1&resize=350%2C200 1x, https:\/\/i0.wp.com\/blog.kunstgriff.net\/wp-content\/uploads\/2020\/06\/Fahren-in-der-Abendsonne.jpg?fit=1200%2C800&ssl=1&resize=525%2C300 1.5x, https:\/\/i0.wp.com\/blog.kunstgriff.net\/wp-content\/uploads\/2020\/06\/Fahren-in-der-Abendsonne.jpg?fit=1200%2C800&ssl=1&resize=700%2C400 2x, https:\/\/i0.wp.com\/blog.kunstgriff.net\/wp-content\/uploads\/2020\/06\/Fahren-in-der-Abendsonne.jpg?fit=1200%2C800&ssl=1&resize=1050%2C600 3x"},"classes":[]},{"id":5985,"url":"https:\/\/blog.kunstgriff.net\/?p=5985","url_meta":{"origin":7635,"position":2},"title":"Mit dem \u00bbA3K\u00ab nach Ueckeritz auf Usedom","author":"Georg","date":"September 24, 2011","format":false,"excerpt":"oder \u00bbHerrliche Herbsttour\u00ab Heute sollte es noch einmal nach Usedom gehen. Nicht das ich im September nicht schon einmal dort hoch gefahren w\u00e4re, aber die Strecke liegt mir einfach und lecker Fisch in Ueckeritz ist auch nicht zu verachten. Also um 4:45 Uhr am Samstag Morgen aufgestanden, die Ringbahn ins\u2026","rel":"","context":"In &quot;200er&quot;","block_context":{"text":"200er","link":"https:\/\/blog.kunstgriff.net\/?cat=48"},"img":{"alt_text":"","src":"https:\/\/i0.wp.com\/blog.kunstgriff.net\/wp-content\/uploads\/2011\/09\/Kurz-vor-der-Abfahrt-am-Sportforum-Hohensch%C3%B6nhausen.jpg?resize=350%2C200","width":350,"height":200,"srcset":"https:\/\/i0.wp.com\/blog.kunstgriff.net\/wp-content\/uploads\/2011\/09\/Kurz-vor-der-Abfahrt-am-Sportforum-Hohensch%C3%B6nhausen.jpg?resize=350%2C200 1x, https:\/\/i0.wp.com\/blog.kunstgriff.net\/wp-content\/uploads\/2011\/09\/Kurz-vor-der-Abfahrt-am-Sportforum-Hohensch%C3%B6nhausen.jpg?resize=525%2C300 1.5x, https:\/\/i0.wp.com\/blog.kunstgriff.net\/wp-content\/uploads\/2011\/09\/Kurz-vor-der-Abfahrt-am-Sportforum-Hohensch%C3%B6nhausen.jpg?resize=700%2C400 2x"},"classes":[]},{"id":12172,"url":"https:\/\/blog.kunstgriff.net\/?p=12172","url_meta":{"origin":7635,"position":3},"title":"Korsika 2014 &#8211; Tag 1","author":"Georg","date":"Oktober 8, 2014","format":false,"excerpt":"oder \u00bbUm den Daumen rum\u00ab Welche Tour am ersten Tag hier, auf der mir unbekannten Insel, fahren? Durch einen sch\u00f6nen Artikel in der Tour lie\u00df ich mich schon ein wenig inspirieren und plante dann mit der kostenlosen Garmin Software BaseCamp die Runde. Knapp 160 km und die H\u00f6henmeter waren nicht\u2026","rel":"","context":"In &quot;Radfahren&quot;","block_context":{"text":"Radfahren","link":"https:\/\/blog.kunstgriff.net\/?cat=14"},"img":{"alt_text":"","src":"https:\/\/i0.wp.com\/blog.kunstgriff.net\/wp-content\/uploads\/2014\/10\/Klasse-Wegesf%C3%BChrung.jpg?fit=1200%2C900&ssl=1&resize=350%2C200","width":350,"height":200,"srcset":"https:\/\/i0.wp.com\/blog.kunstgriff.net\/wp-content\/uploads\/2014\/10\/Klasse-Wegesf%C3%BChrung.jpg?fit=1200%2C900&ssl=1&resize=350%2C200 1x, https:\/\/i0.wp.com\/blog.kunstgriff.net\/wp-content\/uploads\/2014\/10\/Klasse-Wegesf%C3%BChrung.jpg?fit=1200%2C900&ssl=1&resize=525%2C300 1.5x, https:\/\/i0.wp.com\/blog.kunstgriff.net\/wp-content\/uploads\/2014\/10\/Klasse-Wegesf%C3%BChrung.jpg?fit=1200%2C900&ssl=1&resize=700%2C400 2x, https:\/\/i0.wp.com\/blog.kunstgriff.net\/wp-content\/uploads\/2014\/10\/Klasse-Wegesf%C3%BChrung.jpg?fit=1200%2C900&ssl=1&resize=1050%2C600 3x"},"classes":[]},{"id":7069,"url":"https:\/\/blog.kunstgriff.net\/?p=7069","url_meta":{"origin":7635,"position":4},"title":"Kleine Grenzsteintrophy &#8211; ein Versuch","author":"Georg","date":"Dezember 30, 2011","format":false,"excerpt":"oder \u00bbImmer auf dem Mauerstreifen lang\u00abIm MTB-Forum wurde f\u00fcr den 30.12. eine Tour entlang des ehemaligen Grenzstreifens, welcher West-Berlin von der DDR und der Hauptstadt der DDR trennte, angeboten. Eine f\u00fcr mich interessante Streckenf\u00fchrung die ich so noch nie gefahren bin und noch auf\u2019m Zettel hatte. 160 Kilometer rund um\u2026","rel":"","context":"In &quot;Besonderes Ereignis&quot;","block_context":{"text":"Besonderes Ereignis","link":"https:\/\/blog.kunstgriff.net\/?cat=25"},"img":{"alt_text":"","src":"","width":0,"height":0},"classes":[]},{"id":4630,"url":"https:\/\/blog.kunstgriff.net\/?p=4630","url_meta":{"origin":7635,"position":5},"title":"Viertel-vor-Zehn-Gruppe","author":"Georg","date":"Mai 21, 2011","format":false,"excerpt":"oder \u00bbDoch ein wenig ruhiger\u00abGeplant war heute mit der \u00bb10-Uhr-Gruppe\u00ab zu fahren. Daf\u00fcr wollte ich p\u00fcnktlich am Auerbachtunnel sein. Als ich dort um 9:47 Uhr eintraf, war die \u00bb\u00bc-vor-10-Gruppe\u00ab gerade mit einem Interview f\u00fcr ein RBB-Team fertig und machte sich auf den Weg die Krone hinunter. \u00dcber 20 Frauen und\u2026","rel":"","context":"In &quot;Radfahren&quot;","block_context":{"text":"Radfahren","link":"https:\/\/blog.kunstgriff.net\/?cat=14"},"img":{"alt_text":"","src":"","width":0,"height":0},"classes":[]}],"jetpack_likes_enabled":true,"jetpack_sharing_enabled":true,"_links":{"self":[{"href":"https:\/\/blog.kunstgriff.net\/index.php?rest_route=\/wp\/v2\/posts\/7635","targetHints":{"allow":["GET"]}}],"collection":[{"href":"https:\/\/blog.kunstgriff.net\/index.php?rest_route=\/wp\/v2\/posts"}],"about":[{"href":"https:\/\/blog.kunstgriff.net\/index.php?rest_route=\/wp\/v2\/types\/post"}],"author":[{"embeddable":true,"href":"https:\/\/blog.kunstgriff.net\/index.php?rest_route=\/wp\/v2\/users\/2"}],"replies":[{"embeddable":true,"href":"https:\/\/blog.kunstgriff.net\/index.php?rest_route=%2Fwp%2Fv2%2Fcomments&post=7635"}],"version-history":[{"count":0,"href":"https:\/\/blog.kunstgriff.net\/index.php?rest_route=\/wp\/v2\/posts\/7635\/revisions"}],"wp:attachment":[{"href":"https:\/\/blog.kunstgriff.net\/index.php?rest_route=%2Fwp%2Fv2%2Fmedia&parent=7635"}],"wp:term":[{"taxonomy":"category","embeddable":true,"href":"https:\/\/blog.kunstgriff.net\/index.php?rest_route=%2Fwp%2Fv2%2Fcategories&post=7635"},{"taxonomy":"post_tag","embeddable":true,"href":"https:\/\/blog.kunstgriff.net\/index.php?rest_route=%2Fwp%2Fv2%2Ftags&post=7635"}],"curies":[{"name":"wp","href":"https:\/\/api.w.org\/{rel}","templated":true}]}}