{"id":7649,"date":"2012-04-06T14:36:12","date_gmt":"2012-04-06T12:36:12","guid":{"rendered":"http:\/\/blog.kunstgriff.net\/?p=7649"},"modified":"2016-08-30T19:38:16","modified_gmt":"2016-08-30T17:38:16","slug":"tour-in-den-flaming","status":"publish","type":"post","link":"https:\/\/blog.kunstgriff.net\/?p=7649","title":{"rendered":"Tour in den Fl\u00e4ming"},"content":{"rendered":"<span class=\"span-reading-time rt-reading-time\" style=\"display: block;\"><span class=\"rt-label rt-prefix\">Lesezeit: <\/span> <span class=\"rt-time\"> 2<\/span> <span class=\"rt-label rt-postfix\">Minuten<\/span><\/span><h4>oder \u00bbKalt und gut\u00ab<\/h4>\n<hr \/>\n<p>Heute, am Karfreitag, plante die Tiri-Gang eine lange Runde in den Fl\u00e4ming. Quasi als Vorbereitung f\u00fcr den folgenden 200er am n\u00e4chsten Wochenende. Leider war mein Zeitfenster zum Radeln heute nicht gro\u00df genug f\u00fcr deren lange Runde \u00fcber den Fl\u00e4ming-Skate zu fahren, aber bis Luckenwalde wollte ich gerne mitfahren. Nicht nur um den Windschatten der Gruppe zu genie\u00dfen sondern auch, und besonders, um mit den netten Kettenbr\u00fcder und Schwestern mal wieder einen ordentlichen Schnack auf dem Rad abzuhalten.<\/p>\n<p>Bei 2,5\u00b0C ging es um kurz nach 8 aus Siemensstadt los in den S\u00fcden nach Marienfelde, wo ich p\u00fcnktlich um 9 Uhr aufschlug. Die sechs Mann und Sam waren schon abfahrbereit. Gleich ging es los auf die Piste, weiter nach S\u00fcden. Da es fast windstill war kamen wir ohne viel Anstrengung gut voran und passierten die \u00fcblichen Ortschaften. Zum Gl\u00fcck strahlte die Sonne und machte die niedrigen einstelligen Temperaturen dadurch ein wenig ertr\u00e4glicher. Meine Wintermontur war trotz Sonnenscheins die richtige Kleiderwahl.<\/p>\n<p>Bis Luckenwalde rollten wir gemeinsam, dann wollten die Jungs weiter auf den Fl\u00fcsterasphalt, den Fl\u00e4ming-Skate umrunden. Ich <del datetime=\"2012-04-06T12:09:52+00:00\">wollte<\/del> musste wieder zur\u00fcck in die Hauptstadt, denn Mutterns-Herd rief. Auch Sam musste zur\u00fcck, denn Ihre Arbeit rief und so machen wir uns zu zweit auf gen Norden. Zum Gl\u00fcck hatte ich mir die Strecke auf den <a href=\"http:\/\/www.amazon.de\/gp\/product\/B00424LN5G\/ref=as_li_ss_tl?ie=UTF8&amp;tag=gaba08-21&amp;linkCode=as2&amp;camp=1638&amp;creative=19454&amp;creativeASIN=B00424LN5G\">Garmin Edge 800<\/a><img loading=\"lazy\" decoding=\"async\" style=\"border: none !important; margin: 0px !important;\" src=\"http:\/\/www.assoc-amazon.de\/e\/ir?t=&amp;l=as2&amp;o=3&amp;a=B00424LN5G\" border=\"0\" alt=\"\" width=\"1\" height=\"1\" \/> geladen, denn die Ortschaften dort unten waren mir erstmal unbekannt.<\/p>\n<p>Im Plaudertempo ging es zur\u00fcck nach Saarmund, wo Sam rechts abbog und ich eine 7er Gruppe Rennradler etwa 500 Meter vor mir sah. Ich versuchte ran zu fahren, was mir auch nach wenigen Minuten gelang. Ich staunte nicht schlecht als ich Klaus-Henning in der F\u00fchrung ausmachte. Das ich das noch mal erlebe durfte: An Klaus-Hennings-Gruppe <del datetime=\"2012-04-06T12:09:52+00:00\">einfach so<\/del> heran fahren zu k\u00f6nnen!<\/p>\n<p>Wir plauderten und fuhren z\u00fcgig in der F\u00fchrung bis nach G\u00fcterfelde, wo mir Klaus-Henning eine gute Form attestierte. Bis zur Argentinischen Allee blieben wir zusammen, Windschatten hatte ich zwar keinen aber einen netten Plausch. Nun noch die Havelchaussee, wo ich <em>Fritze<\/em> von meinem <a href=\"http:\/\/www.bdr-radsport.de\/vereine\/baeren\/\" target=\"_blank\">R.C. Berliner B\u00e4ren<\/a> traf. Auch da ging es nach einem kleinen Plausch alleine weiter zur letzten Herausforderung des Tages: Dem Willy.<\/p>\n<p>Nach gut 140 km erreichte ich dann zufrieden meine Haust\u00fcr \u2013 Ein sch\u00f6ner Karfreitag auf dem Rad, trotz niedriger Temperaturen.<\/p>\n<p style=\"text-align: center;\"><a href=\"https:\/\/i0.wp.com\/blog.kunstgriff.net\/wp-content\/uploads\/2012\/04\/Auf-dem-Weg-nach-Luckenwalde.jpg\"><img data-recalc-dims=\"1\" loading=\"lazy\" decoding=\"async\" data-attachment-id=\"7652\" data-permalink=\"https:\/\/blog.kunstgriff.net\/?attachment_id=7652\" data-orig-file=\"https:\/\/i0.wp.com\/blog.kunstgriff.net\/wp-content\/uploads\/2012\/04\/Auf-dem-Weg-nach-Luckenwalde.jpg?fit=1000%2C750&amp;ssl=1\" data-orig-size=\"1000,750\" data-comments-opened=\"1\" data-image-meta=\"{&quot;aperture&quot;:&quot;2.8&quot;,&quot;credit&quot;:&quot;&quot;,&quot;camera&quot;:&quot;Canon DIGITAL IXUS 870 IS&quot;,&quot;caption&quot;:&quot;&quot;,&quot;created_timestamp&quot;:&quot;1333699894&quot;,&quot;copyright&quot;:&quot;&quot;,&quot;focal_length&quot;:&quot;5&quot;,&quot;iso&quot;:&quot;80&quot;,&quot;shutter_speed&quot;:&quot;0.00125&quot;,&quot;title&quot;:&quot;&quot;}\" data-image-title=\"Auf dem Weg nach Luckenwalde\" data-image-description=\"\" data-image-caption=\"\" data-large-file=\"https:\/\/i0.wp.com\/blog.kunstgriff.net\/wp-content\/uploads\/2012\/04\/Auf-dem-Weg-nach-Luckenwalde.jpg?fit=1000%2C750&amp;ssl=1\" class=\"aligncenter size-full wp-image-7652\" title=\"Auf dem Weg nach Luckenwalde\" src=\"https:\/\/i0.wp.com\/blog.kunstgriff.net\/wp-content\/uploads\/2012\/04\/Auf-dem-Weg-nach-Luckenwalde.jpg?resize=525%2C394\" alt=\"\" width=\"525\" height=\"394\" srcset=\"https:\/\/i0.wp.com\/blog.kunstgriff.net\/wp-content\/uploads\/2012\/04\/Auf-dem-Weg-nach-Luckenwalde.jpg?w=1000&amp;ssl=1 1000w, https:\/\/i0.wp.com\/blog.kunstgriff.net\/wp-content\/uploads\/2012\/04\/Auf-dem-Weg-nach-Luckenwalde.jpg?resize=300%2C225&amp;ssl=1 300w\" sizes=\"auto, (max-width: 525px) 100vw, 525px\" \/><\/a><\/p>\n<p><iframe height='405' width='590' frameborder='0' allowtransparency='true' scrolling='no' src='https:\/\/www.strava.com\/activities\/11385487\/embed\/b2cb1d088ff22d1f21a49fb7ef105017753e420f'><\/iframe><\/p>\n","protected":false},"excerpt":{"rendered":"<p>oder \u00bbKalt und gut\u00ab Heute, am Karfreitag, plante die Tiri-Gang eine lange Runde in den Fl\u00e4ming. Quasi als Vorbereitung f\u00fcr den folgenden 200er am n\u00e4chsten Wochenende. Leider war mein Zeitfenster zum Radeln heute nicht gro\u00df genug f\u00fcr deren lange Runde \u00fcber den Fl\u00e4ming-Skate zu fahren, aber bis Luckenwalde wollte ich gerne mitfahren. Nicht nur um &hellip; <\/p>\n<p class=\"link-more\"><a href=\"https:\/\/blog.kunstgriff.net\/?p=7649\" class=\"more-link\"><span class=\"screen-reader-text\">\u201eTour in den Fl\u00e4ming\u201c <\/span>weiterlesen<\/a><\/p>\n","protected":false},"author":2,"featured_media":0,"comment_status":"open","ping_status":"open","sticky":false,"template":"","format":"standard","meta":{"jetpack_post_was_ever_published":false,"_jetpack_newsletter_access":"","_jetpack_dont_email_post_to_subs":false,"_jetpack_newsletter_tier_id":0,"_jetpack_memberships_contains_paywalled_content":false,"_jetpack_memberships_contains_paid_content":false,"footnotes":""},"categories":[14,7],"tags":[],"class_list":["post-7649","post","type-post","status-publish","format-standard","hentry","category-radfahren","category-rennradfahren"],"jetpack_featured_media_url":"","jetpack_shortlink":"https:\/\/wp.me\/p8Cxe7-1Zn","jetpack-related-posts":[{"id":10700,"url":"https:\/\/blog.kunstgriff.net\/?p=10700","url_meta":{"origin":7649,"position":0},"title":"Fl\u00e4ming-Runde","author":"Georg","date":"August 10, 2013","format":false,"excerpt":"oder \u00bbMal wieder nen 200er\u00abHeute lie\u00df ich mich von einer netten Dame animieren, mal wieder vom TiRi zu starten. Wir staunten nicht schlecht \u00fcber die gro\u00dfe Zahl an motivierten RadlerInnen, die auf die nicht gerade kurze Runde, runter in den Fl\u00e4ming radeln wollten. Um kurz nach 10 ging es dann\u2026","rel":"","context":"In &quot;Rennradfahren&quot;","block_context":{"text":"Rennradfahren","link":"https:\/\/blog.kunstgriff.net\/?cat=7"},"img":{"alt_text":"","src":"","width":0,"height":0},"classes":[]},{"id":6207,"url":"https:\/\/blog.kunstgriff.net\/?p=6207","url_meta":{"origin":7649,"position":1},"title":"\u00bbEarly-bird\u00ab-Samstags-Runde","author":"Georg","date":"Oktober 8, 2011","format":false,"excerpt":"oder \u00bbZu viert zum B\u00e4cker nach Blankensee\u00abDas Tourenangebot war heute recht \u00fcberschaubar. Niels bot eine sch\u00f6ne Runde um 8.30 Uhr in den S\u00fcden, in den Landkreis Teltow-Fl\u00e4ming an. Eine Einkehr beim B\u00e4cker in Blankensee war auch vorgesehen. Genau das Richtige f\u00fcr mich an einem Herbst-Samstag-Vormittag. Um 9 Uhr traf ich\u2026","rel":"","context":"In &quot;Radfahren&quot;","block_context":{"text":"Radfahren","link":"https:\/\/blog.kunstgriff.net\/?cat=14"},"img":{"alt_text":"","src":"https:\/\/i0.wp.com\/blog.kunstgriff.net\/wp-content\/uploads\/2011\/10\/Treffpunkt-Auerbachtunnel.jpg?resize=350%2C200","width":350,"height":200,"srcset":"https:\/\/i0.wp.com\/blog.kunstgriff.net\/wp-content\/uploads\/2011\/10\/Treffpunkt-Auerbachtunnel.jpg?resize=350%2C200 1x, https:\/\/i0.wp.com\/blog.kunstgriff.net\/wp-content\/uploads\/2011\/10\/Treffpunkt-Auerbachtunnel.jpg?resize=525%2C300 1.5x, https:\/\/i0.wp.com\/blog.kunstgriff.net\/wp-content\/uploads\/2011\/10\/Treffpunkt-Auerbachtunnel.jpg?resize=700%2C400 2x"},"classes":[]},{"id":2376,"url":"https:\/\/blog.kunstgriff.net\/?p=2376","url_meta":{"origin":7649,"position":2},"title":"Nach Petkus in den Fl\u00e4ming","author":"Georg","date":"September 12, 2010","format":false,"excerpt":"oder \"Gro\u00dfe Gruppe = Gro\u00dfer Spass?\"Es sollte heute wieder so hohe Temperaturen geben wie gestern und deshalb war klar, das wieder eine lange Tour auf dem Programm stand. Heiko K. hatte schon Ende der Woche diese Tour auf der Rennradliste angeboten und viele meiner liebsten Kettenbr\u00fcder hatten zugesagt, da war\u2026","rel":"","context":"In &quot;Radfahren&quot;","block_context":{"text":"Radfahren","link":"https:\/\/blog.kunstgriff.net\/?cat=14"},"img":{"alt_text":"","src":"","width":0,"height":0},"classes":[]},{"id":8932,"url":"https:\/\/blog.kunstgriff.net\/?p=8932","url_meta":{"origin":7649,"position":3},"title":"Viertel-Vor-Zehn-Gruppe-ReReloaded","author":"Georg","date":"August 18, 2012","format":false,"excerpt":"oder \u00bbMal wieder Gruppenfahren\u00abEigentlich war heute eine lange Tour in den Fl\u00e4ming geplant. Diese musste aber, bedingt durch Nachmittagsverpflichtungen, ausfallen. Bei wolkenlosem Himmel und Temperaturen knapp unter der 30\u00b0C-Marke wollte ich aber ungern auf eine Rennradrunde in Gesellschaft verzichten. So entschloss ich mich, bei der\u00a0\u00bc-Vor-Zehn-Gruppe mitzuradeln. Lange schon, bin ich\u2026","rel":"","context":"In &quot;Radfahren&quot;","block_context":{"text":"Radfahren","link":"https:\/\/blog.kunstgriff.net\/?cat=14"},"img":{"alt_text":"","src":"https:\/\/i0.wp.com\/blog.kunstgriff.net\/wp-content\/uploads\/2012\/08\/R%C3%BCckweg-kurz-vor-G%C3%BCterfelde.jpg?fit=1000%2C750&ssl=1&resize=350%2C200","width":350,"height":200,"srcset":"https:\/\/i0.wp.com\/blog.kunstgriff.net\/wp-content\/uploads\/2012\/08\/R%C3%BCckweg-kurz-vor-G%C3%BCterfelde.jpg?fit=1000%2C750&ssl=1&resize=350%2C200 1x, https:\/\/i0.wp.com\/blog.kunstgriff.net\/wp-content\/uploads\/2012\/08\/R%C3%BCckweg-kurz-vor-G%C3%BCterfelde.jpg?fit=1000%2C750&ssl=1&resize=525%2C300 1.5x, https:\/\/i0.wp.com\/blog.kunstgriff.net\/wp-content\/uploads\/2012\/08\/R%C3%BCckweg-kurz-vor-G%C3%BCterfelde.jpg?fit=1000%2C750&ssl=1&resize=700%2C400 2x"},"classes":[]},{"id":21302,"url":"https:\/\/blog.kunstgriff.net\/?p=21302","url_meta":{"origin":7649,"position":4},"title":"Nach Petkus in den Fl\u00e4ming","author":"Georg","date":"Juni 13, 2020","format":false,"excerpt":"Ab in den S\u00fcden Oft oder meist geht es ja aus reiner Bequemlichkeit in den Westen, ins Havelland zum Sporteln. Gestern aber machte Stefan den hervorragenden Vorschlag, mal wieder in den Fl\u00e4ming zu fahren und schubste gleich einen Track auf Komoot hinterher. Ich z\u00f6gerte noch aber irgendwann am Freitag Abend\u2026","rel":"","context":"In &quot;Cake-Ride&quot;","block_context":{"text":"Cake-Ride","link":"https:\/\/blog.kunstgriff.net\/?cat=34"},"img":{"alt_text":"Fl\u00e4ming - wir kommen","src":"https:\/\/i0.wp.com\/blog.kunstgriff.net\/wp-content\/uploads\/2020\/06\/Fl%C3%A4ming-wir-kommen.jpg?fit=1200%2C800&ssl=1&resize=350%2C200","width":350,"height":200,"srcset":"https:\/\/i0.wp.com\/blog.kunstgriff.net\/wp-content\/uploads\/2020\/06\/Fl%C3%A4ming-wir-kommen.jpg?fit=1200%2C800&ssl=1&resize=350%2C200 1x, https:\/\/i0.wp.com\/blog.kunstgriff.net\/wp-content\/uploads\/2020\/06\/Fl%C3%A4ming-wir-kommen.jpg?fit=1200%2C800&ssl=1&resize=525%2C300 1.5x, https:\/\/i0.wp.com\/blog.kunstgriff.net\/wp-content\/uploads\/2020\/06\/Fl%C3%A4ming-wir-kommen.jpg?fit=1200%2C800&ssl=1&resize=700%2C400 2x, https:\/\/i0.wp.com\/blog.kunstgriff.net\/wp-content\/uploads\/2020\/06\/Fl%C3%A4ming-wir-kommen.jpg?fit=1200%2C800&ssl=1&resize=1050%2C600 3x"},"classes":[]},{"id":17775,"url":"https:\/\/blog.kunstgriff.net\/?p=17775","url_meta":{"origin":7649,"position":5},"title":"Jules 200er in den Spreewald","author":"admin","date":"Mai 6, 2018","format":false,"excerpt":"oder \u00bbLange Ausfahrt mit perfekter Gruppe & Kaiserwetter\u00ab N\u00e4chste Woche startet ja wieder die ITF und mir fehlen in 2018 die Grundlagenkilometer um 6 Tage Rennrad-fahren unbeschadet zu \u00fcberstehen. Da dachte ich mir, es k\u00f6nnte vielleicht hilfreich sein, mal einen 200er zu fahren. Da Jule gerade einen anbot und Marc\u2026","rel":"","context":"In &quot;200er&quot;","block_context":{"text":"200er","link":"https:\/\/blog.kunstgriff.net\/?cat=48"},"img":{"alt_text":"","src":"https:\/\/i0.wp.com\/blog.kunstgriff.net\/wp-content\/uploads\/2018\/05\/Am-BER-vorbei.jpg?fit=1200%2C800&ssl=1&resize=350%2C200","width":350,"height":200,"srcset":"https:\/\/i0.wp.com\/blog.kunstgriff.net\/wp-content\/uploads\/2018\/05\/Am-BER-vorbei.jpg?fit=1200%2C800&ssl=1&resize=350%2C200 1x, https:\/\/i0.wp.com\/blog.kunstgriff.net\/wp-content\/uploads\/2018\/05\/Am-BER-vorbei.jpg?fit=1200%2C800&ssl=1&resize=525%2C300 1.5x, https:\/\/i0.wp.com\/blog.kunstgriff.net\/wp-content\/uploads\/2018\/05\/Am-BER-vorbei.jpg?fit=1200%2C800&ssl=1&resize=700%2C400 2x, https:\/\/i0.wp.com\/blog.kunstgriff.net\/wp-content\/uploads\/2018\/05\/Am-BER-vorbei.jpg?fit=1200%2C800&ssl=1&resize=1050%2C600 3x"},"classes":[]}],"jetpack_likes_enabled":true,"jetpack_sharing_enabled":true,"_links":{"self":[{"href":"https:\/\/blog.kunstgriff.net\/index.php?rest_route=\/wp\/v2\/posts\/7649","targetHints":{"allow":["GET"]}}],"collection":[{"href":"https:\/\/blog.kunstgriff.net\/index.php?rest_route=\/wp\/v2\/posts"}],"about":[{"href":"https:\/\/blog.kunstgriff.net\/index.php?rest_route=\/wp\/v2\/types\/post"}],"author":[{"embeddable":true,"href":"https:\/\/blog.kunstgriff.net\/index.php?rest_route=\/wp\/v2\/users\/2"}],"replies":[{"embeddable":true,"href":"https:\/\/blog.kunstgriff.net\/index.php?rest_route=%2Fwp%2Fv2%2Fcomments&post=7649"}],"version-history":[{"count":0,"href":"https:\/\/blog.kunstgriff.net\/index.php?rest_route=\/wp\/v2\/posts\/7649\/revisions"}],"wp:attachment":[{"href":"https:\/\/blog.kunstgriff.net\/index.php?rest_route=%2Fwp%2Fv2%2Fmedia&parent=7649"}],"wp:term":[{"taxonomy":"category","embeddable":true,"href":"https:\/\/blog.kunstgriff.net\/index.php?rest_route=%2Fwp%2Fv2%2Fcategories&post=7649"},{"taxonomy":"post_tag","embeddable":true,"href":"https:\/\/blog.kunstgriff.net\/index.php?rest_route=%2Fwp%2Fv2%2Ftags&post=7649"}],"curies":[{"name":"wp","href":"https:\/\/api.w.org\/{rel}","templated":true}]}}