{"id":7668,"date":"2012-04-08T16:02:27","date_gmt":"2012-04-08T14:02:27","guid":{"rendered":"http:\/\/blog.kunstgriff.net\/?p=7668"},"modified":"2016-08-30T19:34:50","modified_gmt":"2016-08-30T17:34:50","slug":"ruhlsdorf-runde","status":"publish","type":"post","link":"https:\/\/blog.kunstgriff.net\/?p=7668","title":{"rendered":"Ruhlsdorf-Runde"},"content":{"rendered":"<span class=\"span-reading-time rt-reading-time\" style=\"display: block;\"><span class=\"rt-label rt-prefix\">Lesezeit: <\/span> <span class=\"rt-time\"> 2<\/span> <span class=\"rt-label rt-postfix\">Minuten<\/span><\/span><h4>oder \u00bbOstersonntags-Tour ohne Fr\u00fchlingsgef\u00fchle\u00ab<\/h4>\n<hr \/>\n<p>Heute war wieder, wie schon am Freitag, Treffpunkt in Marienfelde. Meine Begeisterung f\u00fcr die heutige Ausfahrt war synchron zu der Zahl auf meinem Au\u00dfenthermometer: Knapp \u00fcber Null.<\/p>\n<p>Aber was soll\u2019s: Erneut die Wintersachen angezogen und auf den Renner geschwungen. Frei nach dem Motto: <em>\u00bbWas mich nicht t\u00f6tet\u2026\u00ab<\/em> und so weiter.<\/p>\n<p>Zum Gl\u00fcck schien die Sonne und leichter Schiebewind f\u00fchrte mich nach Mariendorf, wo schon Oleg, Sam, Sascha und Christian warteten. Karsten kam auch noch hinzu und so ging es zu sechst sch\u00f6n in 2er-Reihe, raus aus der Stadt.<\/p>\n<p><a href=\"https:\/\/i0.wp.com\/blog.kunstgriff.net\/wp-content\/uploads\/2012\/04\/Kuchenpause-auf-dem-Hof-von-B%C3%A4ckerei-R%C3%B6hrig-in-Blankensee.jpg\"><img data-recalc-dims=\"1\" loading=\"lazy\" decoding=\"async\" data-attachment-id=\"7675\" data-permalink=\"https:\/\/blog.kunstgriff.net\/?attachment_id=7675\" data-orig-file=\"https:\/\/i0.wp.com\/blog.kunstgriff.net\/wp-content\/uploads\/2012\/04\/Kuchenpause-auf-dem-Hof-von-B%C3%A4ckerei-R%C3%B6hrig-in-Blankensee.jpg?fit=1000%2C750&amp;ssl=1\" data-orig-size=\"1000,750\" data-comments-opened=\"1\" data-image-meta=\"{&quot;aperture&quot;:&quot;2.8&quot;,&quot;credit&quot;:&quot;&quot;,&quot;camera&quot;:&quot;Canon DIGITAL IXUS 870 IS&quot;,&quot;caption&quot;:&quot;&quot;,&quot;created_timestamp&quot;:&quot;1333881886&quot;,&quot;copyright&quot;:&quot;&quot;,&quot;focal_length&quot;:&quot;5&quot;,&quot;iso&quot;:&quot;100&quot;,&quot;shutter_speed&quot;:&quot;0.003125&quot;,&quot;title&quot;:&quot;&quot;}\" data-image-title=\"Kuchenpause auf dem Hof von B\u00e4ckerei R\u00f6hrig in Blankensee\" data-image-description=\"\" data-image-caption=\"\" data-large-file=\"https:\/\/i0.wp.com\/blog.kunstgriff.net\/wp-content\/uploads\/2012\/04\/Kuchenpause-auf-dem-Hof-von-B%C3%A4ckerei-R%C3%B6hrig-in-Blankensee.jpg?fit=1000%2C750&amp;ssl=1\" class=\"alignleft wp-image-7675 size-medium\" style=\"border-image: initial; margin: 10px; border: 10px solid white;\" title=\"Kuchenpause auf dem Hof von B\u00e4ckerei R\u00f6hrig in Blankensee\" src=\"https:\/\/i0.wp.com\/blog.kunstgriff.net\/wp-content\/uploads\/2012\/04\/Kuchenpause-auf-dem-Hof-von-B%C3%A4ckerei-R%C3%B6hrig-in-Blankensee-300x225.jpg?resize=300%2C225\" width=\"300\" height=\"225\" srcset=\"https:\/\/i0.wp.com\/blog.kunstgriff.net\/wp-content\/uploads\/2012\/04\/Kuchenpause-auf-dem-Hof-von-B%C3%A4ckerei-R%C3%B6hrig-in-Blankensee.jpg?resize=300%2C225&amp;ssl=1 300w, https:\/\/i0.wp.com\/blog.kunstgriff.net\/wp-content\/uploads\/2012\/04\/Kuchenpause-auf-dem-Hof-von-B%C3%A4ckerei-R%C3%B6hrig-in-Blankensee.jpg?w=1000&amp;ssl=1 1000w\" sizes=\"auto, (max-width: 300px) 100vw, 300px\" \/><\/a>In Saarmund wurde entschieden heute etwas l\u00e4nger zu fahren, es schien ja die Sonne. Das es nur 4\u00b0C waren ignorierten wir einfach. Also nicht am Zauchwitzer-Kreiverkehr nach Blankensee abgebogen, sondern weiter gen S\u00fcden immer den Schildern nach Luckenwalde folgend. Wir wurden mit herrlich glattem Asphalt und fast autofreien Stra\u00dfen belohnt. Nur die K\u00e4lte machte mir heute echt zu schaffen und die tauben Finger und Zehen nervten einfach nur. Auch Sams aufheiternden Worte und empfohlenen Finger\u00fcbungen halfen nichts. Erst die <a href=\"http:\/\/maps.google.com\/maps\/place?hl=de&amp;rlz=&amp;um=1&amp;ie=UTF-8&amp;q=b%C3%A4ckerei+r%C3%B6hrig+blankensee&amp;fb=1&amp;hq=b%C3%A4ckerei+r%C3%B6hrig+blankensee&amp;cid=8480619895668489757\" target=\"_blank\">B\u00e4ckerei R\u00f6hrig<\/a> lie\u00df die Finger wieder zum leben erwecken \u2013 oder war es der hei\u00dfe Kaffee plus Bienenstich?<\/p>\n<p style=\"text-align: center;\"><a href=\"https:\/\/i0.wp.com\/blog.kunstgriff.net\/wp-content\/uploads\/2012\/04\/Wenn-es-im-Himmel-keinen-Kuchen-gibt-dann-will-ich-dort-auch-nicht-hin.jpg\"><img data-recalc-dims=\"1\" loading=\"lazy\" decoding=\"async\" data-attachment-id=\"7679\" data-permalink=\"https:\/\/blog.kunstgriff.net\/?attachment_id=7679\" data-orig-file=\"https:\/\/i0.wp.com\/blog.kunstgriff.net\/wp-content\/uploads\/2012\/04\/Wenn-es-im-Himmel-keinen-Kuchen-gibt-dann-will-ich-dort-auch-nicht-hin.jpg?fit=944%2C152&amp;ssl=1\" data-orig-size=\"944,152\" data-comments-opened=\"1\" data-image-meta=\"{&quot;aperture&quot;:&quot;0&quot;,&quot;credit&quot;:&quot;&quot;,&quot;camera&quot;:&quot;&quot;,&quot;caption&quot;:&quot;&quot;,&quot;created_timestamp&quot;:&quot;0&quot;,&quot;copyright&quot;:&quot;&quot;,&quot;focal_length&quot;:&quot;0&quot;,&quot;iso&quot;:&quot;0&quot;,&quot;shutter_speed&quot;:&quot;0&quot;,&quot;title&quot;:&quot;&quot;}\" data-image-title=\"Wenn es im Himmel keinen Kuchen gibt, dann will ich dort auch nicht hin\" data-image-description=\"\" data-image-caption=\"\" data-large-file=\"https:\/\/i0.wp.com\/blog.kunstgriff.net\/wp-content\/uploads\/2012\/04\/Wenn-es-im-Himmel-keinen-Kuchen-gibt-dann-will-ich-dort-auch-nicht-hin.jpg?fit=944%2C152&amp;ssl=1\" class=\"aligncenter size-full wp-image-7679\" title=\"Wenn es im Himmel keinen Kuchen gibt, dann will ich dort auch nicht hin\" src=\"https:\/\/i0.wp.com\/blog.kunstgriff.net\/wp-content\/uploads\/2012\/04\/Wenn-es-im-Himmel-keinen-Kuchen-gibt-dann-will-ich-dort-auch-nicht-hin.jpg?resize=490%2C79\" alt=\"\" width=\"490\" height=\"79\" srcset=\"https:\/\/i0.wp.com\/blog.kunstgriff.net\/wp-content\/uploads\/2012\/04\/Wenn-es-im-Himmel-keinen-Kuchen-gibt-dann-will-ich-dort-auch-nicht-hin.jpg?w=944&amp;ssl=1 944w, https:\/\/i0.wp.com\/blog.kunstgriff.net\/wp-content\/uploads\/2012\/04\/Wenn-es-im-Himmel-keinen-Kuchen-gibt-dann-will-ich-dort-auch-nicht-hin.jpg?resize=300%2C48&amp;ssl=1 300w\" sizes=\"auto, (max-width: 490px) 100vw, 490px\" \/><\/a><\/p>\n<p style=\"text-align: left;\">Egal, nun ging es mit besserer Laune weiter zur\u00fcck in die Hauptstadt. In Klein-Machnow trennten sich unsere Wege und ich fuhr mit Christian noch die Havelchaussee und den Willy, bevor ich mich von ihm vor meiner Haust\u00fcr verabschiedete.<\/p>\n<p style=\"text-align: left;\"><em>Fazit: <\/em>Eigentlich doch eine sch\u00f6ne Runde. Die niedrigen Temperaturen nerven aber einfach nur. Ich werde mich da wohl nie dran gew\u00f6hnen und zu Ostern h\u00e4tte ich schon gerne ein wenig mehr Fr\u00fchling. Und \u00fcberhaupt: <em>Rennradfahren ist leider geil, bei fast jedem Wetter.<\/em><\/p>\n<p><iframe height='405' width='590' frameborder='0' allowtransparency='true' scrolling='no' src='https:\/\/www.strava.com\/activities\/11385492\/embed\/99f6288a4247eacb44ea686a12d26aa3fedfa3cd'><\/iframe><\/p>\n","protected":false},"excerpt":{"rendered":"<p>oder \u00bbOstersonntags-Tour ohne Fr\u00fchlingsgef\u00fchle\u00ab Heute war wieder, wie schon am Freitag, Treffpunkt in Marienfelde. Meine Begeisterung f\u00fcr die heutige Ausfahrt war synchron zu der Zahl auf meinem Au\u00dfenthermometer: Knapp \u00fcber Null. Aber was soll\u2019s: Erneut die Wintersachen angezogen und auf den Renner geschwungen. Frei nach dem Motto: \u00bbWas mich nicht t\u00f6tet\u2026\u00ab und so weiter. Zum &hellip; <\/p>\n<p class=\"link-more\"><a href=\"https:\/\/blog.kunstgriff.net\/?p=7668\" class=\"more-link\"><span class=\"screen-reader-text\">\u201eRuhlsdorf-Runde\u201c <\/span>weiterlesen<\/a><\/p>\n","protected":false},"author":2,"featured_media":0,"comment_status":"open","ping_status":"open","sticky":false,"template":"","format":"standard","meta":{"jetpack_post_was_ever_published":false,"_jetpack_newsletter_access":"","_jetpack_dont_email_post_to_subs":false,"_jetpack_newsletter_tier_id":0,"_jetpack_memberships_contains_paywalled_content":false,"_jetpack_memberships_contains_paid_content":false,"footnotes":""},"categories":[14,7],"tags":[],"class_list":["post-7668","post","type-post","status-publish","format-standard","hentry","category-radfahren","category-rennradfahren"],"jetpack_featured_media_url":"","jetpack_shortlink":"https:\/\/wp.me\/p8Cxe7-1ZG","jetpack-related-posts":[{"id":10691,"url":"https:\/\/blog.kunstgriff.net\/?p=10691","url_meta":{"origin":7668,"position":0},"title":"Beelitz-Runde","author":"Georg","date":"August 4, 2013","format":false,"excerpt":"oder \u00bbHat ganz sch\u00f6n gesaugt!\u00abDie ganze Woche plagten mich schon Kopfschmerzen und gestern war erst um 20 Uhr Feierabend. Keine guten Voraussetzungen um heute ordentlich abzustrampeln. Trotzdem ich recht fr\u00fch auf war, dauerte es ewig bis ich mich motivieren konnte, die Flaschen zu f\u00fcllen und die Dackelschneider auf 8,5 bar\u2026","rel":"","context":"In &quot;Radfahren&quot;","block_context":{"text":"Radfahren","link":"https:\/\/blog.kunstgriff.net\/?cat=14"},"img":{"alt_text":"","src":"","width":0,"height":0},"classes":[]},{"id":12187,"url":"https:\/\/blog.kunstgriff.net\/?p=12187","url_meta":{"origin":7668,"position":1},"title":"Korsika 2014 &#8211; Tag 2","author":"Georg","date":"Oktober 10, 2014","format":false,"excerpt":"oder \u00bb\u00dcber die H\u00fcgel nach Corte\u00ab Nachdem gestern aktive Regeneration betrieben wurde, wollte heute wieder der Renner bewegt werden. Es sollte ein wenig ins Landesinnere nach Corte gehen. Dorthin hatte ich noch eine kleine Nase eingebaut, die ich aus den Tour-Tourenvorschl\u00e4gen stibitzt hatte. Erstmal musste um kurz nach 10 der\u2026","rel":"","context":"In &quot;Radfahren&quot;","block_context":{"text":"Radfahren","link":"https:\/\/blog.kunstgriff.net\/?cat=14"},"img":{"alt_text":"","src":"https:\/\/i0.wp.com\/blog.kunstgriff.net\/wp-content\/uploads\/2014\/10\/Im-Tal-liegt-Corte.jpg?fit=1200%2C900&ssl=1&resize=350%2C200","width":350,"height":200,"srcset":"https:\/\/i0.wp.com\/blog.kunstgriff.net\/wp-content\/uploads\/2014\/10\/Im-Tal-liegt-Corte.jpg?fit=1200%2C900&ssl=1&resize=350%2C200 1x, https:\/\/i0.wp.com\/blog.kunstgriff.net\/wp-content\/uploads\/2014\/10\/Im-Tal-liegt-Corte.jpg?fit=1200%2C900&ssl=1&resize=525%2C300 1.5x, https:\/\/i0.wp.com\/blog.kunstgriff.net\/wp-content\/uploads\/2014\/10\/Im-Tal-liegt-Corte.jpg?fit=1200%2C900&ssl=1&resize=700%2C400 2x, https:\/\/i0.wp.com\/blog.kunstgriff.net\/wp-content\/uploads\/2014\/10\/Im-Tal-liegt-Corte.jpg?fit=1200%2C900&ssl=1&resize=1050%2C600 3x"},"classes":[]},{"id":1279,"url":"https:\/\/blog.kunstgriff.net\/?p=1279","url_meta":{"origin":7668,"position":2},"title":"RTF \u00bbZur Schorfheide\u00ab","author":"Georg","date":"Mai 1, 2010","format":false,"excerpt":"Nach der Geburtstagsfeier von J\u00fcrgen war die Nacht relativ kurz, mir viel es aber erstaunlicherweise nicht schwer um 6:30h aufzustehen, um um 7:35h die S-Bahn nach Buch zu nehmen. F\u00fcr mein Lieblingshobby tue ich fast alles. Schon faszinierend wie mich die Vorfreude an einer Radveranstaltung teilzunehmen aus dem Bett holt!\u2026","rel":"","context":"In &quot;Garmin&quot;","block_context":{"text":"Garmin","link":"https:\/\/blog.kunstgriff.net\/?cat=35"},"img":{"alt_text":"","src":"","width":0,"height":0},"classes":[]},{"id":16648,"url":"https:\/\/blog.kunstgriff.net\/?p=16648","url_meta":{"origin":7668,"position":3},"title":"Mit der Nordgruppe ins L\u00f6wenberger Land","author":"Georg","date":"September 3, 2017","format":false,"excerpt":"\u00bbGrosse Gruppe - flotte Runde\u00ab Schon seit Freitag freute ich mich auf diese Runde, denn Sascha T. lud in den Norden. Der Track war von Alex geplant und so war eine hohe Touren-Qualit\u00e4t gewiss. Mit Marc C. fuhr ich locker zum Treffpunkt in Pankow, wo wir uns um kurz nach\u2026","rel":"","context":"In &quot;Cake-Ride&quot;","block_context":{"text":"Cake-Ride","link":"https:\/\/blog.kunstgriff.net\/?cat=34"},"img":{"alt_text":"","src":"https:\/\/i0.wp.com\/blog.kunstgriff.net\/wp-content\/uploads\/2017\/09\/Treffpunkt-AGIP-Dietzgenstrasse.jpg?fit=1200%2C800&ssl=1&resize=350%2C200","width":350,"height":200,"srcset":"https:\/\/i0.wp.com\/blog.kunstgriff.net\/wp-content\/uploads\/2017\/09\/Treffpunkt-AGIP-Dietzgenstrasse.jpg?fit=1200%2C800&ssl=1&resize=350%2C200 1x, https:\/\/i0.wp.com\/blog.kunstgriff.net\/wp-content\/uploads\/2017\/09\/Treffpunkt-AGIP-Dietzgenstrasse.jpg?fit=1200%2C800&ssl=1&resize=525%2C300 1.5x, https:\/\/i0.wp.com\/blog.kunstgriff.net\/wp-content\/uploads\/2017\/09\/Treffpunkt-AGIP-Dietzgenstrasse.jpg?fit=1200%2C800&ssl=1&resize=700%2C400 2x, https:\/\/i0.wp.com\/blog.kunstgriff.net\/wp-content\/uploads\/2017\/09\/Treffpunkt-AGIP-Dietzgenstrasse.jpg?fit=1200%2C800&ssl=1&resize=1050%2C600 3x"},"classes":[]},{"id":18118,"url":"https:\/\/blog.kunstgriff.net\/?p=18118","url_meta":{"origin":7668,"position":4},"title":"Spargel-Tour mit den Havellandriders 2018","author":"Georg","date":"Juni 10, 2018","format":false,"excerpt":"oder \u00bbTraditions-Ausflug zum Spargel-Mittagstisch\u00ab Nach der doch, retrospektiv betrachtet, recht beschwerlichen gestrigen Ostsee-Tour, war ich froh, da\u00df heute die traditionelle Spargel-Tour ausgerufen war. Wie schon in den vielen vergangenen Jahren auch, sollte recht locker im Havelland gefahren werden. Ein klassischer Group-Ride also, heute mal nicht zu Kaffee & Kuchen sondern\u2026","rel":"","context":"In &quot;Radfahren&quot;","block_context":{"text":"Radfahren","link":"https:\/\/blog.kunstgriff.net\/?cat=14"},"img":{"alt_text":"","src":"https:\/\/i0.wp.com\/blog.kunstgriff.net\/wp-content\/uploads\/2018\/06\/hinter-Nauen-nach-P%C3%A4wesin.jpg?fit=1200%2C800&ssl=1&resize=350%2C200","width":350,"height":200,"srcset":"https:\/\/i0.wp.com\/blog.kunstgriff.net\/wp-content\/uploads\/2018\/06\/hinter-Nauen-nach-P%C3%A4wesin.jpg?fit=1200%2C800&ssl=1&resize=350%2C200 1x, https:\/\/i0.wp.com\/blog.kunstgriff.net\/wp-content\/uploads\/2018\/06\/hinter-Nauen-nach-P%C3%A4wesin.jpg?fit=1200%2C800&ssl=1&resize=525%2C300 1.5x, https:\/\/i0.wp.com\/blog.kunstgriff.net\/wp-content\/uploads\/2018\/06\/hinter-Nauen-nach-P%C3%A4wesin.jpg?fit=1200%2C800&ssl=1&resize=700%2C400 2x, https:\/\/i0.wp.com\/blog.kunstgriff.net\/wp-content\/uploads\/2018\/06\/hinter-Nauen-nach-P%C3%A4wesin.jpg?fit=1200%2C800&ssl=1&resize=1050%2C600 3x"},"classes":[]},{"id":2676,"url":"https:\/\/blog.kunstgriff.net\/?p=2676","url_meta":{"origin":7668,"position":5},"title":"\u00bbNYC Marathon\u00ab um kurz nach 5","author":"Georg","date":"November 4, 2010","format":false,"excerpt":"oder \"Marathon kann ich auch fahren\"Heute morgen war ich mit Papa um 5:15 Uhr zum Laufen verabredet. Wir wollten mal wieder gemeinsam unsere Stadtrunde laufen. Ein wenig verk\u00fcrzt deshalb auch die sp\u00e4te Startzeit. Nach Blick aus dem Esszimmerfenster um 4:45 Uhr war mir klar, das Laufen heute nicht wirklich Spass\u2026","rel":"","context":"In &quot;Ergometer Training&quot;","block_context":{"text":"Ergometer Training","link":"https:\/\/blog.kunstgriff.net\/?cat=15"},"img":{"alt_text":"","src":"https:\/\/i0.wp.com\/blog.kunstgriff.net\/wp-content\/uploads\/2010\/11\/Ergo1.jpg?resize=350%2C200","width":350,"height":200},"classes":[]}],"jetpack_likes_enabled":true,"jetpack_sharing_enabled":true,"_links":{"self":[{"href":"https:\/\/blog.kunstgriff.net\/index.php?rest_route=\/wp\/v2\/posts\/7668","targetHints":{"allow":["GET"]}}],"collection":[{"href":"https:\/\/blog.kunstgriff.net\/index.php?rest_route=\/wp\/v2\/posts"}],"about":[{"href":"https:\/\/blog.kunstgriff.net\/index.php?rest_route=\/wp\/v2\/types\/post"}],"author":[{"embeddable":true,"href":"https:\/\/blog.kunstgriff.net\/index.php?rest_route=\/wp\/v2\/users\/2"}],"replies":[{"embeddable":true,"href":"https:\/\/blog.kunstgriff.net\/index.php?rest_route=%2Fwp%2Fv2%2Fcomments&post=7668"}],"version-history":[{"count":0,"href":"https:\/\/blog.kunstgriff.net\/index.php?rest_route=\/wp\/v2\/posts\/7668\/revisions"}],"wp:attachment":[{"href":"https:\/\/blog.kunstgriff.net\/index.php?rest_route=%2Fwp%2Fv2%2Fmedia&parent=7668"}],"wp:term":[{"taxonomy":"category","embeddable":true,"href":"https:\/\/blog.kunstgriff.net\/index.php?rest_route=%2Fwp%2Fv2%2Fcategories&post=7668"},{"taxonomy":"post_tag","embeddable":true,"href":"https:\/\/blog.kunstgriff.net\/index.php?rest_route=%2Fwp%2Fv2%2Ftags&post=7668"}],"curies":[{"name":"wp","href":"https:\/\/api.w.org\/{rel}","templated":true}]}}