{"id":7698,"date":"2012-04-09T17:12:45","date_gmt":"2012-04-09T15:12:45","guid":{"rendered":"http:\/\/blog.kunstgriff.net\/?p=7698"},"modified":"2018-07-14T20:19:28","modified_gmt":"2018-07-14T18:19:28","slug":"1-erweiterte-schwielowsee-runde-2012","status":"publish","type":"post","link":"https:\/\/blog.kunstgriff.net\/?p=7698","title":{"rendered":"1. Erweiterte Schwielowsee-Runde 2012"},"content":{"rendered":"<span class=\"span-reading-time rt-reading-time\" style=\"display: block;\"><span class=\"rt-label rt-prefix\">Lesezeit: <\/span> <span class=\"rt-time\"> 2<\/span> <span class=\"rt-label rt-postfix\">Minuten<\/span><\/span><h4>oder \u00bbOstermontag-Tour mit super Truppe\u00ab<\/h4>\n<hr \/>\n<p>In den letzen Tagen schloss ich mich ja den Touren von Oleg an, heute wollte ich selber wieder einen Vorschlag machen, den ich auch auf der <a href=\"http:\/\/www.rennradtraining.de\/\" target=\"_blank\" rel=\"noopener\">Rennradliste<\/a> annoncierte: Die Schwielowsee-Runde stand das erste Mal in 2012 auf dem Zettel.<\/p>\n<p>Um 11:20 Uhr fanden sich am Auerbachtunnel neun weitere Rennradbegeisterte ein, die die Runde mit mir drehen wollten. Eine hervorragende Gruppengr\u00f6\u00dfe.<\/p>\n<p>Z\u00fcgig ging es, trotz Gegenwindes, die Krone hinunter und der erste Anstieg, der Sch\u00e4ferberg, wurde gleichm\u00e4\u00dfig geb\u00fcgelt. Nachdem der nervige Ausflugsverkehr in Potsdam hinter uns gelassen war, freuten wir uns \u00fcber die recht leeren Stra\u00dfen und fast schon gr\u00fcne Natur.<\/p>\n<p>In Ferch entschieden wir, aufgrund des guten Wetters und \u00fcberhaupt, die erweiterte Runde zu fahren. Also gut 25 km dran zu h\u00e4ngen. Das hatte nicht nur den Vorteil der zus\u00e4tzlichen Trainingskilometer, sondern wir w\u00fcrden auch wieder Blankensee mit seinem B\u00e4cker R\u00f6hrig und dessen Hofcaf\u00e9 passieren.<\/p>\n<p>Der Vorschlag wurde mit 5 zu 2 und 3 Enthaltungen einstimmig angenommen und so radelten wir \u00fcber den R1-Radweg weiter durch den Wald, um \u00fcber Beelitz, Zauchwitz und Sch\u00f6nhagen, die wohlverdiente Einkehr anzusteuern.<\/p>\n<p style=\"text-align: center;\"><a href=\"https:\/\/i0.wp.com\/blog.kunstgriff.net\/wp-content\/uploads\/2012\/04\/D%C3%A9j%C3%A0-vu-beim-B%C3%A4cker-R%C3%B6hrig.jpg\"><img data-recalc-dims=\"1\" loading=\"lazy\" decoding=\"async\" data-attachment-id=\"7703\" data-permalink=\"https:\/\/blog.kunstgriff.net\/?attachment_id=7703\" data-orig-file=\"https:\/\/i0.wp.com\/blog.kunstgriff.net\/wp-content\/uploads\/2012\/04\/D%C3%A9j%C3%A0-vu-beim-B%C3%A4cker-R%C3%B6hrig.jpg?fit=1000%2C750&amp;ssl=1\" data-orig-size=\"1000,750\" data-comments-opened=\"1\" data-image-meta=\"{&quot;aperture&quot;:&quot;5.6&quot;,&quot;credit&quot;:&quot;&quot;,&quot;camera&quot;:&quot;Canon DIGITAL IXUS 870 IS&quot;,&quot;caption&quot;:&quot;&quot;,&quot;created_timestamp&quot;:&quot;1333973014&quot;,&quot;copyright&quot;:&quot;&quot;,&quot;focal_length&quot;:&quot;5&quot;,&quot;iso&quot;:&quot;80&quot;,&quot;shutter_speed&quot;:&quot;0.0025&quot;,&quot;title&quot;:&quot;&quot;}\" data-image-title=\"D\u00e9j\u00e0-vu beim B\u00e4cker R\u00f6hrig\" data-image-description=\"\" data-image-caption=\"\" data-large-file=\"https:\/\/i0.wp.com\/blog.kunstgriff.net\/wp-content\/uploads\/2012\/04\/D%C3%A9j%C3%A0-vu-beim-B%C3%A4cker-R%C3%B6hrig.jpg?fit=1000%2C750&amp;ssl=1\" class=\"aligncenter size-full wp-image-7703\" title=\"D\u00e9j\u00e0-vu beim B\u00e4cker R\u00f6hrig\" src=\"https:\/\/i0.wp.com\/blog.kunstgriff.net\/wp-content\/uploads\/2012\/04\/D%C3%A9j%C3%A0-vu-beim-B%C3%A4cker-R%C3%B6hrig.jpg?resize=525%2C394\" alt=\"\" width=\"525\" height=\"394\" srcset=\"https:\/\/i0.wp.com\/blog.kunstgriff.net\/wp-content\/uploads\/2012\/04\/D%C3%A9j%C3%A0-vu-beim-B%C3%A4cker-R%C3%B6hrig.jpg?w=1000&amp;ssl=1 1000w, https:\/\/i0.wp.com\/blog.kunstgriff.net\/wp-content\/uploads\/2012\/04\/D%C3%A9j%C3%A0-vu-beim-B%C3%A4cker-R%C3%B6hrig.jpg?resize=300%2C225&amp;ssl=1 300w\" sizes=\"auto, (max-width: 525px) 100vw, 525px\" \/><\/a><\/p>\n<p>Kaffee und Kuchen schmeckten wieder herrlich und nach kurzen Kettengespr\u00e4chen &#8211; f\u00fcr eine ausgedehnte Pause war es einfach noch zu k\u00fchl &#8211; ging es weiter mit Schiebewind nach Hause.<\/p>\n<p>Am Willy und Postfenn wurde, wie immer, ein Ausscheidungsrennen gefahren, bei dem ich mit Oleg und Stefan als erstes Trio an der Heerstrasse ankam.\u00a0Ok, am Postfenn haben sie, mir zu liebe, ein wenig raus genommen \u2013 \u00a0trotzdem freute ich mich sehr, mit <em>den Gro\u00dfen<\/em> mitfahren zu k\u00f6nnen.<\/p>\n<p>Ein herrlich frisches und langes Wochenende auf dem Rennrad geht zu Ende. Ordentlich Trainingskilometer in sehr netter Begleitung gesammelt.<em> Gef\u00e4llt mir.<\/em><\/p>\n<p><iframe loading=\"lazy\" src=\"https:\/\/www.strava.com\/activities\/11385491\/embed\/bae5ef3f9c1d3c03845a4c4cccbb42dea234db87\" width=\"590\" height=\"405\" frameborder=\"0\" scrolling=\"no\"><\/iframe><\/p>\n","protected":false},"excerpt":{"rendered":"<p>oder \u00bbOstermontag-Tour mit super Truppe\u00ab In den letzen Tagen schloss ich mich ja den Touren von Oleg an, heute wollte ich selber wieder einen Vorschlag machen, den ich auch auf der Rennradliste annoncierte: Die Schwielowsee-Runde stand das erste Mal in 2012 auf dem Zettel. Um 11:20 Uhr fanden sich am Auerbachtunnel neun weitere Rennradbegeisterte ein, &hellip; <\/p>\n<p class=\"link-more\"><a href=\"https:\/\/blog.kunstgriff.net\/?p=7698\" class=\"more-link\"><span class=\"screen-reader-text\">\u201e1. Erweiterte Schwielowsee-Runde 2012\u201c <\/span>weiterlesen<\/a><\/p>\n","protected":false},"author":2,"featured_media":7703,"comment_status":"open","ping_status":"open","sticky":false,"template":"","format":"standard","meta":{"jetpack_post_was_ever_published":false,"_jetpack_newsletter_access":"","_jetpack_dont_email_post_to_subs":false,"_jetpack_newsletter_tier_id":0,"_jetpack_memberships_contains_paywalled_content":false,"_jetpack_memberships_contains_paid_content":false,"footnotes":""},"categories":[14,7],"tags":[],"class_list":["post-7698","post","type-post","status-publish","format-standard","has-post-thumbnail","hentry","category-radfahren","category-rennradfahren"],"jetpack_featured_media_url":"https:\/\/i0.wp.com\/blog.kunstgriff.net\/wp-content\/uploads\/2012\/04\/D%C3%A9j%C3%A0-vu-beim-B%C3%A4cker-R%C3%B6hrig.jpg?fit=1000%2C750&ssl=1","jetpack_shortlink":"https:\/\/wp.me\/p8Cxe7-20a","jetpack-related-posts":[{"id":2397,"url":"https:\/\/blog.kunstgriff.net\/?p=2397","url_meta":{"origin":7698,"position":0},"title":"Schwielowsee-Feierabendrunde","author":"Georg","date":"September 15, 2010","format":false,"excerpt":"oder \"Drei Mann gegen den Wind\"Beinahe h\u00e4tte ich vergessen das heute wieder Mittwoch ist und die traditionelle Schwielowsee-Feierabendrunde ansteht. Oliver N. kam mir mit der Ank\u00fcndigung auf der Rennradliste zuvor und so trafen wir uns um 17 Uhr bei herrlich trockenem Sp\u00e4tsommerwetter an gewohnter Stelle. Leider locken, wie er selber\u2026","rel":"","context":"In &quot;Radfahren&quot;","block_context":{"text":"Radfahren","link":"https:\/\/blog.kunstgriff.net\/?cat=14"},"img":{"alt_text":"","src":"","width":0,"height":0},"classes":[]},{"id":9363,"url":"https:\/\/blog.kunstgriff.net\/?p=9363","url_meta":{"origin":7698,"position":1},"title":"Erweiterte Schwielowsee-Herbst-Runde","author":"Georg","date":"Oktober 25, 2012","format":false,"excerpt":"oder \u00bbToller Herbsttag zum Trainieren\u00abDa heute nur ein sehr kurzer Job-Trainings-Tag ist, beschloss ich den Vormittag f\u00fcr einen Rennrad-Trainings-Vormittag zu nutzen. Die Wettervorhersage prognostizierte zwar Nieselregen, aber ein Blick aus dem Fenster zeigte sogar ein paar Sonnenstrahlen. Also nix wie raus auf den Renner. Auf dem Zettel stand die Schwielowsee-Runde,\u2026","rel":"","context":"In &quot;Radfahren&quot;","block_context":{"text":"Radfahren","link":"https:\/\/blog.kunstgriff.net\/?cat=14"},"img":{"alt_text":"","src":"https:\/\/i0.wp.com\/blog.kunstgriff.net\/wp-content\/uploads\/2012\/10\/Krone-mit-viel-Laub-im-Herbst.jpg?fit=1000%2C750&ssl=1&resize=350%2C200","width":350,"height":200,"srcset":"https:\/\/i0.wp.com\/blog.kunstgriff.net\/wp-content\/uploads\/2012\/10\/Krone-mit-viel-Laub-im-Herbst.jpg?fit=1000%2C750&ssl=1&resize=350%2C200 1x, https:\/\/i0.wp.com\/blog.kunstgriff.net\/wp-content\/uploads\/2012\/10\/Krone-mit-viel-Laub-im-Herbst.jpg?fit=1000%2C750&ssl=1&resize=525%2C300 1.5x, https:\/\/i0.wp.com\/blog.kunstgriff.net\/wp-content\/uploads\/2012\/10\/Krone-mit-viel-Laub-im-Herbst.jpg?fit=1000%2C750&ssl=1&resize=700%2C400 2x"},"classes":[]},{"id":8052,"url":"https:\/\/blog.kunstgriff.net\/?p=8052","url_meta":{"origin":7698,"position":2},"title":"Erweiterte Schwielowsee-Runde am Pfingstsonntag","author":"Georg","date":"Mai 27, 2012","format":false,"excerpt":"oder \u00bbGuter Tag f\u00fcr Trittfrequenztraining\u00abDa ich heute Nacht feiern war, stand eine sp\u00e4te und ruhige Trainingsrunde auf dem Zettel. Yosh hatte das gleiche Ansinnen und so taten wir uns um 12 Uhr am Auerbachtunnel zusammen, um gemeinsam gen S\u00fcd-Westen eine lockere Trainingsrunde zu fahren. Wenig Autoverkehr aber viele Touristen waren\u2026","rel":"","context":"In &quot;Radfahren&quot;","block_context":{"text":"Radfahren","link":"https:\/\/blog.kunstgriff.net\/?cat=14"},"img":{"alt_text":"","src":"","width":0,"height":0},"classes":[]},{"id":3595,"url":"https:\/\/blog.kunstgriff.net\/?p=3595","url_meta":{"origin":7698,"position":3},"title":"R1-Beelitz-Runde","author":"Georg","date":"Februar 12, 2011","format":false,"excerpt":"oder \u00bbErste Ausfahrt 2011\u00ab F\u00fcr heute waren kalte 0\u00b0C aber Sonnenschein und Trockenheit vorhergesagt. Genau das richtige Wetter um meine erste Ausfahrt in 2011 mit meinem neuen Renner zu wagen. Diesen wollte ich ja vor S\u00fcdafrika in 25 Tagen noch ausgiebig auf der Stra\u00dfe testen. Die richtige Sattelh\u00f6he war schnell\u2026","rel":"","context":"In &quot;Garmin&quot;","block_context":{"text":"Garmin","link":"https:\/\/blog.kunstgriff.net\/?cat=35"},"img":{"alt_text":"","src":"https:\/\/i0.wp.com\/blog.kunstgriff.net\/wp-content\/uploads\/2011\/02\/4ManGroup.jpg?fit=720%2C537&ssl=1&resize=350%2C200","width":350,"height":200,"srcset":"https:\/\/i0.wp.com\/blog.kunstgriff.net\/wp-content\/uploads\/2011\/02\/4ManGroup.jpg?fit=720%2C537&ssl=1&resize=350%2C200 1x, https:\/\/i0.wp.com\/blog.kunstgriff.net\/wp-content\/uploads\/2011\/02\/4ManGroup.jpg?fit=720%2C537&ssl=1&resize=525%2C300 1.5x, https:\/\/i0.wp.com\/blog.kunstgriff.net\/wp-content\/uploads\/2011\/02\/4ManGroup.jpg?fit=720%2C537&ssl=1&resize=700%2C400 2x"},"classes":[]},{"id":20203,"url":"https:\/\/blog.kunstgriff.net\/?p=20203","url_meta":{"origin":7698,"position":4},"title":"Schwielowsee- &#038; Beelitz-Runde #2","author":"Georg","date":"Oktober 26, 2019","format":false,"excerpt":"Mit Manne und dem Wind Am Vorabend las ich recht sp\u00e4t, da\u00df Manne eine Tour nach S\u00fcden geplant hatte. Genau mein Ding f\u00fcr den heutigen, recht warmen Samstag. Also trafen wir uns Gatower-\/Ecke Heerstrasse und es ging zu zweit raus aus der Stadt. Manne zog ganz sch\u00f6n an der Kette,\u2026","rel":"","context":"In &quot;Cake-Ride&quot;","block_context":{"text":"Cake-Ride","link":"https:\/\/blog.kunstgriff.net\/?cat=34"},"img":{"alt_text":"Hinter Golm","src":"https:\/\/i0.wp.com\/blog.kunstgriff.net\/wp-content\/uploads\/2019\/10\/Hinter-Golm.jpg?fit=1200%2C800&ssl=1&resize=350%2C200","width":350,"height":200,"srcset":"https:\/\/i0.wp.com\/blog.kunstgriff.net\/wp-content\/uploads\/2019\/10\/Hinter-Golm.jpg?fit=1200%2C800&ssl=1&resize=350%2C200 1x, https:\/\/i0.wp.com\/blog.kunstgriff.net\/wp-content\/uploads\/2019\/10\/Hinter-Golm.jpg?fit=1200%2C800&ssl=1&resize=525%2C300 1.5x, https:\/\/i0.wp.com\/blog.kunstgriff.net\/wp-content\/uploads\/2019\/10\/Hinter-Golm.jpg?fit=1200%2C800&ssl=1&resize=700%2C400 2x, https:\/\/i0.wp.com\/blog.kunstgriff.net\/wp-content\/uploads\/2019\/10\/Hinter-Golm.jpg?fit=1200%2C800&ssl=1&resize=1050%2C600 3x"},"classes":[]},{"id":5913,"url":"https:\/\/blog.kunstgriff.net\/?p=5913","url_meta":{"origin":7698,"position":5},"title":"Erweiterte Schwielowsee-Feierabendrunde","author":"Georg","date":"September 14, 2011","format":false,"excerpt":"oder \u00bbKein Tag f\u00fcr Bestzeiten\u00abRichtig Lust zum Radfahren hatte ich heute eigentlich nicht. Zerstreuung konnte ich trotzdem gut gebrauchen und so schwang ich mich auf meinen Renner um ein wenig abzuschalten. Heute etwas l\u00e4nger als gestern, den Schwielowsee mal wieder erkunden. Nicht das ich dort in letzter Zeit selten gewesen\u2026","rel":"","context":"In &quot;Radfahren&quot;","block_context":{"text":"Radfahren","link":"https:\/\/blog.kunstgriff.net\/?cat=14"},"img":{"alt_text":"","src":"https:\/\/i0.wp.com\/blog.kunstgriff.net\/wp-content\/uploads\/2011\/09\/Westwind.png?resize=350%2C200","width":350,"height":200},"classes":[]}],"jetpack_likes_enabled":true,"jetpack_sharing_enabled":true,"_links":{"self":[{"href":"https:\/\/blog.kunstgriff.net\/index.php?rest_route=\/wp\/v2\/posts\/7698","targetHints":{"allow":["GET"]}}],"collection":[{"href":"https:\/\/blog.kunstgriff.net\/index.php?rest_route=\/wp\/v2\/posts"}],"about":[{"href":"https:\/\/blog.kunstgriff.net\/index.php?rest_route=\/wp\/v2\/types\/post"}],"author":[{"embeddable":true,"href":"https:\/\/blog.kunstgriff.net\/index.php?rest_route=\/wp\/v2\/users\/2"}],"replies":[{"embeddable":true,"href":"https:\/\/blog.kunstgriff.net\/index.php?rest_route=%2Fwp%2Fv2%2Fcomments&post=7698"}],"version-history":[{"count":0,"href":"https:\/\/blog.kunstgriff.net\/index.php?rest_route=\/wp\/v2\/posts\/7698\/revisions"}],"wp:featuredmedia":[{"embeddable":true,"href":"https:\/\/blog.kunstgriff.net\/index.php?rest_route=\/wp\/v2\/media\/7703"}],"wp:attachment":[{"href":"https:\/\/blog.kunstgriff.net\/index.php?rest_route=%2Fwp%2Fv2%2Fmedia&parent=7698"}],"wp:term":[{"taxonomy":"category","embeddable":true,"href":"https:\/\/blog.kunstgriff.net\/index.php?rest_route=%2Fwp%2Fv2%2Fcategories&post=7698"},{"taxonomy":"post_tag","embeddable":true,"href":"https:\/\/blog.kunstgriff.net\/index.php?rest_route=%2Fwp%2Fv2%2Ftags&post=7698"}],"curies":[{"name":"wp","href":"https:\/\/api.w.org\/{rel}","templated":true}]}}