{"id":7790,"date":"2012-04-27T07:08:37","date_gmt":"2012-04-27T05:08:37","guid":{"rendered":"http:\/\/blog.kunstgriff.net\/?p=7790"},"modified":"2016-08-30T19:11:09","modified_gmt":"2016-08-30T17:11:09","slug":"city-morgenlauf-v6","status":"publish","type":"post","link":"https:\/\/blog.kunstgriff.net\/?p=7790","title":{"rendered":"City-Morgenlauf v6"},"content":{"rendered":"<span class=\"span-reading-time rt-reading-time\" style=\"display: block;\"><span class=\"rt-label rt-prefix\">Lesezeit: <\/span> <span class=\"rt-time\"> &lt; 1<\/span> <span class=\"rt-label rt-postfix\">Minute<\/span><\/span><h4>oder \u00bbGanz sch\u00f6n warm hier!\u00ab<\/h4>\n<hr \/>\n<p>Die Freude war beim Blick auf den Thermometer um 4:15 Uhr gro\u00df: 15\u00b0C. Da konnte ich heute endlich mal in \u00be-Hosen laufen!<\/p>\n<p>Auch Papa war mit eben solchen am Start und es ging locker los. Nie man ich au\u00dfer Puste und dank tiefgreifender Gespr\u00e4che wurde es auf unserer Stamm-Runde auch nie wirklich langweilig. In der n\u00e4chsten Wochen wollen wir dann mal wieder die etwas l\u00e4ngere <em>Kanzlerinnen-Runde<\/em> wagen. Wir werden sehen! Jetzt dann aber endlich mal wieder auf den Renner!<\/p>\n<p><iframe loading=\"lazy\" src=\"https:\/\/www.strava.com\/activities\/694515764\/embed\/524c33040590f63c5f468679ac9a9e1724c927e7\" width=\"590\" height=\"405\" frameborder=\"0\" scrolling=\"no\"><\/iframe><\/p>\n","protected":false},"excerpt":{"rendered":"<p>oder \u00bbGanz sch\u00f6n warm hier!\u00ab Die Freude war beim Blick auf den Thermometer um 4:15 Uhr gro\u00df: 15\u00b0C. Da konnte ich heute endlich mal in \u00be-Hosen laufen! Auch Papa war mit eben solchen am Start und es ging locker los. Nie man ich au\u00dfer Puste und dank tiefgreifender Gespr\u00e4che wurde es auf unserer Stamm-Runde auch &hellip; <\/p>\n<p class=\"link-more\"><a href=\"https:\/\/blog.kunstgriff.net\/?p=7790\" class=\"more-link\"><span class=\"screen-reader-text\">\u201eCity-Morgenlauf v6\u201c <\/span>weiterlesen<\/a><\/p>\n","protected":false},"author":2,"featured_media":0,"comment_status":"open","ping_status":"open","sticky":false,"template":"","format":"standard","meta":{"jetpack_post_was_ever_published":false,"_jetpack_newsletter_access":"","_jetpack_dont_email_post_to_subs":false,"_jetpack_newsletter_tier_id":0,"_jetpack_memberships_contains_paywalled_content":false,"_jetpack_memberships_contains_paid_content":false,"footnotes":""},"categories":[16,10],"tags":[],"class_list":["post-7790","post","type-post","status-publish","format-standard","hentry","category-fruhsport","category-laufen"],"jetpack_featured_media_url":"","jetpack_shortlink":"https:\/\/wp.me\/p8Cxe7-21E","jetpack-related-posts":[{"id":11085,"url":"https:\/\/blog.kunstgriff.net\/?p=11085","url_meta":{"origin":7790,"position":0},"title":"3-Seen-Runde","author":"Georg","date":"November 17, 2013","format":false,"excerpt":"oder \u00bbEndlich wieder Laufen!\u00abGestern erreichte mich der Anruf von Papa, dass er unbedingt wieder mit mir Laufen wollte. Nach der \u00fcber zweiw\u00f6chigen Laufpause war das auch wirklich mal wieder n\u00f6tig. Am Wochenende passt die 3-Seen-Runde ja immer hervorragend und so holte ich ihn um 7:30 Uhr ab, um uns gemeinsam\u2026","rel":"","context":"In &quot;Fr\u00fchsport&quot;","block_context":{"text":"Fr\u00fchsport","link":"https:\/\/blog.kunstgriff.net\/?cat=16"},"img":{"alt_text":"","src":"","width":0,"height":0},"classes":[]},{"id":22242,"url":"https:\/\/blog.kunstgriff.net\/?p=22242","url_meta":{"origin":7790,"position":1},"title":"Fehrbellin-Runde #1","author":"Georg","date":"Juni 6, 2021","format":false,"excerpt":"Sonntags-Radler-Konditor-Quartett Nachdem es gestern mit den Jungs auf eine eher gem\u00fctlich 50-km-Biergarten-Radtour ging, sollte heute mal wieder \u00bbgesportelt\u00ab werden. In Fehrbellin waren wir ich schon lange nicht mehr: Also flux ne Runde ausgerufen! Sch\u00f6n \u00fcberschaubar zu viert ging es bei Temperaturen jenseits der 20\u00b0C ab Tegel aus der Stadt. Bekannte\u2026","rel":"","context":"In &quot;Cake-Ride&quot;","block_context":{"text":"Cake-Ride","link":"https:\/\/blog.kunstgriff.net\/?cat=34"},"img":{"alt_text":"Cooles Quartett","src":"https:\/\/i0.wp.com\/blog.kunstgriff.net\/wp-content\/uploads\/2021\/06\/Cooles-Quartett.jpg?fit=1200%2C800&ssl=1&resize=350%2C200","width":350,"height":200,"srcset":"https:\/\/i0.wp.com\/blog.kunstgriff.net\/wp-content\/uploads\/2021\/06\/Cooles-Quartett.jpg?fit=1200%2C800&ssl=1&resize=350%2C200 1x, https:\/\/i0.wp.com\/blog.kunstgriff.net\/wp-content\/uploads\/2021\/06\/Cooles-Quartett.jpg?fit=1200%2C800&ssl=1&resize=525%2C300 1.5x, https:\/\/i0.wp.com\/blog.kunstgriff.net\/wp-content\/uploads\/2021\/06\/Cooles-Quartett.jpg?fit=1200%2C800&ssl=1&resize=700%2C400 2x, https:\/\/i0.wp.com\/blog.kunstgriff.net\/wp-content\/uploads\/2021\/06\/Cooles-Quartett.jpg?fit=1200%2C800&ssl=1&resize=1050%2C600 3x"},"classes":[]},{"id":10987,"url":"https:\/\/blog.kunstgriff.net\/?p=10987","url_meta":{"origin":7790,"position":2},"title":"3-Seen-Runde","author":"Georg","date":"Oktober 26, 2013","format":false,"excerpt":"oder \u00bbSamstag-Morgen-Lauf\u00abEigentlich war heute eine Runde auf meinem Renner geplant. Aber der Blick aufs Regenradar lie\u00df mich umdisponieren. Zwischen den beiden Regenb\u00e4ndern, war ein Spot frei, der f\u00fcr eine ausgiebige Laufrunde um unserer 3 Seen reichen w\u00fcrde. Gedacht - getan - Papa war auch erfreut, dass der Regen nachlie\u00df und\u2026","rel":"","context":"In &quot;Laufen&quot;","block_context":{"text":"Laufen","link":"https:\/\/blog.kunstgriff.net\/?cat=10"},"img":{"alt_text":"Regenband","src":"https:\/\/i0.wp.com\/blog.kunstgriff.net\/wp-content\/uploads\/2013\/10\/Regenband-268x300.png?resize=350%2C200","width":350,"height":200},"classes":[]},{"id":3382,"url":"https:\/\/blog.kunstgriff.net\/?p=3382","url_meta":{"origin":7790,"position":3},"title":"Schmargendorfer-Morgenlauf mit Papa #3","author":"Georg","date":"Januar 18, 2011","format":false,"excerpt":"oder \u00bbFoot Pod Racer\u00abWie auch schon an den beiden vergangenen Dienstagen stand heute wieder eine Schmargendorf-Runde auf dem Programm. Heute wollte ein neuer kleiner schwarzer Begleiter mit auf die Runde gehen: Der Garmin Laufsensor \u00bbFoot pod\u00ab. Dieses kleine schwarze K\u00e4stchen wird, wie auf dem Bild unten zu sehen ist, unter\u2026","rel":"","context":"In &quot;Fr\u00fchsport&quot;","block_context":{"text":"Fr\u00fchsport","link":"https:\/\/blog.kunstgriff.net\/?cat=16"},"img":{"alt_text":"","src":"https:\/\/i0.wp.com\/blog.kunstgriff.net\/wp-content\/uploads\/2011\/01\/FoodPod.jpg?fit=550%2C410&ssl=1&resize=350%2C200","width":350,"height":200,"srcset":"https:\/\/i0.wp.com\/blog.kunstgriff.net\/wp-content\/uploads\/2011\/01\/FoodPod.jpg?fit=550%2C410&ssl=1&resize=350%2C200 1x, https:\/\/i0.wp.com\/blog.kunstgriff.net\/wp-content\/uploads\/2011\/01\/FoodPod.jpg?fit=550%2C410&ssl=1&resize=525%2C300 1.5x"},"classes":[]},{"id":6333,"url":"https:\/\/blog.kunstgriff.net\/?p=6333","url_meta":{"origin":7790,"position":4},"title":"Linden Leaves Light Run 2011","author":"Georg","date":"Oktober 21, 2011","format":false,"excerpt":"oder \u00bbMein erstes Lauf-Event in diesem Jahr\u00ab [gcmap act=\"123097407\" class=\"alignright\"]Vor zwei Wochen entschieden Ralph, Yvonne und ich im Biergarten am Schleusenkrug, das wir doch beim Linden Leaves Light Run mitmachen sollten; einem Nachtlauf durch die illuminierte City-West. Den Ku-Damm 1x hoch und runter f\u00fcr die 5-km-Strecke und 2x f\u00fcr die\u2026","rel":"","context":"In &quot;Laufen&quot;","block_context":{"text":"Laufen","link":"https:\/\/blog.kunstgriff.net\/?cat=10"},"img":{"alt_text":"","src":"https:\/\/i0.wp.com\/blog.kunstgriff.net\/wp-content\/uploads\/2011\/10\/On-the-run.jpg?fit=900%2C675&ssl=1&resize=350%2C200","width":350,"height":200,"srcset":"https:\/\/i0.wp.com\/blog.kunstgriff.net\/wp-content\/uploads\/2011\/10\/On-the-run.jpg?fit=900%2C675&ssl=1&resize=350%2C200 1x, https:\/\/i0.wp.com\/blog.kunstgriff.net\/wp-content\/uploads\/2011\/10\/On-the-run.jpg?fit=900%2C675&ssl=1&resize=525%2C300 1.5x, https:\/\/i0.wp.com\/blog.kunstgriff.net\/wp-content\/uploads\/2011\/10\/On-the-run.jpg?fit=900%2C675&ssl=1&resize=700%2C400 2x"},"classes":[]},{"id":15360,"url":"https:\/\/blog.kunstgriff.net\/?p=15360","url_meta":{"origin":7790,"position":5},"title":"Henickendorf-Runde mit den Tiris","author":"Georg","date":"April 1, 2017","format":false,"excerpt":"\u00bbEs lief schon mal besser\u2026\u00ab So einige Rennrad-Winter liegen ja nun schon hinter mir, aber so schlecht, wie in 2017 bin ich noch nie in die Saison gekommen. Nun haben wir schon April und ich bin noch weit davon entfernt, mit den \u00bbGrossen\u00ab ordentlich mit zu fahren. Zum Gl\u00fcck ist\u2026","rel":"","context":"In &quot;Cake-Ride&quot;","block_context":{"text":"Cake-Ride","link":"https:\/\/blog.kunstgriff.net\/?cat=34"},"img":{"alt_text":"","src":"https:\/\/i0.wp.com\/blog.kunstgriff.net\/wp-content\/uploads\/2017\/04\/Gleich-stoppt-uns-die-Rennleitung.jpg?fit=1200%2C800&ssl=1&resize=350%2C200","width":350,"height":200,"srcset":"https:\/\/i0.wp.com\/blog.kunstgriff.net\/wp-content\/uploads\/2017\/04\/Gleich-stoppt-uns-die-Rennleitung.jpg?fit=1200%2C800&ssl=1&resize=350%2C200 1x, https:\/\/i0.wp.com\/blog.kunstgriff.net\/wp-content\/uploads\/2017\/04\/Gleich-stoppt-uns-die-Rennleitung.jpg?fit=1200%2C800&ssl=1&resize=525%2C300 1.5x, https:\/\/i0.wp.com\/blog.kunstgriff.net\/wp-content\/uploads\/2017\/04\/Gleich-stoppt-uns-die-Rennleitung.jpg?fit=1200%2C800&ssl=1&resize=700%2C400 2x, https:\/\/i0.wp.com\/blog.kunstgriff.net\/wp-content\/uploads\/2017\/04\/Gleich-stoppt-uns-die-Rennleitung.jpg?fit=1200%2C800&ssl=1&resize=1050%2C600 3x"},"classes":[]}],"jetpack_likes_enabled":true,"jetpack_sharing_enabled":true,"_links":{"self":[{"href":"https:\/\/blog.kunstgriff.net\/index.php?rest_route=\/wp\/v2\/posts\/7790","targetHints":{"allow":["GET"]}}],"collection":[{"href":"https:\/\/blog.kunstgriff.net\/index.php?rest_route=\/wp\/v2\/posts"}],"about":[{"href":"https:\/\/blog.kunstgriff.net\/index.php?rest_route=\/wp\/v2\/types\/post"}],"author":[{"embeddable":true,"href":"https:\/\/blog.kunstgriff.net\/index.php?rest_route=\/wp\/v2\/users\/2"}],"replies":[{"embeddable":true,"href":"https:\/\/blog.kunstgriff.net\/index.php?rest_route=%2Fwp%2Fv2%2Fcomments&post=7790"}],"version-history":[{"count":0,"href":"https:\/\/blog.kunstgriff.net\/index.php?rest_route=\/wp\/v2\/posts\/7790\/revisions"}],"wp:attachment":[{"href":"https:\/\/blog.kunstgriff.net\/index.php?rest_route=%2Fwp%2Fv2%2Fmedia&parent=7790"}],"wp:term":[{"taxonomy":"category","embeddable":true,"href":"https:\/\/blog.kunstgriff.net\/index.php?rest_route=%2Fwp%2Fv2%2Fcategories&post=7790"},{"taxonomy":"post_tag","embeddable":true,"href":"https:\/\/blog.kunstgriff.net\/index.php?rest_route=%2Fwp%2Fv2%2Ftags&post=7790"}],"curies":[{"name":"wp","href":"https:\/\/api.w.org\/{rel}","templated":true}]}}