{"id":7870,"date":"2012-05-12T21:40:38","date_gmt":"2012-05-12T19:40:38","guid":{"rendered":"http:\/\/blog.kunstgriff.net\/?p=7870"},"modified":"2016-08-30T18:46:59","modified_gmt":"2016-08-30T16:46:59","slug":"oranienburg-usedom-2012","status":"publish","type":"post","link":"https:\/\/blog.kunstgriff.net\/?p=7870","title":{"rendered":"Oranienburg- > Usedom 2012"},"content":{"rendered":"<span class=\"span-reading-time rt-reading-time\" style=\"display: block;\"><span class=\"rt-label rt-prefix\">Lesezeit: <\/span> <span class=\"rt-time\"> 3<\/span> <span class=\"rt-label rt-postfix\">Minuten<\/span><\/span><h4>oder \u00bb11 gegen den Wind\u00ab<\/h4>\n<hr \/>\n<p>Eine Woche nicht auf dem Rad zu sitzen, ist sicher nicht die richtige Vorbereitung f\u00fcr das Vorhaben <em>Usedom Fr\u00fchjahr 2012<\/em>, und so machte ich mich mit einem mulmigen Gef\u00fchl um 5 Uhr auf den Weg nach Oranienburg.<\/p>\n<p>Fast alle Kettenbr\u00fcder waren im RegionalExpress zum Start, als ich in Gesundbrunnen zustieg. Die Stimmung war gut und ausgelassen, denn Regen war wohl heute nicht zu erwarten, nur der <del datetime=\"2012-05-12T18:37:21+00:00\">orkanartige<\/del> starke Westwind bereitete uns Kopfzerbrechen.<\/p>\n<p>Als Oleg mit der S-Bahn eintraf ereilte uns die erste Hiobsbotschaft: Sein Schaltzug war in der S-Bahn gerissen und er konnte die Fahrt mit uns an die K\u00fcste schon gleich ab Start abhacken. Sehr sehr schade.<\/p>\n<p><a href=\"https:\/\/i0.wp.com\/blog.kunstgriff.net\/wp-content\/uploads\/2012\/05\/Kurz-vor-der-Abfahrt-in-Oranienburg.jpg\"><img data-recalc-dims=\"1\" loading=\"lazy\" decoding=\"async\" data-attachment-id=\"7879\" data-permalink=\"https:\/\/blog.kunstgriff.net\/?attachment_id=7879\" data-orig-file=\"https:\/\/i0.wp.com\/blog.kunstgriff.net\/wp-content\/uploads\/2012\/05\/Kurz-vor-der-Abfahrt-in-Oranienburg.jpg?fit=1000%2C750&amp;ssl=1\" data-orig-size=\"1000,750\" data-comments-opened=\"1\" data-image-meta=\"{&quot;aperture&quot;:&quot;2.8&quot;,&quot;credit&quot;:&quot;&quot;,&quot;camera&quot;:&quot;Canon DIGITAL IXUS 870 IS&quot;,&quot;caption&quot;:&quot;&quot;,&quot;created_timestamp&quot;:&quot;1336796367&quot;,&quot;copyright&quot;:&quot;&quot;,&quot;focal_length&quot;:&quot;5&quot;,&quot;iso&quot;:&quot;125&quot;,&quot;shutter_speed&quot;:&quot;0.00625&quot;,&quot;title&quot;:&quot;&quot;}\" data-image-title=\"Kurz vor der Abfahrt in Oranienburg\" data-image-description=\"\" data-image-caption=\"\" data-large-file=\"https:\/\/i0.wp.com\/blog.kunstgriff.net\/wp-content\/uploads\/2012\/05\/Kurz-vor-der-Abfahrt-in-Oranienburg.jpg?fit=1000%2C750&amp;ssl=1\" class=\"alignleft wp-image-7879 size-medium\" style=\"border-image: initial; margin: 10px; border: 10px solid white;\" title=\"Kurz vor der Abfahrt in Oranienburg\" src=\"https:\/\/i0.wp.com\/blog.kunstgriff.net\/wp-content\/uploads\/2012\/05\/Kurz-vor-der-Abfahrt-in-Oranienburg-300x225.jpg?resize=300%2C225\" width=\"300\" height=\"225\" srcset=\"https:\/\/i0.wp.com\/blog.kunstgriff.net\/wp-content\/uploads\/2012\/05\/Kurz-vor-der-Abfahrt-in-Oranienburg.jpg?resize=300%2C225&amp;ssl=1 300w, https:\/\/i0.wp.com\/blog.kunstgriff.net\/wp-content\/uploads\/2012\/05\/Kurz-vor-der-Abfahrt-in-Oranienburg.jpg?w=1000&amp;ssl=1 1000w\" sizes=\"auto, (max-width: 300px) 100vw, 300px\" \/><\/a>Um 6:16 Uhr ging es dann los, erstmal gen Osten mit ordentlich Schiebewind. Als wir dann aber Links nach Zehlendorf abbogen und den Weg nach Norden einschlugen, merkten wir was uns heute bevorstand: Starker Wind blies nun von Links und erschwerte das Vorankommen stark, denn in den hinteren Reihen in welchen man normalerweise windgesch\u00fctzt pedallieren kann, wurde man heute ordentlich aufgemischt und der Wind zerrte \u00fcberall in der Gruppe am Lenker.<\/p>\n<p><a href=\"https:\/\/i0.wp.com\/blog.kunstgriff.net\/wp-content\/uploads\/2012\/05\/hinter-Liebenwalde-mit-Sonnenschein.jpg\"><img data-recalc-dims=\"1\" loading=\"lazy\" decoding=\"async\" data-attachment-id=\"7877\" data-permalink=\"https:\/\/blog.kunstgriff.net\/?attachment_id=7877\" data-orig-file=\"https:\/\/i0.wp.com\/blog.kunstgriff.net\/wp-content\/uploads\/2012\/05\/hinter-Liebenwalde-mit-Sonnenschein.jpg?fit=1000%2C750&amp;ssl=1\" data-orig-size=\"1000,750\" data-comments-opened=\"1\" data-image-meta=\"{&quot;aperture&quot;:&quot;2.8&quot;,&quot;credit&quot;:&quot;&quot;,&quot;camera&quot;:&quot;Canon DIGITAL IXUS 870 IS&quot;,&quot;caption&quot;:&quot;&quot;,&quot;created_timestamp&quot;:&quot;1336799964&quot;,&quot;copyright&quot;:&quot;&quot;,&quot;focal_length&quot;:&quot;5&quot;,&quot;iso&quot;:&quot;80&quot;,&quot;shutter_speed&quot;:&quot;0.0015625&quot;,&quot;title&quot;:&quot;&quot;}\" data-image-title=\"hinter Liebenwalde mit Sonnenschein\" data-image-description=\"\" data-image-caption=\"\" data-large-file=\"https:\/\/i0.wp.com\/blog.kunstgriff.net\/wp-content\/uploads\/2012\/05\/hinter-Liebenwalde-mit-Sonnenschein.jpg?fit=1000%2C750&amp;ssl=1\" class=\"alignright wp-image-7877 size-medium\" style=\"border-image: initial; margin: 10px; border: 10px solid white;\" title=\"hinter Liebenwalde mit Sonnenschein\" src=\"https:\/\/i0.wp.com\/blog.kunstgriff.net\/wp-content\/uploads\/2012\/05\/hinter-Liebenwalde-mit-Sonnenschein-300x225.jpg?resize=300%2C225\" width=\"300\" height=\"225\" srcset=\"https:\/\/i0.wp.com\/blog.kunstgriff.net\/wp-content\/uploads\/2012\/05\/hinter-Liebenwalde-mit-Sonnenschein.jpg?resize=300%2C225&amp;ssl=1 300w, https:\/\/i0.wp.com\/blog.kunstgriff.net\/wp-content\/uploads\/2012\/05\/hinter-Liebenwalde-mit-Sonnenschein.jpg?w=1000&amp;ssl=1 1000w\" sizes=\"auto, (max-width: 300px) 100vw, 300px\" \/><\/a>Dann der n\u00e4chste Defekt: Florian zerbrach sein Flaschenhalter, was nach wenigen Minuten Zwangspause allerdings behoben werden konnte. Ganz im Gegensatz zu der gebrochenen Schraube an Armins Vorbau, der ihn nur wenige Kilometer sp\u00e4ter zur Aufgabe der Fahrt zwang. Bitter, denn in dem Ort Zehdenick war nicht einmal ein Bahnhof und so musste er sich von dort abholen lassen.<\/p>\n<p>Jetzt waren wir nur noch zu Elft, die sich dem Wind stellten. Auf der einen Seite konnten wir das Tempo recht hoch halten auf der anderen Seite sank die gute Laune nicht nur in den hinteren Reihen, denn energiesparenden Windschatten gab es eigentlich fast nie und so war Erholung vom F\u00fchrung-Fahren nicht wirklich m\u00f6glich.<\/p>\n<p><a href=\"https:\/\/i0.wp.com\/blog.kunstgriff.net\/wp-content\/uploads\/2012\/05\/Baustellen-Ampel-Zwangspause-in-Feldberg.jpg\"><img data-recalc-dims=\"1\" loading=\"lazy\" decoding=\"async\" data-attachment-id=\"7876\" data-permalink=\"https:\/\/blog.kunstgriff.net\/?attachment_id=7876\" data-orig-file=\"https:\/\/i0.wp.com\/blog.kunstgriff.net\/wp-content\/uploads\/2012\/05\/Baustellen-Ampel-Zwangspause-in-Feldberg.jpg?fit=1000%2C750&amp;ssl=1\" data-orig-size=\"1000,750\" data-comments-opened=\"1\" data-image-meta=\"{&quot;aperture&quot;:&quot;2.8&quot;,&quot;credit&quot;:&quot;&quot;,&quot;camera&quot;:&quot;Canon DIGITAL IXUS 870 IS&quot;,&quot;caption&quot;:&quot;&quot;,&quot;created_timestamp&quot;:&quot;1336808037&quot;,&quot;copyright&quot;:&quot;&quot;,&quot;focal_length&quot;:&quot;5&quot;,&quot;iso&quot;:&quot;125&quot;,&quot;shutter_speed&quot;:&quot;0.003125&quot;,&quot;title&quot;:&quot;&quot;}\" data-image-title=\"Baustellen-Ampel Zwangspause in Feldberg\" data-image-description=\"\" data-image-caption=\"\" data-large-file=\"https:\/\/i0.wp.com\/blog.kunstgriff.net\/wp-content\/uploads\/2012\/05\/Baustellen-Ampel-Zwangspause-in-Feldberg.jpg?fit=1000%2C750&amp;ssl=1\" class=\"alignleft wp-image-7876 size-medium\" style=\"border-image: initial; margin: 10px; border: 10px solid white;\" title=\"Baustellen-Ampel Zwangspause in Feldberg\" src=\"https:\/\/i0.wp.com\/blog.kunstgriff.net\/wp-content\/uploads\/2012\/05\/Baustellen-Ampel-Zwangspause-in-Feldberg-300x225.jpg?resize=300%2C225\" width=\"300\" height=\"225\" srcset=\"https:\/\/i0.wp.com\/blog.kunstgriff.net\/wp-content\/uploads\/2012\/05\/Baustellen-Ampel-Zwangspause-in-Feldberg.jpg?resize=300%2C225&amp;ssl=1 300w, https:\/\/i0.wp.com\/blog.kunstgriff.net\/wp-content\/uploads\/2012\/05\/Baustellen-Ampel-Zwangspause-in-Feldberg.jpg?w=1000&amp;ssl=1 1000w\" sizes=\"auto, (max-width: 300px) 100vw, 300px\" \/><\/a>Auch die H\u00fcgel wurden nun mehr und wir begannen uns nach der Rast in Woldeck zu sehnen. Dort angekommen wollte ich nicht wieder den Fehler der Touren nach Usedom im Vorjahr machen: Bloss jetzt nicht \u00fcberfressen! Also nur einen Milchreis und Frischeiwaffeln gekauft. Diese dann mit den Kameraden geteilt und so ging es gest\u00e4rkt, aber nicht voll, auf den zweiten langen Block.<\/p>\n<p>Es wurde jetzt noch ungem\u00fctlicher, denn es gab keinen sch\u00fctzenden Wald mehr, sondern nur noch die mit hoher Umdrehungszahl rotierenden Windr\u00e4der um uns herum. Die Stimmung sank Meter um Meter und es wurde geschimpft und geflucht. Aber alles Wehklagen half nichts: Es gab nur einen Weg: Nach vorne nach \u00dcckeritz.<\/p>\n<p>In Anklam gab\u2019s dann eine zweite Pause, die uns allen gut tat. Jetzt waren es noch 47 km bis zum Ziel. Eine \u00fcberschaubare Zahl. Die Aussicht auf ein wenig R\u00fcckenwind, auf den letzten Kilometern, lie\u00dfen uns weiter gen Insel dr\u00fccken. Der Ort Usedom wurde passiert und die Fahrt von mir freigegeben. Nun gab es kein <em>ruhiger<\/em> mehr und jeder konnte fahren, was das Zeug hielt und die letzten K\u00f6rner hergaben. Leider verzockte ich mich an einem der letzten H\u00fcgel und wurde abgeh\u00e4ngt.<\/p>\n<p><a href=\"https:\/\/i0.wp.com\/blog.kunstgriff.net\/wp-content\/uploads\/2012\/05\/In-%C3%9Cckeritz-angekommen.jpg\"><img data-recalc-dims=\"1\" loading=\"lazy\" decoding=\"async\" data-attachment-id=\"7878\" data-permalink=\"https:\/\/blog.kunstgriff.net\/?attachment_id=7878\" data-orig-file=\"https:\/\/i0.wp.com\/blog.kunstgriff.net\/wp-content\/uploads\/2012\/05\/In-%C3%9Cckeritz-angekommen.jpg?fit=1000%2C750&amp;ssl=1\" data-orig-size=\"1000,750\" data-comments-opened=\"1\" data-image-meta=\"{&quot;aperture&quot;:&quot;5.6&quot;,&quot;credit&quot;:&quot;&quot;,&quot;camera&quot;:&quot;Canon DIGITAL IXUS 870 IS&quot;,&quot;caption&quot;:&quot;&quot;,&quot;created_timestamp&quot;:&quot;1336824175&quot;,&quot;copyright&quot;:&quot;&quot;,&quot;focal_length&quot;:&quot;5&quot;,&quot;iso&quot;:&quot;80&quot;,&quot;shutter_speed&quot;:&quot;0.0025&quot;,&quot;title&quot;:&quot;&quot;}\" data-image-title=\"In \u00dcckeritz angekommen\" data-image-description=\"\" data-image-caption=\"\" data-large-file=\"https:\/\/i0.wp.com\/blog.kunstgriff.net\/wp-content\/uploads\/2012\/05\/In-%C3%9Cckeritz-angekommen.jpg?fit=1000%2C750&amp;ssl=1\" class=\"alignright wp-image-7878 size-medium\" style=\"border-image: initial; margin: 10px; border: 10px solid white;\" title=\"In \u00dcckeritz angekommen\" src=\"https:\/\/i0.wp.com\/blog.kunstgriff.net\/wp-content\/uploads\/2012\/05\/In-%C3%9Cckeritz-angekommen-300x225.jpg?resize=300%2C225\" width=\"300\" height=\"225\" srcset=\"https:\/\/i0.wp.com\/blog.kunstgriff.net\/wp-content\/uploads\/2012\/05\/In-%C3%9Cckeritz-angekommen.jpg?resize=300%2C225&amp;ssl=1 300w, https:\/\/i0.wp.com\/blog.kunstgriff.net\/wp-content\/uploads\/2012\/05\/In-%C3%9Cckeritz-angekommen.jpg?w=1000&amp;ssl=1 1000w\" sizes=\"auto, (max-width: 300px) 100vw, 300px\" \/><\/a>Sebastian und Lukas machten sich uneinholbar davon. Ich konnte aber wieder zu Christoph, Florian und Ralph aufschlie\u00dfen. Auch Stefan kam wieder heran und so ging es zu f\u00fcnft zum Ortsschild \u00dcckeritz. Leider setzte ich zu fr\u00fch zum Sprint an und verlor. Schon wieder verzockt. Egal, denn froh und zufrieden war ich trotzdem, das Tagesziel erreicht zu haben. Nach einigen Gruppenfotos und alleiniges Anbaden von Christoph, ging es rein zum Uetkick zu <em>Hering satt<\/em>, Pommes und isotonischem Hefeweissbier.<\/p>\n<p>Sch\u00f6n wars, wenn denn der viele Wind und die lange Zugfahrt nach Hause nicht gewesen w\u00e4ren. Aber mit R\u00fcckenwind kann ja jeder da hoch fahren!<\/p>\n<p><object width=\"480\" height=\"360\"><param name=\"movie\" value=\"http:\/\/www.youtube.com\/v\/eLcluMY7HGg?version=3&amp;hl=de_DE\" \/><param name=\"allowFullScreen\" value=\"true\" \/><param name=\"allowscriptaccess\" value=\"always\" \/><\/object><\/p>\n<p><iframe height='405' width='590' frameborder='0' allowtransparency='true' scrolling='no' src='https:\/\/www.strava.com\/activities\/11385454\/embed\/08a73bad158ab2d1df53da16bb33f24089526e07'><\/iframe><\/p>\n","protected":false},"excerpt":{"rendered":"<p>oder \u00bb11 gegen den Wind\u00ab Eine Woche nicht auf dem Rad zu sitzen, ist sicher nicht die richtige Vorbereitung f\u00fcr das Vorhaben Usedom Fr\u00fchjahr 2012, und so machte ich mich mit einem mulmigen Gef\u00fchl um 5 Uhr auf den Weg nach Oranienburg. Fast alle Kettenbr\u00fcder waren im RegionalExpress zum Start, als ich in Gesundbrunnen zustieg. &hellip; <\/p>\n<p class=\"link-more\"><a href=\"https:\/\/blog.kunstgriff.net\/?p=7870\" class=\"more-link\"><span class=\"screen-reader-text\">\u201eOranienburg- > Usedom 2012\u201c <\/span>weiterlesen<\/a><\/p>\n","protected":false},"author":2,"featured_media":0,"comment_status":"open","ping_status":"open","sticky":false,"template":"","format":"standard","meta":{"jetpack_post_was_ever_published":false,"_jetpack_newsletter_access":"","_jetpack_dont_email_post_to_subs":false,"_jetpack_newsletter_tier_id":0,"_jetpack_memberships_contains_paywalled_content":false,"_jetpack_memberships_contains_paid_content":false,"footnotes":""},"categories":[48,25,14,7],"tags":[],"class_list":["post-7870","post","type-post","status-publish","format-standard","hentry","category-200er","category-besonderes-ereignis","category-radfahren","category-rennradfahren"],"jetpack_featured_media_url":"","jetpack_shortlink":"https:\/\/wp.me\/p8Cxe7-22W","jetpack-related-posts":[{"id":5721,"url":"https:\/\/blog.kunstgriff.net\/?p=5721","url_meta":{"origin":7870,"position":0},"title":"Oranienburg -> \u00dcckeritz auf Usedom 2011","author":"Georg","date":"September 3, 2011","format":false,"excerpt":"oder \u00bbBestes Wetter & Team\u00ab Erstes September-Wochenende und auf dem Zettel steht, ja schon fast traditionell, die Fahrt nach Usedom. Da die Schulferien nun beendet und der goldene Herbst beginnt, sind die Voraussetzung f\u00fcr dieses Vorhaben ideal: Wenig Verkehr auf den Stra\u00dfen und keine \u00fcberf\u00fcllten Regionalz\u00fcge auf der R\u00fcckfahrt von\u2026","rel":"","context":"In &quot;Besonderes Ereignis&quot;","block_context":{"text":"Besonderes Ereignis","link":"https:\/\/blog.kunstgriff.net\/?cat=25"},"img":{"alt_text":"","src":"https:\/\/i0.wp.com\/blog.kunstgriff.net\/wp-content\/uploads\/2011\/09\/6-Uhr-17-Abfahrt-in-Oranienburg.jpg?resize=350%2C200","width":350,"height":200,"srcset":"https:\/\/i0.wp.com\/blog.kunstgriff.net\/wp-content\/uploads\/2011\/09\/6-Uhr-17-Abfahrt-in-Oranienburg.jpg?resize=350%2C200 1x, https:\/\/i0.wp.com\/blog.kunstgriff.net\/wp-content\/uploads\/2011\/09\/6-Uhr-17-Abfahrt-in-Oranienburg.jpg?resize=525%2C300 1.5x, https:\/\/i0.wp.com\/blog.kunstgriff.net\/wp-content\/uploads\/2011\/09\/6-Uhr-17-Abfahrt-in-Oranienburg.jpg?resize=700%2C400 2x"},"classes":[]},{"id":10645,"url":"https:\/\/blog.kunstgriff.net\/?p=10645","url_meta":{"origin":7870,"position":1},"title":"Oranienburg- > Usedom 2013","author":"Georg","date":"Juli 20, 2013","format":false,"excerpt":"oder \u00bbTraumtour zu elft\u00ab Eine meiner Lieblingstouren stand heute auf dem Zettel: Hoch nach Ueckeritz zum Hering satt essen auf der Insel Usedom. Schon \u00fcber ein Jahr ist es her, dass ich diesen Dauerbrenner gefahren bin. So war ich hocherfreut, dass Christian diese Tour anbot und ich mir Zeit f\u00fcr\u2026","rel":"","context":"In &quot;Besonderes Ereignis&quot;","block_context":{"text":"Besonderes Ereignis","link":"https:\/\/blog.kunstgriff.net\/?cat=25"},"img":{"alt_text":"","src":"https:\/\/i0.wp.com\/blog.kunstgriff.net\/wp-content\/uploads\/2013\/07\/Endlich-Pause-in-Wolgast.jpg?fit=1200%2C900&ssl=1&resize=350%2C200","width":350,"height":200,"srcset":"https:\/\/i0.wp.com\/blog.kunstgriff.net\/wp-content\/uploads\/2013\/07\/Endlich-Pause-in-Wolgast.jpg?fit=1200%2C900&ssl=1&resize=350%2C200 1x, https:\/\/i0.wp.com\/blog.kunstgriff.net\/wp-content\/uploads\/2013\/07\/Endlich-Pause-in-Wolgast.jpg?fit=1200%2C900&ssl=1&resize=525%2C300 1.5x, https:\/\/i0.wp.com\/blog.kunstgriff.net\/wp-content\/uploads\/2013\/07\/Endlich-Pause-in-Wolgast.jpg?fit=1200%2C900&ssl=1&resize=700%2C400 2x, https:\/\/i0.wp.com\/blog.kunstgriff.net\/wp-content\/uploads\/2013\/07\/Endlich-Pause-in-Wolgast.jpg?fit=1200%2C900&ssl=1&resize=1050%2C600 3x"},"classes":[]},{"id":5985,"url":"https:\/\/blog.kunstgriff.net\/?p=5985","url_meta":{"origin":7870,"position":2},"title":"Mit dem \u00bbA3K\u00ab nach Ueckeritz auf Usedom","author":"Georg","date":"September 24, 2011","format":false,"excerpt":"oder \u00bbHerrliche Herbsttour\u00ab Heute sollte es noch einmal nach Usedom gehen. Nicht das ich im September nicht schon einmal dort hoch gefahren w\u00e4re, aber die Strecke liegt mir einfach und lecker Fisch in Ueckeritz ist auch nicht zu verachten. Also um 4:45 Uhr am Samstag Morgen aufgestanden, die Ringbahn ins\u2026","rel":"","context":"In &quot;200er&quot;","block_context":{"text":"200er","link":"https:\/\/blog.kunstgriff.net\/?cat=48"},"img":{"alt_text":"","src":"https:\/\/i0.wp.com\/blog.kunstgriff.net\/wp-content\/uploads\/2011\/09\/Kurz-vor-der-Abfahrt-am-Sportforum-Hohensch%C3%B6nhausen.jpg?resize=350%2C200","width":350,"height":200,"srcset":"https:\/\/i0.wp.com\/blog.kunstgriff.net\/wp-content\/uploads\/2011\/09\/Kurz-vor-der-Abfahrt-am-Sportforum-Hohensch%C3%B6nhausen.jpg?resize=350%2C200 1x, https:\/\/i0.wp.com\/blog.kunstgriff.net\/wp-content\/uploads\/2011\/09\/Kurz-vor-der-Abfahrt-am-Sportforum-Hohensch%C3%B6nhausen.jpg?resize=525%2C300 1.5x, https:\/\/i0.wp.com\/blog.kunstgriff.net\/wp-content\/uploads\/2011\/09\/Kurz-vor-der-Abfahrt-am-Sportforum-Hohensch%C3%B6nhausen.jpg?resize=700%2C400 2x"},"classes":[]},{"id":7721,"url":"https:\/\/blog.kunstgriff.net\/?p=7721","url_meta":{"origin":7870,"position":3},"title":"Oranienburg -> Warnem\u00fcnde","author":"Georg","date":"April 14, 2012","format":false,"excerpt":"oder \u00bbEinmal K\u00fcste und zur\u00fcck\u00ab Um 5:50 Uhr stieg ich mit Alexander und Christoph in den Regional Express, der uns nach Oranienburg bringen sollte. Im Zug begr\u00fc\u00dften uns schon Isabelle, Dirk und Uwe. Auch die Eisenschweine waren mit an Board; sie hatten heute allerdings die Strecke nach Usedom auf dem\u2026","rel":"","context":"In &quot;200er&quot;","block_context":{"text":"200er","link":"https:\/\/blog.kunstgriff.net\/?cat=48"},"img":{"alt_text":"","src":"https:\/\/i0.wp.com\/blog.kunstgriff.net\/wp-content\/uploads\/2012\/04\/6Uhr20-kurz-vor-dem-Start-in-Oranienburg.jpg?resize=350%2C200","width":350,"height":200,"srcset":"https:\/\/i0.wp.com\/blog.kunstgriff.net\/wp-content\/uploads\/2012\/04\/6Uhr20-kurz-vor-dem-Start-in-Oranienburg.jpg?resize=350%2C200 1x, https:\/\/i0.wp.com\/blog.kunstgriff.net\/wp-content\/uploads\/2012\/04\/6Uhr20-kurz-vor-dem-Start-in-Oranienburg.jpg?resize=525%2C300 1.5x, https:\/\/i0.wp.com\/blog.kunstgriff.net\/wp-content\/uploads\/2012\/04\/6Uhr20-kurz-vor-dem-Start-in-Oranienburg.jpg?resize=700%2C400 2x"},"classes":[]},{"id":5714,"url":"https:\/\/blog.kunstgriff.net\/?p=5714","url_meta":{"origin":7870,"position":4},"title":"Oranienburg-Runde","author":"Georg","date":"September 1, 2011","format":false,"excerpt":"oder \u00bbWer lesen kann ist klar im Vorteil\u00abEigentlich wollte ich heute mit meinen Jungs die Feierabendrunde \u00bbins M\u00fchlenbecker Land\u00ab fahren. Ich freute mich sehr Alexander und Christian wieder zu sehen. Am Treffpunkt an der Agip wartet ich leider vergeblich von 17:54 Uhr bis 18:15 Uhr auf die Beiden. Bis Lehnitz\u2026","rel":"","context":"In &quot;Allgemein&quot;","block_context":{"text":"Allgemein","link":"https:\/\/blog.kunstgriff.net\/?cat=1"},"img":{"alt_text":"","src":"","width":0,"height":0},"classes":[]},{"id":1248,"url":"https:\/\/blog.kunstgriff.net\/?p=1248","url_meta":{"origin":7870,"position":5},"title":"Oranienburg->Usedom-Tour","author":"Georg","date":"April 24, 2010","format":false,"excerpt":"Tobias vom ESK rief und 2 Radlerinnen und 21 Radler kamen am Samstag zum Sonnenaufgang um 6:15 Uhr nach Oranienburg um die Fahrt nach Ueckeritz zum \u00bbAnbaden\u00ab auf zu nehmen. Wir starteten p\u00fcnktlich und das Peleton nahm erst einmal Fahrt Richtung Osten auf. Es ging diszipliniert in Zweierreihen los und\u2026","rel":"","context":"In &quot;200er&quot;","block_context":{"text":"200er","link":"https:\/\/blog.kunstgriff.net\/?cat=48"},"img":{"alt_text":"","src":"https:\/\/i0.wp.com\/blog.kunstgriff.net\/wp-content\/uploads\/2010\/04\/06utkiek.jpg?fit=1024%2C683&ssl=1&resize=350%2C200","width":350,"height":200,"srcset":"https:\/\/i0.wp.com\/blog.kunstgriff.net\/wp-content\/uploads\/2010\/04\/06utkiek.jpg?fit=1024%2C683&ssl=1&resize=350%2C200 1x, https:\/\/i0.wp.com\/blog.kunstgriff.net\/wp-content\/uploads\/2010\/04\/06utkiek.jpg?fit=1024%2C683&ssl=1&resize=525%2C300 1.5x, https:\/\/i0.wp.com\/blog.kunstgriff.net\/wp-content\/uploads\/2010\/04\/06utkiek.jpg?fit=1024%2C683&ssl=1&resize=700%2C400 2x"},"classes":[]}],"jetpack_likes_enabled":true,"jetpack_sharing_enabled":true,"_links":{"self":[{"href":"https:\/\/blog.kunstgriff.net\/index.php?rest_route=\/wp\/v2\/posts\/7870","targetHints":{"allow":["GET"]}}],"collection":[{"href":"https:\/\/blog.kunstgriff.net\/index.php?rest_route=\/wp\/v2\/posts"}],"about":[{"href":"https:\/\/blog.kunstgriff.net\/index.php?rest_route=\/wp\/v2\/types\/post"}],"author":[{"embeddable":true,"href":"https:\/\/blog.kunstgriff.net\/index.php?rest_route=\/wp\/v2\/users\/2"}],"replies":[{"embeddable":true,"href":"https:\/\/blog.kunstgriff.net\/index.php?rest_route=%2Fwp%2Fv2%2Fcomments&post=7870"}],"version-history":[{"count":0,"href":"https:\/\/blog.kunstgriff.net\/index.php?rest_route=\/wp\/v2\/posts\/7870\/revisions"}],"wp:attachment":[{"href":"https:\/\/blog.kunstgriff.net\/index.php?rest_route=%2Fwp%2Fv2%2Fmedia&parent=7870"}],"wp:term":[{"taxonomy":"category","embeddable":true,"href":"https:\/\/blog.kunstgriff.net\/index.php?rest_route=%2Fwp%2Fv2%2Fcategories&post=7870"},{"taxonomy":"post_tag","embeddable":true,"href":"https:\/\/blog.kunstgriff.net\/index.php?rest_route=%2Fwp%2Fv2%2Ftags&post=7870"}],"curies":[{"name":"wp","href":"https:\/\/api.w.org\/{rel}","templated":true}]}}