{"id":7907,"date":"2012-05-16T20:00:40","date_gmt":"2012-05-16T18:00:40","guid":{"rendered":"http:\/\/blog.kunstgriff.net\/?p=7907"},"modified":"2016-08-29T17:25:31","modified_gmt":"2016-08-29T15:25:31","slug":"auf-friedensfahrt-%e2%80%93-kurs-2012-2-tag-magdeburg-leipzig","status":"publish","type":"post","link":"https:\/\/blog.kunstgriff.net\/?p=7907","title":{"rendered":"Auf Friedensfahrt \u2013 Kurs 2012 2. Tag: Magdeburg -> Leipzig"},"content":{"rendered":"<span class=\"span-reading-time rt-reading-time\" style=\"display: block;\"><span class=\"rt-label rt-prefix\">Lesezeit: <\/span> <span class=\"rt-time\"> 2<\/span> <span class=\"rt-label rt-postfix\">Minuten<\/span><\/span><h4>152,7 km | 348 H\u00f6henmeter<\/h4>\n<hr \/>\n<p>Nach einer unruhigen Nacht machten wir uns schon vor dem Fr\u00fchst\u00fcck Sorgen, dass das Wetter so sein w\u00fcrde, wie am Vorabend: Nass und k\u00fchl. Jede Nachrichtenquellen pr\u00e4sentierte eine andere Vorhersage und so pr\u00e4parierten wir uns f\u00fcr das Extrem und gingen mit Regenjacke, Race-Blades und \u00dcberschuhen an den Start.<\/p>\n<p><a href=\"https:\/\/i0.wp.com\/blog.kunstgriff.net\/wp-content\/uploads\/2012\/05\/Lagebesprechung-mit-Peter-und-T%C3%A4ve.jpg\"><img data-recalc-dims=\"1\" loading=\"lazy\" decoding=\"async\" data-attachment-id=\"7952\" data-permalink=\"https:\/\/blog.kunstgriff.net\/?attachment_id=7952\" data-orig-file=\"https:\/\/i0.wp.com\/blog.kunstgriff.net\/wp-content\/uploads\/2012\/05\/Lagebesprechung-mit-Peter-und-T%C3%A4ve.jpg?fit=1000%2C750&amp;ssl=1\" data-orig-size=\"1000,750\" data-comments-opened=\"1\" data-image-meta=\"{&quot;aperture&quot;:&quot;2.8&quot;,&quot;credit&quot;:&quot;&quot;,&quot;camera&quot;:&quot;Canon DIGITAL IXUS 870 IS&quot;,&quot;caption&quot;:&quot;&quot;,&quot;created_timestamp&quot;:&quot;1337151561&quot;,&quot;copyright&quot;:&quot;&quot;,&quot;focal_length&quot;:&quot;5&quot;,&quot;iso&quot;:&quot;125&quot;,&quot;shutter_speed&quot;:&quot;0.0025&quot;,&quot;title&quot;:&quot;&quot;}\" data-image-title=\"Lagebesprechung mit Peter und T\u00e4ve\" data-image-description=\"\" data-image-caption=\"\" data-large-file=\"https:\/\/i0.wp.com\/blog.kunstgriff.net\/wp-content\/uploads\/2012\/05\/Lagebesprechung-mit-Peter-und-T%C3%A4ve.jpg?fit=1000%2C750&amp;ssl=1\" class=\"alignleft wp-image-7952 size-medium\" style=\"border: 10px solid white; margin: 10px;\" title=\"Lagebesprechung mit Peter und T\u00e4ve\" src=\"https:\/\/i0.wp.com\/blog.kunstgriff.net\/wp-content\/uploads\/2012\/05\/Lagebesprechung-mit-Peter-und-T%C3%A4ve-300x225.jpg?resize=300%2C225\" width=\"300\" height=\"225\" srcset=\"https:\/\/i0.wp.com\/blog.kunstgriff.net\/wp-content\/uploads\/2012\/05\/Lagebesprechung-mit-Peter-und-T%C3%A4ve.jpg?resize=300%2C225&amp;ssl=1 300w, https:\/\/i0.wp.com\/blog.kunstgriff.net\/wp-content\/uploads\/2012\/05\/Lagebesprechung-mit-Peter-und-T%C3%A4ve.jpg?w=1000&amp;ssl=1 1000w\" sizes=\"auto, (max-width: 300px) 100vw, 300px\" \/><\/a>Nach kurzer Fahrt zum Bahnhof von Magdeburg wurden T\u00e4ve Schur und die Neuank\u00f6mmling begr\u00fc\u00dft. Jetzt ging es endlich los auf unser erstes Etappenziel, das <a href=\"http:\/\/www.friedensfahrt-museum.de\/\" target=\"_blank\">Friedensfahrt Museum<\/a> in Kleinm\u00fchlingen.<\/p>\n<p>Dorthin wurde ordentlich in 2er-Reihen gefahren und auch der 81 j\u00e4hrige mehrmalige DDR-Friedensfahrtgewinner T\u00e4ve beteiligte sich fleissig an der F\u00fchrungsarbeit. Autokolonnen wurden StVo-<em>un<\/em>konform von ihm umfahren. Aber solch einen <em>\u00bblocal Hero\u00ab<\/em> sollte man in seinem Vortrieb nicht bremsen und so erreichte wir nach knapp 25 Kilometern Kleinm\u00fchlingen. Dort wurden zu Bockw\u00fcrsten mit Senf und Ketchup in das Museeum geladen. Nach einer kurzen Einf\u00fchrung des Kurators und einem anschlie\u00dfendem Rundgang ging es auch schon wieder hinaus auf die Stra\u00dfe, weiter nach S\u00fcdwesten unserem Tagesziel Leipzig entgegen.<\/p>\n<p><a href=\"https:\/\/i0.wp.com\/blog.kunstgriff.net\/wp-content\/uploads\/2012\/05\/Mit-81-Jahren-das-Feld-f%C3%BChren-Respekt.jpg\"><img data-recalc-dims=\"1\" loading=\"lazy\" decoding=\"async\" data-attachment-id=\"7953\" data-permalink=\"https:\/\/blog.kunstgriff.net\/?attachment_id=7953\" data-orig-file=\"https:\/\/i0.wp.com\/blog.kunstgriff.net\/wp-content\/uploads\/2012\/05\/Mit-81-Jahren-das-Feld-f%C3%BChren-Respekt.jpg?fit=1000%2C750&amp;ssl=1\" data-orig-size=\"1000,750\" data-comments-opened=\"1\" data-image-meta=\"{&quot;aperture&quot;:&quot;2.8&quot;,&quot;credit&quot;:&quot;&quot;,&quot;camera&quot;:&quot;Canon DIGITAL IXUS 870 IS&quot;,&quot;caption&quot;:&quot;&quot;,&quot;created_timestamp&quot;:&quot;1337154676&quot;,&quot;copyright&quot;:&quot;&quot;,&quot;focal_length&quot;:&quot;5&quot;,&quot;iso&quot;:&quot;400&quot;,&quot;shutter_speed&quot;:&quot;0.00625&quot;,&quot;title&quot;:&quot;&quot;}\" data-image-title=\"Mit 81 Jahren das Feld f\u00fchren-Respekt\" data-image-description=\"\" data-image-caption=\"\" data-large-file=\"https:\/\/i0.wp.com\/blog.kunstgriff.net\/wp-content\/uploads\/2012\/05\/Mit-81-Jahren-das-Feld-f%C3%BChren-Respekt.jpg?fit=1000%2C750&amp;ssl=1\" class=\"alignright wp-image-7953 size-medium\" style=\"border: 10px solid white; margin: 10px;\" title=\"Mit 81 Jahren das Feld f\u00fchren-Respekt\" src=\"https:\/\/i0.wp.com\/blog.kunstgriff.net\/wp-content\/uploads\/2012\/05\/Mit-81-Jahren-das-Feld-f%C3%BChren-Respekt-300x225.jpg?resize=300%2C225\" width=\"300\" height=\"225\" srcset=\"https:\/\/i0.wp.com\/blog.kunstgriff.net\/wp-content\/uploads\/2012\/05\/Mit-81-Jahren-das-Feld-f%C3%BChren-Respekt.jpg?resize=300%2C225&amp;ssl=1 300w, https:\/\/i0.wp.com\/blog.kunstgriff.net\/wp-content\/uploads\/2012\/05\/Mit-81-Jahren-das-Feld-f%C3%BChren-Respekt.jpg?w=1000&amp;ssl=1 1000w\" sizes=\"auto, (max-width: 300px) 100vw, 300px\" \/><\/a>Der Himmel war zwar st\u00e4ndig wolkenverhangen aber es blieb trocken. Zu unserer aller gro\u00dfen Freude setzte nun auch Schiebenwind ein und unser Berliner-Team begann ordentlich Druck zu machen. Schnell kamen die Rufe der alten Garde aus den hinteren Reihen doch bitte ruhiger zu fahren, was wir einfach ignorierten und weiter am Docht zogen.<\/p>\n<p>So waren wir flott separiert und konnten <em>unseren Schuh<\/em> fahren. Die mir unbekannte Lanschaft pr\u00e4sentierte sich abwechslungsreich. Dessau mit seinen Architekturhighlights wurde durchfahren bevor es an\u00a0der Muldetalsperre, auf eine herrlichen Radweg ging. Der rekultivierte Tagebau um Zschortau wurde im passieren bestaunt. F\u00fcr einige Mitfahrer wurde es jetzt richtig hart, denn mit der oft wechselnden Fahrtrichtung blies es oft kr\u00e4ftig direkt von vorne.<\/p>\n<p><a href=\"https:\/\/i0.wp.com\/blog.kunstgriff.net\/wp-content\/uploads\/2012\/05\/Angekommen-in-Leipzig.jpg\"><img data-recalc-dims=\"1\" loading=\"lazy\" decoding=\"async\" data-attachment-id=\"7951\" data-permalink=\"https:\/\/blog.kunstgriff.net\/?attachment_id=7951\" data-orig-file=\"https:\/\/i0.wp.com\/blog.kunstgriff.net\/wp-content\/uploads\/2012\/05\/Angekommen-in-Leipzig.jpg?fit=1000%2C750&amp;ssl=1\" data-orig-size=\"1000,750\" data-comments-opened=\"1\" data-image-meta=\"{&quot;aperture&quot;:&quot;2.8&quot;,&quot;credit&quot;:&quot;&quot;,&quot;camera&quot;:&quot;Canon DIGITAL IXUS 870 IS&quot;,&quot;caption&quot;:&quot;&quot;,&quot;created_timestamp&quot;:&quot;1337174259&quot;,&quot;copyright&quot;:&quot;&quot;,&quot;focal_length&quot;:&quot;5&quot;,&quot;iso&quot;:&quot;125&quot;,&quot;shutter_speed&quot;:&quot;0.002&quot;,&quot;title&quot;:&quot;&quot;}\" data-image-title=\"Angekommen in Leipzig\" data-image-description=\"\" data-image-caption=\"\" data-large-file=\"https:\/\/i0.wp.com\/blog.kunstgriff.net\/wp-content\/uploads\/2012\/05\/Angekommen-in-Leipzig.jpg?fit=1000%2C750&amp;ssl=1\" class=\"alignleft wp-image-7951 size-medium\" style=\"border: 10px solid white; margin: 10px;\" title=\"Angekommen in Leipzig\" src=\"https:\/\/i0.wp.com\/blog.kunstgriff.net\/wp-content\/uploads\/2012\/05\/Angekommen-in-Leipzig-300x225.jpg?resize=300%2C225\" width=\"300\" height=\"225\" srcset=\"https:\/\/i0.wp.com\/blog.kunstgriff.net\/wp-content\/uploads\/2012\/05\/Angekommen-in-Leipzig.jpg?resize=300%2C225&amp;ssl=1 300w, https:\/\/i0.wp.com\/blog.kunstgriff.net\/wp-content\/uploads\/2012\/05\/Angekommen-in-Leipzig.jpg?w=1000&amp;ssl=1 1000w\" sizes=\"auto, (max-width: 300px) 100vw, 300px\" \/><\/a>Jetzt war es an der Zeit das Tempo zu reduziert, da keine Gefahr mehr bestand, von der gro\u00dfen Meute kassiert zu werden.<\/p>\n<p>Leipzig war am Horizont auszumachen und somit unser Tagesziel in greifbarer N\u00e4he. Wenig sp\u00e4ter erreichten wir nach erfolgreichem umfahren von nervenden Blechb\u00fcchsen und Strassenbahnschienen unser <del datetime=\"2012-05-21T21:27:46+00:00\">geliebte<\/del> Jugendherberge. Dort erwartete uns schon die Rennleitung mit unserem Gep\u00e4ck und so ging ein ereignisreicher, zweiter Tag auf dem Rennrad zu Ende. Morgen dann die Wand von Meran.<\/p>\n<p><iframe loading=\"lazy\" src=\"https:\/\/www.strava.com\/activities\/11385422\/embed\/59bb7f24847d41dde06af905175e51afca3b0c84\" width=\"590\" height=\"405\" frameborder=\"0\" scrolling=\"no\"><\/iframe><\/p>\n","protected":false},"excerpt":{"rendered":"<p>152,7 km | 348 H\u00f6henmeter Nach einer unruhigen Nacht machten wir uns schon vor dem Fr\u00fchst\u00fcck Sorgen, dass das Wetter so sein w\u00fcrde, wie am Vorabend: Nass und k\u00fchl. Jede Nachrichtenquellen pr\u00e4sentierte eine andere Vorhersage und so pr\u00e4parierten wir uns f\u00fcr das Extrem und gingen mit Regenjacke, Race-Blades und \u00dcberschuhen an den Start. Nach kurzer &hellip; <\/p>\n<p class=\"link-more\"><a href=\"https:\/\/blog.kunstgriff.net\/?p=7907\" class=\"more-link\"><span class=\"screen-reader-text\">\u201eAuf Friedensfahrt \u2013 Kurs 2012 2. Tag: Magdeburg -> Leipzig\u201c <\/span>weiterlesen<\/a><\/p>\n","protected":false},"author":2,"featured_media":0,"comment_status":"open","ping_status":"open","sticky":false,"template":"","format":"standard","meta":{"jetpack_post_was_ever_published":false,"_jetpack_newsletter_access":"","_jetpack_dont_email_post_to_subs":false,"_jetpack_newsletter_tier_id":0,"_jetpack_memberships_contains_paywalled_content":false,"_jetpack_memberships_contains_paid_content":false,"footnotes":""},"categories":[25,13,7],"tags":[],"class_list":["post-7907","post","type-post","status-publish","format-standard","hentry","category-besonderes-ereignis","category-radreise","category-rennradfahren"],"jetpack_featured_media_url":"","jetpack_shortlink":"https:\/\/wp.me\/p8Cxe7-23x","jetpack-related-posts":[{"id":7900,"url":"https:\/\/blog.kunstgriff.net\/?p=7900","url_meta":{"origin":7907,"position":0},"title":"Auf Friedensfahrt \u2013 Kurs 2012 1. Tag: Ludwigsfelde -> Magdeburg","author":"Georg","date":"Mai 15, 2012","format":false,"excerpt":"143,68 km | 390 H\u00f6henmeter Alle Rennradbuddies waren bereits im RE5 nach Ludwigsfelde, als ich zustieg. In dem kleinen Ort s\u00fcdlich von Berlin, erwartete uns schon ein freudig strahlender Peter Scheunemann, der uns nach dem Gep\u00e4ckverladen und dem notorischen Gruppenfoto auf die Reise gen Westen nach Magdeburg schickte. Schnell merkte\u2026","rel":"","context":"In &quot;Besonderes Ereignis&quot;","block_context":{"text":"Besonderes Ereignis","link":"https:\/\/blog.kunstgriff.net\/?cat=25"},"img":{"alt_text":"","src":"https:\/\/i0.wp.com\/blog.kunstgriff.net\/wp-content\/uploads\/2012\/05\/Start-auf-Friedensfahrt-Kurs-2012-in-Ludwigsfelde.jpg?resize=350%2C200","width":350,"height":200,"srcset":"https:\/\/i0.wp.com\/blog.kunstgriff.net\/wp-content\/uploads\/2012\/05\/Start-auf-Friedensfahrt-Kurs-2012-in-Ludwigsfelde.jpg?resize=350%2C200 1x, https:\/\/i0.wp.com\/blog.kunstgriff.net\/wp-content\/uploads\/2012\/05\/Start-auf-Friedensfahrt-Kurs-2012-in-Ludwigsfelde.jpg?resize=525%2C300 1.5x, https:\/\/i0.wp.com\/blog.kunstgriff.net\/wp-content\/uploads\/2012\/05\/Start-auf-Friedensfahrt-Kurs-2012-in-Ludwigsfelde.jpg?resize=700%2C400 2x"},"classes":[]},{"id":10251,"url":"https:\/\/blog.kunstgriff.net\/?p=10251","url_meta":{"origin":7907,"position":1},"title":"Auf Friedensfahrt\u2013Kurs 2013 5. Tag: Domazlice -> Cheb","author":"Georg","date":"Mai 11, 2013","format":false,"excerpt":"166,35 km | 1.974 H\u00f6henmeterDie Nacht war unbequem in dem schmalen Bett zu zweit und das Fr\u00fchst\u00fcck leider auch nicht besser im Tiffanys. Einzig die hilfsbereiten Eigent\u00fcmer und das kostenlose WLAN konnten \u00fcberzeugen. Egal, wir waren zum Radfahren hier, also schnell in die noch nicht ganz trockenen Radklamotten, Gep\u00e4ck verladen\u2026","rel":"","context":"In &quot;Besonderes Ereignis&quot;","block_context":{"text":"Besonderes Ereignis","link":"https:\/\/blog.kunstgriff.net\/?cat=25"},"img":{"alt_text":"","src":"https:\/\/i0.wp.com\/blog.kunstgriff.net\/wp-content\/uploads\/2013\/05\/M%C3%A4nner-im-Wald-warten-auf-den-Ende-des-Regens.jpg?fit=1200%2C900&ssl=1&resize=350%2C200","width":350,"height":200,"srcset":"https:\/\/i0.wp.com\/blog.kunstgriff.net\/wp-content\/uploads\/2013\/05\/M%C3%A4nner-im-Wald-warten-auf-den-Ende-des-Regens.jpg?fit=1200%2C900&ssl=1&resize=350%2C200 1x, https:\/\/i0.wp.com\/blog.kunstgriff.net\/wp-content\/uploads\/2013\/05\/M%C3%A4nner-im-Wald-warten-auf-den-Ende-des-Regens.jpg?fit=1200%2C900&ssl=1&resize=525%2C300 1.5x, https:\/\/i0.wp.com\/blog.kunstgriff.net\/wp-content\/uploads\/2013\/05\/M%C3%A4nner-im-Wald-warten-auf-den-Ende-des-Regens.jpg?fit=1200%2C900&ssl=1&resize=700%2C400 2x, https:\/\/i0.wp.com\/blog.kunstgriff.net\/wp-content\/uploads\/2013\/05\/M%C3%A4nner-im-Wald-warten-auf-den-Ende-des-Regens.jpg?fit=1200%2C900&ssl=1&resize=1050%2C600 3x"},"classes":[]},{"id":4714,"url":"https:\/\/blog.kunstgriff.net\/?p=4714","url_meta":{"origin":7907,"position":2},"title":"Auf Friedensfahrt \u2013 Kurs 2011 5. Tag Horn\u00ed Bradlo -> Brno","author":"Georg","date":"Juni 5, 2011","format":false,"excerpt":"168,61 km | 2.242 H\u00f6henmeter\u00a0| 14,6 % maximale Steigung Die Nacht war erstaunlich komfortabel in der einfachen Unterkunft. Nach kurzer Katzenw\u00e4sche machten wir uns zum gro\u00dfen Fr\u00fchst\u00fccksraum auf. Die Auswahl war leider sehr bescheiden: Ein Joghurt, Brot, Honig, Marmelade. Einen Plastikbecher mit gezuckertem Wasser, als Tee deklariert. Kaffee - Fehlanzeige.\u2026","rel":"","context":"In &quot;Besonderes Ereignis&quot;","block_context":{"text":"Besonderes Ereignis","link":"https:\/\/blog.kunstgriff.net\/?cat=25"},"img":{"alt_text":"","src":"https:\/\/i0.wp.com\/blog.kunstgriff.net\/wp-content\/uploads\/2011\/06\/IMG_2231-300x225.jpg?resize=350%2C200","width":350,"height":200},"classes":[]},{"id":10253,"url":"https:\/\/blog.kunstgriff.net\/?p=10253","url_meta":{"origin":7907,"position":3},"title":"Auf Friedensfahrt\u2013Kurs 2013 6. Tag: Cheb -> Saalfeld","author":"Georg","date":"Mai 12, 2013","format":false,"excerpt":"130,21 km | 1.549 H\u00f6henmeterHeute dann die letzte Etappe auf Friedensfahrt Kurs-2013. Einige Mitfahrer hatten genug vom schlechten Wetter und wollten den kompletten Sonntag lieber in der Bahn verbringen und fuhren direkt mit eben Dieser ab. Da das Regenband nicht komplett unsere Reiseroute bedeckte und erstaunlicherweise die Sonne uns w\u00e4rmende\u2026","rel":"","context":"In &quot;Besonderes Ereignis&quot;","block_context":{"text":"Besonderes Ereignis","link":"https:\/\/blog.kunstgriff.net\/?cat=25"},"img":{"alt_text":"","src":"https:\/\/i0.wp.com\/blog.kunstgriff.net\/wp-content\/uploads\/2013\/05\/828-m%C3%BCNN-gleich-geht-der-Starkregen-los.jpg?fit=1200%2C900&ssl=1&resize=350%2C200","width":350,"height":200,"srcset":"https:\/\/i0.wp.com\/blog.kunstgriff.net\/wp-content\/uploads\/2013\/05\/828-m%C3%BCNN-gleich-geht-der-Starkregen-los.jpg?fit=1200%2C900&ssl=1&resize=350%2C200 1x, https:\/\/i0.wp.com\/blog.kunstgriff.net\/wp-content\/uploads\/2013\/05\/828-m%C3%BCNN-gleich-geht-der-Starkregen-los.jpg?fit=1200%2C900&ssl=1&resize=525%2C300 1.5x, https:\/\/i0.wp.com\/blog.kunstgriff.net\/wp-content\/uploads\/2013\/05\/828-m%C3%BCNN-gleich-geht-der-Starkregen-los.jpg?fit=1200%2C900&ssl=1&resize=700%2C400 2x, https:\/\/i0.wp.com\/blog.kunstgriff.net\/wp-content\/uploads\/2013\/05\/828-m%C3%BCNN-gleich-geht-der-Starkregen-los.jpg?fit=1200%2C900&ssl=1&resize=1050%2C600 3x"},"classes":[]},{"id":12557,"url":"https:\/\/blog.kunstgriff.net\/?p=12557","url_meta":{"origin":7907,"position":4},"title":"Auf Friedensfahrt\u2013Kurs 2015 2. Tag: G\u00f6rlitz -> Karpacz","author":"Georg","date":"Mai 14, 2015","format":false,"excerpt":"130 km | 2.403 H\u00f6henmeterBeim Blick aus dem Fenster nach dem Aufstehen verfielen wir erstmal in Schockstarre: die Stra\u00dfen waren nass vom Regen in der Nacht und der Himmel stark bew\u00f6lkt. Ein Blick auf den Regenradar lie\u00df die Laune steigen: der Herrentag w\u00fcrde auf jeden Fall trocken bleiben. Zumindest von\u2026","rel":"","context":"In &quot;Radfahren&quot;","block_context":{"text":"Radfahren","link":"https:\/\/blog.kunstgriff.net\/?cat=14"},"img":{"alt_text":"","src":"https:\/\/i0.wp.com\/blog.kunstgriff.net\/wp-content\/uploads\/2015\/05\/Steile-Rampe.jpg?fit=1200%2C900&ssl=1&resize=350%2C200","width":350,"height":200,"srcset":"https:\/\/i0.wp.com\/blog.kunstgriff.net\/wp-content\/uploads\/2015\/05\/Steile-Rampe.jpg?fit=1200%2C900&ssl=1&resize=350%2C200 1x, https:\/\/i0.wp.com\/blog.kunstgriff.net\/wp-content\/uploads\/2015\/05\/Steile-Rampe.jpg?fit=1200%2C900&ssl=1&resize=525%2C300 1.5x, https:\/\/i0.wp.com\/blog.kunstgriff.net\/wp-content\/uploads\/2015\/05\/Steile-Rampe.jpg?fit=1200%2C900&ssl=1&resize=700%2C400 2x, https:\/\/i0.wp.com\/blog.kunstgriff.net\/wp-content\/uploads\/2015\/05\/Steile-Rampe.jpg?fit=1200%2C900&ssl=1&resize=1050%2C600 3x"},"classes":[]},{"id":7920,"url":"https:\/\/blog.kunstgriff.net\/?p=7920","url_meta":{"origin":7907,"position":5},"title":"Auf Friedensfahrt \u2013 Kurs 2012 5. Tag: Mari\u00e1nsk\u00e9 L\u00e1zn\u011b -> Taltitz","author":"Georg","date":"Mai 19, 2012","format":false,"excerpt":"155,18 km | 1.931 H\u00f6henmeter Nach dem tschechischen\u00a0Fr\u00fchst\u00fcck, hoch oben auf dem Berg \u00fcber Marienbad verlie\u00dfen wir den eleganten Ort, ohne vorher noch eine touristische Ortsdurchfahrt zu absolvieren. Leider hatten wir nicht mehr Zeit, uns die vielen sch\u00f6nen alten Geb\u00e4ude anzusehen. Gemeinsam mit meinem Team ging es auf der geplanten\u2026","rel":"","context":"In &quot;Besonderes Ereignis&quot;","block_context":{"text":"Besonderes Ereignis","link":"https:\/\/blog.kunstgriff.net\/?cat=25"},"img":{"alt_text":"","src":"https:\/\/i0.wp.com\/blog.kunstgriff.net\/wp-content\/uploads\/2012\/05\/Meine-Th%C3%BCringer-Bergziegen-und-icke.jpg?resize=350%2C200","width":350,"height":200,"srcset":"https:\/\/i0.wp.com\/blog.kunstgriff.net\/wp-content\/uploads\/2012\/05\/Meine-Th%C3%BCringer-Bergziegen-und-icke.jpg?resize=350%2C200 1x, https:\/\/i0.wp.com\/blog.kunstgriff.net\/wp-content\/uploads\/2012\/05\/Meine-Th%C3%BCringer-Bergziegen-und-icke.jpg?resize=525%2C300 1.5x, https:\/\/i0.wp.com\/blog.kunstgriff.net\/wp-content\/uploads\/2012\/05\/Meine-Th%C3%BCringer-Bergziegen-und-icke.jpg?resize=700%2C400 2x"},"classes":[]}],"jetpack_likes_enabled":true,"jetpack_sharing_enabled":true,"_links":{"self":[{"href":"https:\/\/blog.kunstgriff.net\/index.php?rest_route=\/wp\/v2\/posts\/7907","targetHints":{"allow":["GET"]}}],"collection":[{"href":"https:\/\/blog.kunstgriff.net\/index.php?rest_route=\/wp\/v2\/posts"}],"about":[{"href":"https:\/\/blog.kunstgriff.net\/index.php?rest_route=\/wp\/v2\/types\/post"}],"author":[{"embeddable":true,"href":"https:\/\/blog.kunstgriff.net\/index.php?rest_route=\/wp\/v2\/users\/2"}],"replies":[{"embeddable":true,"href":"https:\/\/blog.kunstgriff.net\/index.php?rest_route=%2Fwp%2Fv2%2Fcomments&post=7907"}],"version-history":[{"count":0,"href":"https:\/\/blog.kunstgriff.net\/index.php?rest_route=\/wp\/v2\/posts\/7907\/revisions"}],"wp:attachment":[{"href":"https:\/\/blog.kunstgriff.net\/index.php?rest_route=%2Fwp%2Fv2%2Fmedia&parent=7907"}],"wp:term":[{"taxonomy":"category","embeddable":true,"href":"https:\/\/blog.kunstgriff.net\/index.php?rest_route=%2Fwp%2Fv2%2Fcategories&post=7907"},{"taxonomy":"post_tag","embeddable":true,"href":"https:\/\/blog.kunstgriff.net\/index.php?rest_route=%2Fwp%2Fv2%2Ftags&post=7907"}],"curies":[{"name":"wp","href":"https:\/\/api.w.org\/{rel}","templated":true}]}}