{"id":8202,"date":"2012-06-12T21:51:19","date_gmt":"2012-06-12T19:51:19","guid":{"rendered":"http:\/\/blog.kunstgriff.net\/?p=8202"},"modified":"2016-08-29T16:57:46","modified_gmt":"2016-08-29T14:57:46","slug":"bernds-blankensee-feierabendrunde-v2","status":"publish","type":"post","link":"https:\/\/blog.kunstgriff.net\/?p=8202","title":{"rendered":"Bernds-Blankensee-Feierabendrunde v2"},"content":{"rendered":"<span class=\"span-reading-time rt-reading-time\" style=\"display: block;\"><span class=\"rt-label rt-prefix\">Lesezeit: <\/span> <span class=\"rt-time\"> 2<\/span> <span class=\"rt-label rt-postfix\">Minuten<\/span><\/span><h4>oder \u00bbMal sehen was zu dritt so geht!\u00ab<\/h4>\n<hr \/>\n<p>Das Wetter war <del datetime=\"2012-06-12T19:31:02+00:00\">fast<\/del> perfekt f\u00fcr eine Feierabendrunde und so hetzte ich nach meinem letzten Kunden nach Hause, um p\u00fcnktlich um 17:55 Uhr am Auerbachtunnel sein zu k\u00f6nnen. Leider waren dort nur Mark und Fabian, der die Runde leiten sollte. Am Wetter hat es wohl nicht gelegen &#8211; vielleicht steckten den Anderen noch der <a href=\"http:\/\/blog.kunstgriff.net\/?p=8140\" target=\"_blank\">Velothon<\/a> in den Beinen? Ich freute mich trotzdem auf eine flotte Runde mit den beiden jungen Burschen.<\/p>\n<p>Es ging raus auf bekannten Wegen und das Tempo wurde immer ordentlich hoch gehalten. Fabian checkte das Ein ums Andere mal seinen VP und best\u00e4tigte das wir vorne lagen.<\/p>\n<p>Es schien als h\u00e4tte nicht nur ich heute gute Beine, denn die F\u00fchrungen wurden sauber mit gleichm\u00e4\u00dfigem Tempo gefahren. In St\u00fccken gab es wieder eine kurze Pause und auf dem R\u00fcckweg in Tremsdorf kam uns noch Christian, in seinen umgewaschenen Velothon-Radklamotten, entgegen. Sogar die Startnummer war noch dran! Er drehte um, und schloss sich uns an. Zu riechen war von den Klamotten zum Gl\u00fcck nix. Nun ging es zu viert mit leichtem Schiebewind zur\u00fcck in die Hauptstadt. Auf der der Krone fragte Fabian, ob denn der Willy noch gefahren w\u00fcrde. <em>Welch Frage!<\/em><\/p>\n<p>Ein f\u00fcnfter, uns unbekannter, Mitfahrer hing sich auf der Havelchaussee noch an uns ran und versuchte vor uns oben, am <a href=\"http:\/\/de.wikipedia.org\/wiki\/Grunewaldturm\" target=\"_blank\">Grunewaldturm<\/a>, zu sein. Dies wusste ich aber zu verhindern. <em>Strike.<\/em><\/p>\n<p>Das Postfenn fuhren wir dann gemeinsam hoch. Wieder eine klasse <em>Abkoch-Nummer<\/em> zum Schluss. So gef\u00e4llt mir das. Wenn ich dort alleine lang fahre, gebe ich mir es nie so derbe. Das best\u00e4tigte mir auch der f\u00fcnfte Mitfaher, mit dem ich an der Heerstrasse kurz ins Gespr\u00e4ch kam. Er wollte heute eigentlich<em> ruhig fahren.<\/em><\/p>\n<p><em><strong>Fazit: <\/strong><\/em>Eine klasse Runde, die wir sogar schneller als am letzten Dienstag abgespult haben. Der Schnitt war um 0.6 km\/h h\u00f6her und wir waren 3 Minuten schneller durch. <em>Just for the record.<\/em><\/p>\n<p>Donnerstag dann im M\u00fchlenbecker-Land!<\/p>\n<p style=\"text-align: center;\"><a href=\"https:\/\/i0.wp.com\/blog.kunstgriff.net\/wp-content\/uploads\/2012\/06\/Oben-am-Postfenn-der-H%C3%BCgel-ist-geschafft.jpg\"><img data-recalc-dims=\"1\" loading=\"lazy\" decoding=\"async\" data-attachment-id=\"8207\" data-permalink=\"https:\/\/blog.kunstgriff.net\/?attachment_id=8207\" data-orig-file=\"https:\/\/i0.wp.com\/blog.kunstgriff.net\/wp-content\/uploads\/2012\/06\/Oben-am-Postfenn-der-H%C3%BCgel-ist-geschafft.jpg?fit=1000%2C750&amp;ssl=1\" data-orig-size=\"1000,750\" data-comments-opened=\"1\" data-image-meta=\"{&quot;aperture&quot;:&quot;2.8&quot;,&quot;credit&quot;:&quot;&quot;,&quot;camera&quot;:&quot;Canon DIGITAL IXUS 870 IS&quot;,&quot;caption&quot;:&quot;&quot;,&quot;created_timestamp&quot;:&quot;1339526053&quot;,&quot;copyright&quot;:&quot;&quot;,&quot;focal_length&quot;:&quot;5&quot;,&quot;iso&quot;:&quot;400&quot;,&quot;shutter_speed&quot;:&quot;0.00625&quot;,&quot;title&quot;:&quot;&quot;}\" data-image-title=\"Oben am Postfenn &amp;#8211; der H\u00fcgel ist geschafft\" data-image-description=\"\" data-image-caption=\"\" data-large-file=\"https:\/\/i0.wp.com\/blog.kunstgriff.net\/wp-content\/uploads\/2012\/06\/Oben-am-Postfenn-der-H%C3%BCgel-ist-geschafft.jpg?fit=1000%2C750&amp;ssl=1\" class=\"aligncenter size-full wp-image-8207\" title=\"Oben am Postfenn - der H\u00fcgel ist geschafft\" src=\"https:\/\/i0.wp.com\/blog.kunstgriff.net\/wp-content\/uploads\/2012\/06\/Oben-am-Postfenn-der-H%C3%BCgel-ist-geschafft.jpg?resize=525%2C394\" alt=\"\" width=\"525\" height=\"394\" srcset=\"https:\/\/i0.wp.com\/blog.kunstgriff.net\/wp-content\/uploads\/2012\/06\/Oben-am-Postfenn-der-H%C3%BCgel-ist-geschafft.jpg?w=1000&amp;ssl=1 1000w, https:\/\/i0.wp.com\/blog.kunstgriff.net\/wp-content\/uploads\/2012\/06\/Oben-am-Postfenn-der-H%C3%BCgel-ist-geschafft.jpg?resize=300%2C225&amp;ssl=1 300w\" sizes=\"auto, (max-width: 525px) 100vw, 525px\" \/><\/a><\/p>\n<p><iframe height='405' width='590' frameborder='0' allowtransparency='true' scrolling='no' src='https:\/\/www.strava.com\/activities\/11385304\/embed\/ea9f72b39875c7ab9dcccc07d445992cb79234c7'><\/iframe><\/p>\n","protected":false},"excerpt":{"rendered":"<p>oder \u00bbMal sehen was zu dritt so geht!\u00ab Das Wetter war fast perfekt f\u00fcr eine Feierabendrunde und so hetzte ich nach meinem letzten Kunden nach Hause, um p\u00fcnktlich um 17:55 Uhr am Auerbachtunnel sein zu k\u00f6nnen. Leider waren dort nur Mark und Fabian, der die Runde leiten sollte. Am Wetter hat es wohl nicht gelegen &hellip; <\/p>\n<p class=\"link-more\"><a href=\"https:\/\/blog.kunstgriff.net\/?p=8202\" class=\"more-link\"><span class=\"screen-reader-text\">\u201eBernds-Blankensee-Feierabendrunde v2\u201c <\/span>weiterlesen<\/a><\/p>\n","protected":false},"author":2,"featured_media":0,"comment_status":"open","ping_status":"open","sticky":false,"template":"","format":"standard","meta":{"jetpack_post_was_ever_published":false,"_jetpack_newsletter_access":"","_jetpack_dont_email_post_to_subs":false,"_jetpack_newsletter_tier_id":0,"_jetpack_memberships_contains_paywalled_content":false,"_jetpack_memberships_contains_paid_content":false,"footnotes":""},"categories":[14,7],"tags":[],"class_list":["post-8202","post","type-post","status-publish","format-standard","hentry","category-radfahren","category-rennradfahren"],"jetpack_featured_media_url":"","jetpack_shortlink":"https:\/\/wp.me\/p8Cxe7-28i","jetpack-related-posts":[{"id":4672,"url":"https:\/\/blog.kunstgriff.net\/?p=4672","url_meta":{"origin":8202,"position":0},"title":"Schwielowsee-Feierabendrunde","author":"Georg","date":"Mai 25, 2011","format":false,"excerpt":"oder \u00bbImmer wieder Mittwochs\u00abMeine email an die rennradliste und rennradgruppe im Internet hatte heute, bei dem sch\u00f6nen Wetter wieder \u00fcber 10 Radler animiert mit mir diese Feierabendrunde in Angriff zu nehmen. Eine bunte Mischung aus alt bekannten Gesichtern und auch neuen, die diese Runde wagen wollten, fanden sich um kurz\u2026","rel":"","context":"In &quot;Radfahren&quot;","block_context":{"text":"Radfahren","link":"https:\/\/blog.kunstgriff.net\/?cat=14"},"img":{"alt_text":"","src":"","width":0,"height":0},"classes":[]},{"id":8124,"url":"https:\/\/blog.kunstgriff.net\/?p=8124","url_meta":{"origin":8202,"position":1},"title":"Bernds-Blankensee-Feierabendrunde","author":"Georg","date":"Juni 5, 2012","format":false,"excerpt":"oder \u00bbBolzen wie in alten Zeiten\u00abFr\u00fcher\u2122 hatte ich an Dienstagen \u00f6fter meine Schwielowsee-Runde als Feierabendrunde angeboten. In diesem Jahr fehlte mir dazu die Lust und Motivation und so war ich sehr froh, dass Bernd die Initiative ergriffen und eine immer Dienstags stattfindende Runde etablieren m\u00f6chte. Mir passte eine Bolzer-Runde heute\u2026","rel":"","context":"In &quot;Radfahren&quot;","block_context":{"text":"Radfahren","link":"https:\/\/blog.kunstgriff.net\/?cat=14"},"img":{"alt_text":"","src":"https:\/\/i0.wp.com\/blog.kunstgriff.net\/wp-content\/uploads\/2012\/06\/Illustrer-Haufen-am-Auerbach-Tunnel-300x225.jpg?resize=350%2C200","width":350,"height":200},"classes":[]},{"id":8495,"url":"https:\/\/blog.kunstgriff.net\/?p=8495","url_meta":{"origin":8202,"position":2},"title":"Bernds-Blankensee-Feierabendrunde v3","author":"Georg","date":"Juli 10, 2012","format":false,"excerpt":"oder \u00bbOhne Kraft bolzen \u2013 kann das gut gehen?\u00ab Als ich das letzte mal diese sch\u00f6ne Feierabendrunde gefahren bin waren wir nur zu dritt \u2013 heute waren es 11 Rennradler und 1 Liegeradler, die sich auf Bernds Runde machen wollten. Wie gewohnt ging es gleich flott die Krone herunter. Oliver\u2026","rel":"","context":"In &quot;Radfahren&quot;","block_context":{"text":"Radfahren","link":"https:\/\/blog.kunstgriff.net\/?cat=14"},"img":{"alt_text":"","src":"https:\/\/i0.wp.com\/blog.kunstgriff.net\/wp-content\/uploads\/2012\/07\/Zu-zw%C3%B6lft-bei-der-kurzen-Halbzeitpause-in-St%C3%BCcken-300x225.jpg?resize=350%2C200","width":350,"height":200},"classes":[]},{"id":1271,"url":"https:\/\/blog.kunstgriff.net\/?p=1271","url_meta":{"origin":8202,"position":3},"title":"Schwielowsee-Feierabendrunde-Extrem","author":"Georg","date":"April 28, 2010","format":false,"excerpt":"Bei herrlichem Fr\u00fchlingswetter mit Sonnenschein und Temperaturen um die 20\u02daC musste der Feierabend einfach f\u00fcr die Schwielowsee-Runde genutzt werden. Wir trafen uns gut gelaunt am Auerbachtunnel und alle Mitfahrer waren h\u00f6chst erfreut, endlich wieder \u00bbkurz-kurz\u00ab fahren zu k\u00f6nnen. Die Wartenden teilten sich schon in A- und B-Gr\u00fcppchen auf. Die A-Gruppe\u2026","rel":"","context":"In &quot;Radfahren&quot;","block_context":{"text":"Radfahren","link":"https:\/\/blog.kunstgriff.net\/?cat=14"},"img":{"alt_text":"","src":"https:\/\/i0.wp.com\/blog.kunstgriff.net\/wp-content\/uploads\/2010\/04\/Feierabendrunde2504.png?resize=350%2C200","width":350,"height":200},"classes":[]},{"id":1352,"url":"https:\/\/blog.kunstgriff.net\/?p=1352","url_meta":{"origin":8202,"position":4},"title":"Schwielowsee-Feierabendrunde","author":"Georg","date":"Mai 20, 2010","format":false,"excerpt":"Endlich war das Wetter wieder erfreulich und so lie\u00df sich die gewohnte Feierabendrunde um den Schwielowsee planen. Nach dem Losfahren mit neuer Kette merkte ich schnell, das etwas mit dem Kettenlauf nicht stimmte: Bei starkem Treten sprang die neue Kette regelm\u00e4\u00dfig, was ein entspanntes Fahren fast unm\u00f6glich machte. Ich erreichte\u2026","rel":"","context":"In &quot;Radfahren&quot;","block_context":{"text":"Radfahren","link":"https:\/\/blog.kunstgriff.net\/?cat=14"},"img":{"alt_text":"","src":"","width":0,"height":0},"classes":[]},{"id":1413,"url":"https:\/\/blog.kunstgriff.net\/?p=1413","url_meta":{"origin":8202,"position":5},"title":"Schwielowsee-Feierabendrunde &#8211; neue Referenz","author":"Georg","date":"Mai 26, 2010","format":false,"excerpt":"Eigentlich f\u00fchlte ich mich heute nicht wirklich nach Rennrad fahren, aber ich hatte ja diese Runde ausgerufen und das Wetter war auch angenehm warm, sodass sogar \"kurz\/kurz\" gefahren werden konnte. Viele \u00bbRegulars\u00ab hatten mir schon per e-mail abgesagt und so war mir nicht klar ob ich ggf. sogar alleine um\u2026","rel":"","context":"In &quot;Radfahren&quot;","block_context":{"text":"Radfahren","link":"https:\/\/blog.kunstgriff.net\/?cat=14"},"img":{"alt_text":"","src":"","width":0,"height":0},"classes":[]}],"jetpack_likes_enabled":true,"jetpack_sharing_enabled":true,"_links":{"self":[{"href":"https:\/\/blog.kunstgriff.net\/index.php?rest_route=\/wp\/v2\/posts\/8202","targetHints":{"allow":["GET"]}}],"collection":[{"href":"https:\/\/blog.kunstgriff.net\/index.php?rest_route=\/wp\/v2\/posts"}],"about":[{"href":"https:\/\/blog.kunstgriff.net\/index.php?rest_route=\/wp\/v2\/types\/post"}],"author":[{"embeddable":true,"href":"https:\/\/blog.kunstgriff.net\/index.php?rest_route=\/wp\/v2\/users\/2"}],"replies":[{"embeddable":true,"href":"https:\/\/blog.kunstgriff.net\/index.php?rest_route=%2Fwp%2Fv2%2Fcomments&post=8202"}],"version-history":[{"count":0,"href":"https:\/\/blog.kunstgriff.net\/index.php?rest_route=\/wp\/v2\/posts\/8202\/revisions"}],"wp:attachment":[{"href":"https:\/\/blog.kunstgriff.net\/index.php?rest_route=%2Fwp%2Fv2%2Fmedia&parent=8202"}],"wp:term":[{"taxonomy":"category","embeddable":true,"href":"https:\/\/blog.kunstgriff.net\/index.php?rest_route=%2Fwp%2Fv2%2Fcategories&post=8202"},{"taxonomy":"post_tag","embeddable":true,"href":"https:\/\/blog.kunstgriff.net\/index.php?rest_route=%2Fwp%2Fv2%2Ftags&post=8202"}],"curies":[{"name":"wp","href":"https:\/\/api.w.org\/{rel}","templated":true}]}}