{"id":8275,"date":"2012-06-19T21:41:33","date_gmt":"2012-06-19T19:41:33","guid":{"rendered":"http:\/\/blog.kunstgriff.net\/?p=8275"},"modified":"2016-08-29T16:50:52","modified_gmt":"2016-08-29T14:50:52","slug":"nauders-piller-hohe-norbertshohe","status":"publish","type":"post","link":"https:\/\/blog.kunstgriff.net\/?p=8275","title":{"rendered":"Nauders -> Piller H\u00f6he -> Norbertsh\u00f6he"},"content":{"rendered":"<span class=\"span-reading-time rt-reading-time\" style=\"display: block;\"><span class=\"rt-label rt-prefix\">Lesezeit: <\/span> <span class=\"rt-time\"> 2<\/span> <span class=\"rt-label rt-postfix\">Minuten<\/span><\/span><h4>oder \u00bbMir dicken Beinen durchs Inntal\u00ab<\/h4>\n<hr \/>\n<p>Heute war der zweite und vorerst letzte Trainingstag im Dreil\u00e4nder-Eck geplant. Morgen ist Ruhetag, da \u00fcbermorgen der <a href=\"http:\/\/www.gletscherkaiser.at\/\" target=\"_blank\">Kaunertaler Kletscherkaiser<\/a> auf dem Programm steht.<\/p>\n<p>Dirk hatte die heutige Trainings-Runde f\u00fcr uns geplant. Obwohl der Track auf dem Garmin langweilig wirkt, hatte er einige Highlights zu bieten. Gleich beim langen angenehmen Einrollen ins Inntal hinab, sammelten wir einen Frankfurter Trek-Fahrer mit Skilehrergesicht ein. Er trainierte f\u00fcr den <a href=\"http:\/\/www.oetztaler-radmarathon.com\/\" target=\"_blank\">\u00d6tzi<\/a> und zeigte uns einen herrlichen Radweg entlang des Inns. Dort ging es leicht wellig, aber immer bergab nach Prutz, wo sich unsere Wege teilten und wir in Richtung Kaunertal abbogen.<\/p>\n<p>Gem\u00fctlich kurbelten wir dem Gletscher entgegen, bis uns ein unerwarteter Abzweig in den steilen Berg hinein trieb. Die Steigung war sofort zweistellig, Karsten machte sich <del datetime=\"2012-06-19T18:49:40+00:00\">schlauerweise<\/del> auf den Heimweg. Eigentlich sah es auf dem Garmin aus, als w\u00e4re der Anstieg nach 750 m vor\u00fcber. Dem war aber nicht so, nach drei flachen Metern ging es nocheinmal deutlich steiler den Berg hinauf.<\/p>\n<p>Hinter Kauns versuchte Uwe <del datetime=\"2012-06-19T18:49:40+00:00\">mich<\/del> den F\u00fchrenden zu kassieren. Bei 14% Steigung kein leichtes Man\u00f6ver. Er blieb wenige Meter vor mir, bevor ich aus dem Sattel ging und im Wiegetritt an ihm vorbei zog. Bei <a href=\"http:\/\/www.quaeldich.de\/qdtp\/anfahrten\/440_3443_gradient.gif\" target=\"_blank\">DER Steigung<\/a> war es nun wichtig meinen Tritt zu finden und die F\u00fchrung nicht mehr abzugeben, was mir <del datetime=\"2012-06-19T18:49:40+00:00\">ohne viel M\u00fche<\/del> gelang.<\/p>\n<p>Ich erreichte zwei Minuten vor Uwe den Gipfel. Als Dirk und Isabell oben waren genossen wir kurz die Aussicht und st\u00fcrzten uns in die Abfahrt, von der ein <a href=\"http:\/\/youtu.be\/ZEx9izjsUi0\" target=\"_blank\">YouTube Video mit Dirks KeyCam<\/a> in 720p\u00a0geschossen wurde. Die Abfahrt war nicht nur f\u00fcr Isabell zu steil, auch mich packte die Angst, dass Mensch und Maschine in einer Notsituation nicht mehr rechtzeitig zum Halten zu bringen sein w\u00fcrden.<\/p>\n<p>Unten im Tal machten wir uns auf den sch\u00f6nen Inn-begleitenden Radweg in Richtung Prutz, wo wir zu Kaffee und Kuchen einkehrten. Der war nach dieser Belastung besonders lecker.<\/p>\n<p>Mit vollem Magen kurbelten wir Martina, dem Schweizer Grenzort, entgegen. Auf einmal stoppte Isabell unerwartet. Wie sich sp\u00e4ter herausstellte konnte sie die Kette nicht mehr aufs gro\u00dfe Blatt bewegen, was die drei handwerklich nicht ungeschickten Begleiter aber zu ihrem gro\u00dfen Missfallen ignorierten. Da es nur noch bergauf ging, war das gro\u00dfe Blatt auch nicht mehr n\u00f6tig, befanden die M\u00e4nner. Isabell war anderer Meinung und mutierte zum Wutb\u00fcrger.<\/p>\n<p>Diese Wut setzte ungeahnte Kr\u00e4fte in ihr frei, die es ihr erm\u00f6glichten, uns erst abzusch\u00fctteln und dann Ewigkeiten durch den Gegenwind zu f\u00fchren. In Martina war dann damit Schluss, denn es ging den letzten Anstieg, mit 11 Kehren die <a href=\"http:\/\/www.quaeldich.de\/paesse\/norbertshoehe\/\" target=\"_blank\">Norbertsh\u00f6he<\/a> hinauf.<\/p>\n<p>Der Anstieg ist eigentlich recht gut zu fahren: Nicht \u00fcberm\u00e4\u00dfig steil und die Kehren wunderbar durchnummeriert. Allerdings bem\u00fchten sich Isabell und Dirk, mir diesen letzten Anstieg abzunehmen, was in mir ungeahnte <del datetime=\"2012-06-19T18:49:40+00:00\">Angst<\/del> Kr\u00e4fte freisetzte.<\/p>\n<p><em><strong>Fazit: <\/strong><\/em>Eine klasse letzte Trainingseinheit vor dem Wettkampf am Donnerstag. Auch zwei Anstiege reichen um einen <em>Garmin-Schorsch<\/em> ordentlich auszubelasten. Ich freue mich schon sehr auf \u00dcbermorgen!<\/p>\n<div class=\"tiled-gallery type-rectangular tiled-gallery-unresized\" data-original-width=\"525\" data-carousel-extra='{&quot;blog_id&quot;:1,&quot;permalink&quot;:&quot;https:\\\/\\\/blog.kunstgriff.net\\\/?p=8275&quot;,&quot;likes_blog_id&quot;:127394879}' itemscope itemtype=\"http:\/\/schema.org\/ImageGallery\" > <div class=\"gallery-row\" style=\"width: 525px; height: 264px;\" data-original-width=\"525\" data-original-height=\"264\" > <div class=\"gallery-group images-1\" style=\"width: 350px; height: 264px;\" data-original-width=\"350\" data-original-height=\"264\" > <div class=\"tiled-gallery-item tiled-gallery-item-large\" itemprop=\"associatedMedia\" itemscope itemtype=\"http:\/\/schema.org\/ImageObject\"> <a href=\"https:\/\/i0.wp.com\/blog.kunstgriff.net\/wp-content\/uploads\/2012\/06\/Wutwiesel-wieder-mit-der-Welt-vers%C3%B6hnt.jpg?ssl=1\" border=\"0\" itemprop=\"url\"> <meta itemprop=\"width\" content=\"346\"> <meta itemprop=\"height\" content=\"260\"> <img decoding=\"async\" class=\"\" data-attachment-id=\"8283\" data-orig-file=\"https:\/\/blog.kunstgriff.net\/wp-content\/uploads\/2012\/06\/Wutwiesel-wieder-mit-der-Welt-vers\u00f6hnt.jpg\" data-orig-size=\"1000,750\" data-comments-opened=\"1\" data-image-meta=\"{&quot;aperture&quot;:&quot;5.6&quot;,&quot;credit&quot;:&quot;&quot;,&quot;camera&quot;:&quot;Canon DIGITAL IXUS 870 IS&quot;,&quot;caption&quot;:&quot;&quot;,&quot;created_timestamp&quot;:&quot;1340114177&quot;,&quot;copyright&quot;:&quot;&quot;,&quot;focal_length&quot;:&quot;5&quot;,&quot;iso&quot;:&quot;80&quot;,&quot;shutter_speed&quot;:&quot;0.002&quot;,&quot;title&quot;:&quot;&quot;}\" data-image-title=\"Wutwiesel wieder mit der Welt vers\u00f6hnt\" data-image-description=\"\" data-medium-file=\"https:\/\/i0.wp.com\/blog.kunstgriff.net\/wp-content\/uploads\/2012\/06\/Wutwiesel-wieder-mit-der-Welt-vers%C3%B6hnt.jpg?fit=300%2C225&#038;ssl=1\" data-large-file=\"https:\/\/i0.wp.com\/blog.kunstgriff.net\/wp-content\/uploads\/2012\/06\/Wutwiesel-wieder-mit-der-Welt-vers%C3%B6hnt.jpg?fit=1000%2C750&#038;ssl=1\" src=\"https:\/\/i0.wp.com\/blog.kunstgriff.net\/wp-content\/uploads\/2012\/06\/Wutwiesel-wieder-mit-der-Welt-vers%C3%B6hnt.jpg?w=346&#038;h=260&#038;ssl=1\" width=\"346\" height=\"260\" loading=\"lazy\" data-original-width=\"346\" data-original-height=\"260\" itemprop=\"http:\/\/schema.org\/image\" title=\"Wutwiesel wieder mit der Welt vers\u00f6hnt\" alt=\"Wutwiesel wieder mit der Welt vers\u00f6hnt\" style=\"width: 346px; height: 260px;\" \/> <\/a> <\/div> <\/div> <!-- close group --> <div class=\"gallery-group images-2\" style=\"width: 175px; height: 264px;\" data-original-width=\"175\" data-original-height=\"264\" > <div class=\"tiled-gallery-item tiled-gallery-item-small\" itemprop=\"associatedMedia\" itemscope itemtype=\"http:\/\/schema.org\/ImageObject\"> <a href=\"https:\/\/i0.wp.com\/blog.kunstgriff.net\/wp-content\/uploads\/2012\/06\/Kuchenpause-in-Prutz.jpg?ssl=1\" border=\"0\" itemprop=\"url\"> <meta itemprop=\"width\" content=\"171\"> <meta itemprop=\"height\" content=\"128\"> <img decoding=\"async\" class=\"\" data-attachment-id=\"8282\" data-orig-file=\"https:\/\/blog.kunstgriff.net\/wp-content\/uploads\/2012\/06\/Kuchenpause-in-Prutz.jpg\" data-orig-size=\"1000,750\" data-comments-opened=\"1\" data-image-meta=\"{&quot;aperture&quot;:&quot;2.8&quot;,&quot;credit&quot;:&quot;&quot;,&quot;camera&quot;:&quot;Canon DIGITAL IXUS 870 IS&quot;,&quot;caption&quot;:&quot;&quot;,&quot;created_timestamp&quot;:&quot;1340105529&quot;,&quot;copyright&quot;:&quot;&quot;,&quot;focal_length&quot;:&quot;5&quot;,&quot;iso&quot;:&quot;125&quot;,&quot;shutter_speed&quot;:&quot;0.002&quot;,&quot;title&quot;:&quot;&quot;}\" data-image-title=\"Kuchenpause in Prutz\" data-image-description=\"\" data-medium-file=\"https:\/\/i0.wp.com\/blog.kunstgriff.net\/wp-content\/uploads\/2012\/06\/Kuchenpause-in-Prutz.jpg?fit=300%2C225&#038;ssl=1\" data-large-file=\"https:\/\/i0.wp.com\/blog.kunstgriff.net\/wp-content\/uploads\/2012\/06\/Kuchenpause-in-Prutz.jpg?fit=1000%2C750&#038;ssl=1\" src=\"https:\/\/i0.wp.com\/blog.kunstgriff.net\/wp-content\/uploads\/2012\/06\/Kuchenpause-in-Prutz.jpg?w=171&#038;h=128&#038;ssl=1\" srcset=\"https:\/\/i0.wp.com\/blog.kunstgriff.net\/wp-content\/uploads\/2012\/06\/Kuchenpause-in-Prutz.jpg?w=1000&amp;ssl=1 1000w, https:\/\/i0.wp.com\/blog.kunstgriff.net\/wp-content\/uploads\/2012\/06\/Kuchenpause-in-Prutz.jpg?resize=300%2C225&amp;ssl=1 300w\" width=\"171\" height=\"128\" loading=\"lazy\" data-original-width=\"171\" data-original-height=\"128\" itemprop=\"http:\/\/schema.org\/image\" title=\"Kuchenpause in Prutz\" alt=\"Kuchenpause in Prutz\" style=\"width: 171px; height: 128px;\" \/> <\/a> <\/div> <div class=\"tiled-gallery-item tiled-gallery-item-small\" itemprop=\"associatedMedia\" itemscope itemtype=\"http:\/\/schema.org\/ImageObject\"> <a href=\"https:\/\/i0.wp.com\/blog.kunstgriff.net\/wp-content\/uploads\/2012\/06\/Auf-dem-Weg-zur-Piller-H%C3%B6he.jpg?ssl=1\" border=\"0\" itemprop=\"url\"> <meta itemprop=\"width\" content=\"171\"> <meta itemprop=\"height\" content=\"128\"> <img decoding=\"async\" class=\"\" data-attachment-id=\"8280\" data-orig-file=\"https:\/\/blog.kunstgriff.net\/wp-content\/uploads\/2012\/06\/Auf-dem-Weg-zur-Piller-H\u00f6he.jpg\" data-orig-size=\"1000,750\" data-comments-opened=\"1\" data-image-meta=\"{&quot;aperture&quot;:&quot;2.8&quot;,&quot;credit&quot;:&quot;&quot;,&quot;camera&quot;:&quot;Canon DIGITAL IXUS 870 IS&quot;,&quot;caption&quot;:&quot;&quot;,&quot;created_timestamp&quot;:&quot;1340096175&quot;,&quot;copyright&quot;:&quot;&quot;,&quot;focal_length&quot;:&quot;5&quot;,&quot;iso&quot;:&quot;80&quot;,&quot;shutter_speed&quot;:&quot;0.001&quot;,&quot;title&quot;:&quot;&quot;}\" data-image-title=\"Auf dem Weg zur Piller H\u00f6he\" data-image-description=\"\" data-medium-file=\"https:\/\/i0.wp.com\/blog.kunstgriff.net\/wp-content\/uploads\/2012\/06\/Auf-dem-Weg-zur-Piller-H%C3%B6he.jpg?fit=300%2C225&#038;ssl=1\" data-large-file=\"https:\/\/i0.wp.com\/blog.kunstgriff.net\/wp-content\/uploads\/2012\/06\/Auf-dem-Weg-zur-Piller-H%C3%B6he.jpg?fit=1000%2C750&#038;ssl=1\" src=\"https:\/\/i0.wp.com\/blog.kunstgriff.net\/wp-content\/uploads\/2012\/06\/Auf-dem-Weg-zur-Piller-H%C3%B6he.jpg?w=171&#038;h=128&#038;ssl=1\" width=\"171\" height=\"128\" loading=\"lazy\" data-original-width=\"171\" data-original-height=\"128\" itemprop=\"http:\/\/schema.org\/image\" title=\"Auf dem Weg zur Piller H\u00f6he\" alt=\"Auf dem Weg zur Piller H\u00f6he\" style=\"width: 171px; height: 128px;\" \/> <\/a> <\/div> <\/div> <!-- close group --> <\/div> <!-- close row --> <div class=\"gallery-row\" style=\"width: 525px; height: 395px;\" data-original-width=\"525\" data-original-height=\"395\" > <div class=\"gallery-group images-1\" style=\"width: 525px; height: 395px;\" data-original-width=\"525\" data-original-height=\"395\" > <div class=\"tiled-gallery-item tiled-gallery-item-large\" itemprop=\"associatedMedia\" itemscope itemtype=\"http:\/\/schema.org\/ImageObject\"> <a href=\"https:\/\/i0.wp.com\/blog.kunstgriff.net\/wp-content\/uploads\/2012\/06\/Die-Rasselbande-im-Inntal.jpg?ssl=1\" border=\"0\" itemprop=\"url\"> <meta itemprop=\"width\" content=\"521\"> <meta itemprop=\"height\" content=\"391\"> <img decoding=\"async\" class=\"\" data-attachment-id=\"8281\" data-orig-file=\"https:\/\/blog.kunstgriff.net\/wp-content\/uploads\/2012\/06\/Die-Rasselbande-im-Inntal.jpg\" data-orig-size=\"1000,750\" data-comments-opened=\"1\" data-image-meta=\"{&quot;aperture&quot;:&quot;4&quot;,&quot;credit&quot;:&quot;&quot;,&quot;camera&quot;:&quot;Canon DIGITAL IXUS 870 IS&quot;,&quot;caption&quot;:&quot;&quot;,&quot;created_timestamp&quot;:&quot;1340095776&quot;,&quot;copyright&quot;:&quot;&quot;,&quot;focal_length&quot;:&quot;10.797&quot;,&quot;iso&quot;:&quot;100&quot;,&quot;shutter_speed&quot;:&quot;0.002&quot;,&quot;title&quot;:&quot;&quot;}\" data-image-title=\"Die Rasselbande im Inntal\" data-image-description=\"\" data-medium-file=\"https:\/\/i0.wp.com\/blog.kunstgriff.net\/wp-content\/uploads\/2012\/06\/Die-Rasselbande-im-Inntal.jpg?fit=300%2C225&#038;ssl=1\" data-large-file=\"https:\/\/i0.wp.com\/blog.kunstgriff.net\/wp-content\/uploads\/2012\/06\/Die-Rasselbande-im-Inntal.jpg?fit=1000%2C750&#038;ssl=1\" src=\"https:\/\/i0.wp.com\/blog.kunstgriff.net\/wp-content\/uploads\/2012\/06\/Die-Rasselbande-im-Inntal.jpg?w=521&#038;h=391&#038;ssl=1\" srcset=\"https:\/\/i0.wp.com\/blog.kunstgriff.net\/wp-content\/uploads\/2012\/06\/Die-Rasselbande-im-Inntal.jpg?w=1000&amp;ssl=1 1000w, https:\/\/i0.wp.com\/blog.kunstgriff.net\/wp-content\/uploads\/2012\/06\/Die-Rasselbande-im-Inntal.jpg?resize=300%2C225&amp;ssl=1 300w\" width=\"521\" height=\"391\" loading=\"lazy\" data-original-width=\"521\" data-original-height=\"391\" itemprop=\"http:\/\/schema.org\/image\" title=\"Die Rasselbande im Inntal\" alt=\"Die Rasselbande im Inntal\" style=\"width: 521px; height: 391px;\" \/> <\/a> <\/div> <\/div> <!-- close group --> <\/div> <!-- close row --> <\/div>\n<p><object width=\"560\" height=\"315\" classid=\"clsid:d27cdb6e-ae6d-11cf-96b8-444553540000\" codebase=\"http:\/\/download.macromedia.com\/pub\/shockwave\/cabs\/flash\/swflash.cab#version=6,0,40,0\"><param name=\"allowFullScreen\" value=\"true\" \/><param name=\"allowscriptaccess\" value=\"always\" \/><param name=\"src\" value=\"http:\/\/www.youtube-nocookie.com\/v\/ZEx9izjsUi0?version=3&amp;hl=de_DE&amp;rel=0\" \/><param name=\"allowfullscreen\" value=\"true\" \/><\/object><\/p>\n<p><iframe height='405' width='590' frameborder='0' allowtransparency='true' scrolling='no' src='https:\/\/www.strava.com\/activities\/11270222\/embed\/584aeaf1c4050c31ba48c9a15eedd2da89fcbf18'><\/iframe><\/p>\n","protected":false},"excerpt":{"rendered":"<p>oder \u00bbMir dicken Beinen durchs Inntal\u00ab Heute war der zweite und vorerst letzte Trainingstag im Dreil\u00e4nder-Eck geplant. Morgen ist Ruhetag, da \u00fcbermorgen der Kaunertaler Kletscherkaiser auf dem Programm steht. Dirk hatte die heutige Trainings-Runde f\u00fcr uns geplant. Obwohl der Track auf dem Garmin langweilig wirkt, hatte er einige Highlights zu bieten. Gleich beim langen angenehmen &hellip; <\/p>\n<p class=\"link-more\"><a href=\"https:\/\/blog.kunstgriff.net\/?p=8275\" class=\"more-link\"><span class=\"screen-reader-text\">\u201eNauders -> Piller H\u00f6he -> Norbertsh\u00f6he\u201c <\/span>weiterlesen<\/a><\/p>\n","protected":false},"author":2,"featured_media":0,"comment_status":"open","ping_status":"open","sticky":false,"template":"","format":"standard","meta":{"jetpack_post_was_ever_published":false,"_jetpack_newsletter_access":"","_jetpack_dont_email_post_to_subs":false,"_jetpack_newsletter_tier_id":0,"_jetpack_memberships_contains_paywalled_content":false,"_jetpack_memberships_contains_paid_content":false,"footnotes":""},"categories":[14,13,7],"tags":[],"class_list":["post-8275","post","type-post","status-publish","format-standard","hentry","category-radfahren","category-radreise","category-rennradfahren"],"jetpack_featured_media_url":"","jetpack_shortlink":"https:\/\/wp.me\/p8Cxe7-29t","jetpack-related-posts":[{"id":15776,"url":"https:\/\/blog.kunstgriff.net\/?p=15776","url_meta":{"origin":8275,"position":0},"title":"ERT 2017 Achensee \u2013 Sterzing","author":"Georg","date":"Juni 5, 2017","format":false,"excerpt":"102,5 km | 1.523 H\u00f6henmeter Der Tag begann mit einem leckeren Fr\u00fchst\u00fcck, mit selbst in kleinen Pf\u00e4nnchen zubereiteten Spiegeleiern und leichtem Nieselregen. Dieser verzog sich gl\u00fccklicherweise just zur Abfahrt und so konnten wir mit bester Laune den sch\u00f6nen Radweg entlang des azurblauen Achensees radeln. Nach nicht mal 20 km hatte\u2026","rel":"","context":"In &quot;Radreise&quot;","block_context":{"text":"Radreise","link":"https:\/\/blog.kunstgriff.net\/?cat=13"},"img":{"alt_text":"","src":"https:\/\/i0.wp.com\/blog.kunstgriff.net\/wp-content\/uploads\/2017\/06\/Etappenpr%C3%A4sentation-vom-Orga-Team.jpg?fit=1200%2C800&ssl=1&resize=350%2C200","width":350,"height":200,"srcset":"https:\/\/i0.wp.com\/blog.kunstgriff.net\/wp-content\/uploads\/2017\/06\/Etappenpr%C3%A4sentation-vom-Orga-Team.jpg?fit=1200%2C800&ssl=1&resize=350%2C200 1x, https:\/\/i0.wp.com\/blog.kunstgriff.net\/wp-content\/uploads\/2017\/06\/Etappenpr%C3%A4sentation-vom-Orga-Team.jpg?fit=1200%2C800&ssl=1&resize=525%2C300 1.5x, https:\/\/i0.wp.com\/blog.kunstgriff.net\/wp-content\/uploads\/2017\/06\/Etappenpr%C3%A4sentation-vom-Orga-Team.jpg?fit=1200%2C800&ssl=1&resize=700%2C400 2x, https:\/\/i0.wp.com\/blog.kunstgriff.net\/wp-content\/uploads\/2017\/06\/Etappenpr%C3%A4sentation-vom-Orga-Team.jpg?fit=1200%2C800&ssl=1&resize=1050%2C600 3x"},"classes":[]},{"id":8450,"url":"https:\/\/blog.kunstgriff.net\/?p=8450","url_meta":{"origin":8275,"position":1},"title":"Torfhaus- &#038; Brocken-Rocken","author":"Georg","date":"Juli 7, 2012","format":false,"excerpt":"oder \u00bbEndlich wieder Berge!\u00abEnde letzter Woche hatte Karsten die Idee, mal wieder den Brocken hoch zu fahren und ein paar H\u00f6henmeter zu machen. Als ich von dem Tourenaufruf las, war ich sofort Feuer & Flamme, den richtig H\u00f6henmeter hatte ich schon seit ein paar Wochen nicht mehr gemacht und die\u2026","rel":"","context":"In &quot;Radfahren&quot;","block_context":{"text":"Radfahren","link":"https:\/\/blog.kunstgriff.net\/?cat=14"},"img":{"alt_text":"","src":"https:\/\/i0.wp.com\/blog.kunstgriff.net\/wp-content\/uploads\/2012\/07\/Kurz-vorm-Start-auf-dem-Waldparkplatz-in-Darlingerode-150x150.jpg?resize=350%2C200","width":350,"height":200},"classes":[]},{"id":4906,"url":"https:\/\/blog.kunstgriff.net\/?p=4906","url_meta":{"origin":8275,"position":2},"title":"\u00d6desh\u00f6g -> Motala -> \u00d6desh\u00f6g","author":"Georg","date":"Juni 17, 2011","format":false,"excerpt":"oder \u00bbEinrollen auf schwedisch\u00ab Nach einer langen und relativ anstrengenden Anreise am gestrigen Donnerstag wollten wir unseren Tag vor dem Rennen nutzen, um ein wenig einzurollen. Da bot es sich an, ins rund 60 km entfernte Motala zu fahren, um die Startunterlagen mit Transponder abzuholen. 60 hin, 60 zur\u00fcck, fertig\u2026","rel":"","context":"In &quot;Garmin&quot;","block_context":{"text":"Garmin","link":"https:\/\/blog.kunstgriff.net\/?cat=35"},"img":{"alt_text":"","src":"https:\/\/i0.wp.com\/blog.kunstgriff.net\/wp-content\/uploads\/2011\/06\/IMG_2316-300x225.jpg?resize=350%2C200","width":350,"height":200},"classes":[]},{"id":5721,"url":"https:\/\/blog.kunstgriff.net\/?p=5721","url_meta":{"origin":8275,"position":3},"title":"Oranienburg -> \u00dcckeritz auf Usedom 2011","author":"Georg","date":"September 3, 2011","format":false,"excerpt":"oder \u00bbBestes Wetter & Team\u00ab Erstes September-Wochenende und auf dem Zettel steht, ja schon fast traditionell, die Fahrt nach Usedom. Da die Schulferien nun beendet und der goldene Herbst beginnt, sind die Voraussetzung f\u00fcr dieses Vorhaben ideal: Wenig Verkehr auf den Stra\u00dfen und keine \u00fcberf\u00fcllten Regionalz\u00fcge auf der R\u00fcckfahrt von\u2026","rel":"","context":"In &quot;Besonderes Ereignis&quot;","block_context":{"text":"Besonderes Ereignis","link":"https:\/\/blog.kunstgriff.net\/?cat=25"},"img":{"alt_text":"","src":"https:\/\/i0.wp.com\/blog.kunstgriff.net\/wp-content\/uploads\/2011\/09\/6-Uhr-17-Abfahrt-in-Oranienburg.jpg?resize=350%2C200","width":350,"height":200,"srcset":"https:\/\/i0.wp.com\/blog.kunstgriff.net\/wp-content\/uploads\/2011\/09\/6-Uhr-17-Abfahrt-in-Oranienburg.jpg?resize=350%2C200 1x, https:\/\/i0.wp.com\/blog.kunstgriff.net\/wp-content\/uploads\/2011\/09\/6-Uhr-17-Abfahrt-in-Oranienburg.jpg?resize=525%2C300 1.5x, https:\/\/i0.wp.com\/blog.kunstgriff.net\/wp-content\/uploads\/2011\/09\/6-Uhr-17-Abfahrt-in-Oranienburg.jpg?resize=700%2C400 2x"},"classes":[]},{"id":3911,"url":"https:\/\/blog.kunstgriff.net\/?p=3911","url_meta":{"origin":8275,"position":4},"title":"Llandundo -> Kap der guten Hoffnung","author":"Georg","date":"M\u00e4rz 15, 2011","format":false,"excerpt":"oder \"Ab in den S\u00fcden\" Die Tour wurde schon am Sonntag nach dem Race geplant. Es sollte mit dem Renner zum Kap der guten Hoffnung gehen. Dieser rund 55 km lange Weg dort runter f\u00fchrt uns auf weiten Teilen genau die Strecke entlang, die wir auch beim Rennen am Sonntag\u2026","rel":"","context":"In &quot;Radfahren&quot;","block_context":{"text":"Radfahren","link":"https:\/\/blog.kunstgriff.net\/?cat=14"},"img":{"alt_text":"","src":"https:\/\/i0.wp.com\/blog.kunstgriff.net\/wp-content\/uploads\/2011\/03\/IMG_1639.jpg?resize=350%2C200","width":350,"height":200,"srcset":"https:\/\/i0.wp.com\/blog.kunstgriff.net\/wp-content\/uploads\/2011\/03\/IMG_1639.jpg?resize=350%2C200 1x, https:\/\/i0.wp.com\/blog.kunstgriff.net\/wp-content\/uploads\/2011\/03\/IMG_1639.jpg?resize=525%2C300 1.5x, https:\/\/i0.wp.com\/blog.kunstgriff.net\/wp-content\/uploads\/2011\/03\/IMG_1639.jpg?resize=700%2C400 2x"},"classes":[]},{"id":11610,"url":"https:\/\/blog.kunstgriff.net\/?p=11610","url_meta":{"origin":8275,"position":5},"title":"Mallorca Trainingscamp 2014 &#8211; Tag 5 &#8211; Soller &#8211; Bunyola","author":"Georg","date":"April 5, 2014","format":false,"excerpt":"oder \u00bbPleiten-Pech & Pannen\u00abDer Plan war heute, nicht nur mehr H\u00f6henmeter zu sammeln, sondern auch ein paar Kilometer drauf zu packen. Start war, wie immer um 10 Uhr vor dem Hotel. In einer grossen Gruppe sollte es los gehen, durch das Maffay-Tal \u00fcber Alaro in den ersten Berg, nach Soller.\u2026","rel":"","context":"In &quot;Radfahren&quot;","block_context":{"text":"Radfahren","link":"https:\/\/blog.kunstgriff.net\/?cat=14"},"img":{"alt_text":"","src":"https:\/\/i0.wp.com\/blog.kunstgriff.net\/wp-content\/uploads\/2014\/04\/Teure-Kuchenpause.jpg?fit=1000%2C750&ssl=1&resize=350%2C200","width":350,"height":200,"srcset":"https:\/\/i0.wp.com\/blog.kunstgriff.net\/wp-content\/uploads\/2014\/04\/Teure-Kuchenpause.jpg?fit=1000%2C750&ssl=1&resize=350%2C200 1x, https:\/\/i0.wp.com\/blog.kunstgriff.net\/wp-content\/uploads\/2014\/04\/Teure-Kuchenpause.jpg?fit=1000%2C750&ssl=1&resize=525%2C300 1.5x, https:\/\/i0.wp.com\/blog.kunstgriff.net\/wp-content\/uploads\/2014\/04\/Teure-Kuchenpause.jpg?fit=1000%2C750&ssl=1&resize=700%2C400 2x"},"classes":[]}],"jetpack_likes_enabled":true,"jetpack_sharing_enabled":true,"_links":{"self":[{"href":"https:\/\/blog.kunstgriff.net\/index.php?rest_route=\/wp\/v2\/posts\/8275","targetHints":{"allow":["GET"]}}],"collection":[{"href":"https:\/\/blog.kunstgriff.net\/index.php?rest_route=\/wp\/v2\/posts"}],"about":[{"href":"https:\/\/blog.kunstgriff.net\/index.php?rest_route=\/wp\/v2\/types\/post"}],"author":[{"embeddable":true,"href":"https:\/\/blog.kunstgriff.net\/index.php?rest_route=\/wp\/v2\/users\/2"}],"replies":[{"embeddable":true,"href":"https:\/\/blog.kunstgriff.net\/index.php?rest_route=%2Fwp%2Fv2%2Fcomments&post=8275"}],"version-history":[{"count":0,"href":"https:\/\/blog.kunstgriff.net\/index.php?rest_route=\/wp\/v2\/posts\/8275\/revisions"}],"wp:attachment":[{"href":"https:\/\/blog.kunstgriff.net\/index.php?rest_route=%2Fwp%2Fv2%2Fmedia&parent=8275"}],"wp:term":[{"taxonomy":"category","embeddable":true,"href":"https:\/\/blog.kunstgriff.net\/index.php?rest_route=%2Fwp%2Fv2%2Fcategories&post=8275"},{"taxonomy":"post_tag","embeddable":true,"href":"https:\/\/blog.kunstgriff.net\/index.php?rest_route=%2Fwp%2Fv2%2Ftags&post=8275"}],"curies":[{"name":"wp","href":"https:\/\/api.w.org\/{rel}","templated":true}]}}