{"id":8391,"date":"2012-06-30T18:56:45","date_gmt":"2012-06-30T16:56:45","guid":{"rendered":"http:\/\/blog.kunstgriff.net\/?p=8391"},"modified":"2016-08-29T16:43:30","modified_gmt":"2016-08-29T14:43:30","slug":"nordrunde-uber-kremmen-11","status":"publish","type":"post","link":"https:\/\/blog.kunstgriff.net\/?p=8391","title":{"rendered":"Nordrunde \u00fcber Kremmen"},"content":{"rendered":"<span class=\"span-reading-time rt-reading-time\" style=\"display: block;\"><span class=\"rt-label rt-prefix\">Lesezeit: <\/span> <span class=\"rt-time\"> 2<\/span> <span class=\"rt-label rt-postfix\">Minuten<\/span><\/span><h4>oder \u00bbMit Angst durch den Wald\u00ab<\/h4>\n<hr \/>\n<p>Heute stand eigentlich die Werbellinsee-Runde auf dem Zettel. Leider regnete es zu meiner Abfahrzeit und so beschloss ich sp\u00e4ter auf eine Runde zu starten. Das Regengebiet zog zwar schnell durch, aber aufgrund von Berichten von Kettenbr\u00fcdern, dass gerade <em>nach<\/em> Regenschauern die Gefahr besonders hoch ist, sich die kleinen, fiesen, giftigen Haare der <a href=\"http:\/\/de.wikipedia.org\/wiki\/Eichen-Prozessionsspinner\" target=\"_blank\">Eichen-Prozessionsspinner<\/a> einzufangen, best\u00e4tigten mich in meiner Entscheidung, sp\u00e4ter zu starten. <em>Schade,<\/em> aber keinen Bock auf <a href=\"http:\/\/de.wikipedia.org\/w\/index.php?title=Datei:Raupendermatitis.jpg&amp;filetimestamp=20070717202504\" target=\"_blank\">Raupendermatitis<\/a> an Armen und Beinen.<\/p>\n<p>Allerdings fuhr auch beim sp\u00e4ten Start auf trockenen Strassen die Angst st\u00e4ndig mit. Eigentlich bin ich ja kein <a href=\"http:\/\/de.wikipedia.org\/wiki\/Hypochondrie\" target=\"_blank\">Hypochonder<\/a>, aber den <em>Kratze-Mist<\/em> habe ich noch zu gut aus dem letzten Jahr in Erinnerung. Da wusste ich noch nicht, wo die roten Pusteln herkamen und vermutete eine <del datetime=\"2012-06-30T16:43:56+00:00\">Sonnen-<\/del>Allergie. Nun weiss ich, was die Symptome sind, und versuche vorsichtiger zu sein.<\/p>\n<p>Das mir, bei diesem Kaiserwetter, auf dem Weg nach Norden kein Biker entgegen kam oder ich keinen einholte verunsicherte mich nun komplett. Waren die alle in den Ferien, im Freibad, auf der Autobahn \u2013 oder hatten alle gar Angst vor dem Eichen-Prozessionsspinner?<\/p>\n<p>Einige Risiko-Wald-Gebiete waren auf meiner Runde zu passieren und irgendwie sahen alle B\u00e4ume nun nach Eichen aus. Ich versuchte schnell wieder aus den W\u00e4ldern, die ich sonst so liebe, heraus zu kommen.<\/p>\n<p>Das sich meine Beine auf den ersten 50 km schlapp anf\u00fchlten half dann auch nicht wirklich. Hinter B\u00f6rnicke, auf dem Havellandradweg begann es Spass zu machen, aber dann wieder \u00fcberall diese Eichen!? K\u00f6nnen wir hier in Brandenburg nicht mehr Nadelw\u00e4lder haben? St\u00e4ndig kreisten meine Gedanken um diese haarigen Viecher.<\/p>\n<p>Dann in Brieselang-S\u00fcd endlich ein wenig Abwechslung: Die Strasse war gesperrt und bekam eine neue Decke. Es roch nach frischem Asphalt und ich durfte erst mal etwa 500 Meter mein Bike durch die Wiese schieben, denn die schwarze Masse war noch zu weich und heiss zum Befahren.<\/p>\n<p style=\"text-align: center;\"><a href=\"https:\/\/i0.wp.com\/blog.kunstgriff.net\/wp-content\/uploads\/2012\/06\/Neue-Decke-bei-Brieselang.jpg\"><img data-recalc-dims=\"1\" loading=\"lazy\" decoding=\"async\" data-attachment-id=\"8395\" data-permalink=\"https:\/\/blog.kunstgriff.net\/?attachment_id=8395\" data-orig-file=\"https:\/\/i0.wp.com\/blog.kunstgriff.net\/wp-content\/uploads\/2012\/06\/Neue-Decke-bei-Brieselang.jpg?fit=1000%2C750&amp;ssl=1\" data-orig-size=\"1000,750\" data-comments-opened=\"1\" data-image-meta=\"{&quot;aperture&quot;:&quot;5&quot;,&quot;credit&quot;:&quot;&quot;,&quot;camera&quot;:&quot;Canon DIGITAL IXUS 870 IS&quot;,&quot;caption&quot;:&quot;&quot;,&quot;created_timestamp&quot;:&quot;1341060347&quot;,&quot;copyright&quot;:&quot;&quot;,&quot;focal_length&quot;:&quot;14.843&quot;,&quot;iso&quot;:&quot;125&quot;,&quot;shutter_speed&quot;:&quot;0.004&quot;,&quot;title&quot;:&quot;&quot;}\" data-image-title=\"Neue Decke bei Brieselang\" data-image-description=\"\" data-image-caption=\"\" data-large-file=\"https:\/\/i0.wp.com\/blog.kunstgriff.net\/wp-content\/uploads\/2012\/06\/Neue-Decke-bei-Brieselang.jpg?fit=1000%2C750&amp;ssl=1\" class=\"aligncenter size-full wp-image-8395\" title=\"Neue Decke bei Brieselang\" src=\"https:\/\/i0.wp.com\/blog.kunstgriff.net\/wp-content\/uploads\/2012\/06\/Neue-Decke-bei-Brieselang.jpg?resize=525%2C394\" alt=\"\" width=\"525\" height=\"394\" srcset=\"https:\/\/i0.wp.com\/blog.kunstgriff.net\/wp-content\/uploads\/2012\/06\/Neue-Decke-bei-Brieselang.jpg?w=1000&amp;ssl=1 1000w, https:\/\/i0.wp.com\/blog.kunstgriff.net\/wp-content\/uploads\/2012\/06\/Neue-Decke-bei-Brieselang.jpg?resize=300%2C225&amp;ssl=1 300w\" sizes=\"auto, (max-width: 525px) 100vw, 525px\" \/><\/a><\/p>\n<p style=\"text-align: left;\">Nun folgte ein langer, offener Sektor und ich musste mir keine Gedanken mehr \u00fcber die Raupen machen. In Priort gab es bei einem B\u00e4cker f\u00fcr 20\u00a2 ein Br\u00f6tchen und f\u00fcr zus\u00e4tzliche 5\u00a2 die Flaschen gef\u00fcllt &#8211; umsonst wollte man das nicht machen. <em>Am\u00fcsant.<\/em><\/p>\n<p style=\"text-align: left;\">Hinter Gatow kassierte mich noch ein starker schmaler Radler, mit blassen, unrasierten Waden. Ich hing mich rein und wir wechselten in der F\u00fchrung, dann zog er mich die Gatower H\u00fcgel hoch. Eigentlich war ich schon alle, aber sowas lass ich mir ja dann auch nicht entgehen. Ich bedankte mich h\u00f6flich und er freute sich das ich gefallen an dem Zug fand. Eine klassische <em><a href=\"http:\/\/de.wikipedia.org\/wiki\/Win-Win\" target=\"_blank\">Win-Win-<\/a><\/em>Situation.<\/p>\n<p style=\"text-align: left;\">Zuhause angekommen war ich dann doch froh, das die Runde zu Ende war. Nun, nach dem Duschen bin ich sehr gespannt wie sich meine Beine und Arme verhalten. Noch juckt nichts. Hoffe das bleibt auch so, ansonsten m\u00fcssen diese Anschaffungen aus ihren Verpackungen genommen werden, worauf ich gerne verzichten kann:<\/p>\n<p style=\"text-align: center;\"><a href=\"https:\/\/i0.wp.com\/blog.kunstgriff.net\/wp-content\/uploads\/2012\/06\/Cetirizin-und-Fenistil.jpg\"><img data-recalc-dims=\"1\" loading=\"lazy\" decoding=\"async\" data-attachment-id=\"8407\" data-permalink=\"https:\/\/blog.kunstgriff.net\/?attachment_id=8407\" data-orig-file=\"https:\/\/i0.wp.com\/blog.kunstgriff.net\/wp-content\/uploads\/2012\/06\/Cetirizin-und-Fenistil.jpg?fit=1000%2C750&amp;ssl=1\" data-orig-size=\"1000,750\" data-comments-opened=\"1\" data-image-meta=\"{&quot;aperture&quot;:&quot;2.8&quot;,&quot;credit&quot;:&quot;&quot;,&quot;camera&quot;:&quot;Canon DIGITAL IXUS 870 IS&quot;,&quot;caption&quot;:&quot;&quot;,&quot;created_timestamp&quot;:&quot;1341074146&quot;,&quot;copyright&quot;:&quot;&quot;,&quot;focal_length&quot;:&quot;5&quot;,&quot;iso&quot;:&quot;400&quot;,&quot;shutter_speed&quot;:&quot;0.01&quot;,&quot;title&quot;:&quot;&quot;}\" data-image-title=\"Cetirizin und Fenistil\" data-image-description=\"\" data-image-caption=\"\" data-large-file=\"https:\/\/i0.wp.com\/blog.kunstgriff.net\/wp-content\/uploads\/2012\/06\/Cetirizin-und-Fenistil.jpg?fit=1000%2C750&amp;ssl=1\" class=\"aligncenter size-full wp-image-8407\" title=\"Cetirizin und Fenistil\" src=\"https:\/\/i0.wp.com\/blog.kunstgriff.net\/wp-content\/uploads\/2012\/06\/Cetirizin-und-Fenistil.jpg?resize=525%2C394\" alt=\"\" width=\"525\" height=\"394\" srcset=\"https:\/\/i0.wp.com\/blog.kunstgriff.net\/wp-content\/uploads\/2012\/06\/Cetirizin-und-Fenistil.jpg?w=1000&amp;ssl=1 1000w, https:\/\/i0.wp.com\/blog.kunstgriff.net\/wp-content\/uploads\/2012\/06\/Cetirizin-und-Fenistil.jpg?resize=300%2C225&amp;ssl=1 300w\" sizes=\"auto, (max-width: 525px) 100vw, 525px\" \/><\/a><\/p>\n<p style=\"text-align: left;\">Mal schauen, was morgen so geht!?<\/p>\n<p style=\"text-align: left;\">\n<p><iframe height='405' width='590' frameborder='0' allowtransparency='true' scrolling='no' src='https:\/\/www.strava.com\/activities\/12099814\/embed\/461134fde767bbd62e9080efcf12ff7007d10094'><\/iframe><\/p>\n","protected":false},"excerpt":{"rendered":"<p>oder \u00bbMit Angst durch den Wald\u00ab Heute stand eigentlich die Werbellinsee-Runde auf dem Zettel. Leider regnete es zu meiner Abfahrzeit und so beschloss ich sp\u00e4ter auf eine Runde zu starten. Das Regengebiet zog zwar schnell durch, aber aufgrund von Berichten von Kettenbr\u00fcdern, dass gerade nach Regenschauern die Gefahr besonders hoch ist, sich die kleinen, fiesen, &hellip; <\/p>\n<p class=\"link-more\"><a href=\"https:\/\/blog.kunstgriff.net\/?p=8391\" class=\"more-link\"><span class=\"screen-reader-text\">\u201eNordrunde \u00fcber Kremmen\u201c <\/span>weiterlesen<\/a><\/p>\n","protected":false},"author":2,"featured_media":0,"comment_status":"open","ping_status":"open","sticky":false,"template":"","format":"standard","meta":{"jetpack_post_was_ever_published":false,"_jetpack_newsletter_access":"","_jetpack_dont_email_post_to_subs":false,"_jetpack_newsletter_tier_id":0,"_jetpack_memberships_contains_paywalled_content":false,"_jetpack_memberships_contains_paid_content":false,"footnotes":""},"categories":[14,7],"tags":[],"class_list":["post-8391","post","type-post","status-publish","format-standard","hentry","category-radfahren","category-rennradfahren"],"jetpack_featured_media_url":"","jetpack_shortlink":"https:\/\/wp.me\/p8Cxe7-2bl","jetpack-related-posts":[{"id":18052,"url":"https:\/\/blog.kunstgriff.net\/?p=18052","url_meta":{"origin":8391,"position":0},"title":"P\u00e4wesin-Runde #3","author":"Georg","date":"Juni 2, 2018","format":false,"excerpt":"N\u00fcchtern und mit Food-logging Niemand hatte heute die Absicht eine Mauer zu bauen eine Runde zu fahren und so musste ich mich selbst motivieren aufs Rad zu steigen. Das war nicht all zu schwer, denn mein Arbeitgeber hat weltweit eine neue Gesundheits-Herausforderung ausgerufen. Neu-deutsch Lose-It-Challenge. Wie geht das? \u00dcber einen\u2026","rel":"","context":"In &quot;Cake-Ride&quot;","block_context":{"text":"Cake-Ride","link":"https:\/\/blog.kunstgriff.net\/?cat=34"},"img":{"alt_text":"","src":"https:\/\/i0.wp.com\/blog.kunstgriff.net\/wp-content\/uploads\/2018\/06\/bei-Sacrow-herrlich-gr%C3%BCn.jpg?fit=1200%2C800&ssl=1&resize=350%2C200","width":350,"height":200,"srcset":"https:\/\/i0.wp.com\/blog.kunstgriff.net\/wp-content\/uploads\/2018\/06\/bei-Sacrow-herrlich-gr%C3%BCn.jpg?fit=1200%2C800&ssl=1&resize=350%2C200 1x, https:\/\/i0.wp.com\/blog.kunstgriff.net\/wp-content\/uploads\/2018\/06\/bei-Sacrow-herrlich-gr%C3%BCn.jpg?fit=1200%2C800&ssl=1&resize=525%2C300 1.5x, https:\/\/i0.wp.com\/blog.kunstgriff.net\/wp-content\/uploads\/2018\/06\/bei-Sacrow-herrlich-gr%C3%BCn.jpg?fit=1200%2C800&ssl=1&resize=700%2C400 2x, https:\/\/i0.wp.com\/blog.kunstgriff.net\/wp-content\/uploads\/2018\/06\/bei-Sacrow-herrlich-gr%C3%BCn.jpg?fit=1200%2C800&ssl=1&resize=1050%2C600 3x"},"classes":[]},{"id":874,"url":"https:\/\/blog.kunstgriff.net\/?p=874","url_meta":{"origin":8391,"position":1},"title":"Erster Rennradausfahrt 2010: ein 100er","author":"Georg","date":"Februar 27, 2010","format":false,"excerpt":"Eigentlich nicht die idealen Voraussetzungen f\u00fcr die erste Rennradausfahrt 2010 auf meiner Referenzstrecke: Am Abend vorher mit den Jungs ausgewesen und 4 Halbe Wei\u00dfbier getrunken und fritierte Tappas gegessen dazu noch sp\u00e4t ins Bett gekommen. Trotzdem wollte ich die letzte Chance vor dem Trainingslager in Mallorca n\u00e4chste Woche nutzen um\u2026","rel":"","context":"In &quot;Radfahren&quot;","block_context":{"text":"Radfahren","link":"https:\/\/blog.kunstgriff.net\/?cat=14"},"img":{"alt_text":"","src":"","width":0,"height":0},"classes":[]},{"id":8523,"url":"https:\/\/blog.kunstgriff.net\/?p=8523","url_meta":{"origin":8391,"position":2},"title":"Harz-Tour 2012 &#8211; Tag 3","author":"Georg","date":"Juli 15, 2012","format":false,"excerpt":"oder \u00bbHeute mal kein Regen?\u00abDie Wettervorhersage versprach Regen mit einer 92%igen Wahrscheinlichkeit. Bei solchen Aussichten setzte ich mich eigentlich nicht auf mein Rennrad. Herbert und Otto reisten gleich nach dem Fr\u00fchst\u00fcck ab \u2013 vern\u00fcnftig. Die Mehrzahl meiner Mit-Rennfahrer wollte es aber unbedingt wagen, noch ein paar H\u00f6henmeter zu sammeln und\u2026","rel":"","context":"In &quot;Radfahren&quot;","block_context":{"text":"Radfahren","link":"https:\/\/blog.kunstgriff.net\/?cat=14"},"img":{"alt_text":"","src":"https:\/\/i0.wp.com\/blog.kunstgriff.net\/wp-content\/uploads\/2012\/07\/Stefan-f%C3%BChrt-uns-zur%C3%BCck-nach-Tanne1.jpg?fit=1000%2C750&ssl=1&resize=350%2C200","width":350,"height":200,"srcset":"https:\/\/i0.wp.com\/blog.kunstgriff.net\/wp-content\/uploads\/2012\/07\/Stefan-f%C3%BChrt-uns-zur%C3%BCck-nach-Tanne1.jpg?fit=1000%2C750&ssl=1&resize=350%2C200 1x, https:\/\/i0.wp.com\/blog.kunstgriff.net\/wp-content\/uploads\/2012\/07\/Stefan-f%C3%BChrt-uns-zur%C3%BCck-nach-Tanne1.jpg?fit=1000%2C750&ssl=1&resize=525%2C300 1.5x, https:\/\/i0.wp.com\/blog.kunstgriff.net\/wp-content\/uploads\/2012\/07\/Stefan-f%C3%BChrt-uns-zur%C3%BCck-nach-Tanne1.jpg?fit=1000%2C750&ssl=1&resize=700%2C400 2x"},"classes":[]},{"id":555,"url":"https:\/\/blog.kunstgriff.net\/?p=555","url_meta":{"origin":8391,"position":3},"title":"Gr\u00fcne Marathonstrecke am 3. Advent","author":"Georg","date":"Dezember 13, 2009","format":false,"excerpt":"Der Himmel war strahlend blau und die Sonne schien, aber der Thermometer zeigte -2\u00b0C. F\u00fcr das Rennrad sicher zu kalt, aber f\u00fcr eine Runde MTB genau richtig und wenn Ilja schon mal zu einer Tour ausruft kann ich ja auf keinen Fall Nein sagen. So machte ich mich um 20\u2026","rel":"","context":"In &quot;Garmin&quot;","block_context":{"text":"Garmin","link":"https:\/\/blog.kunstgriff.net\/?cat=35"},"img":{"alt_text":"","src":"","width":0,"height":0},"classes":[]},{"id":2154,"url":"https:\/\/blog.kunstgriff.net\/?p=2154","url_meta":{"origin":8391,"position":4},"title":"McFit mit iPad &#8211; Premiere","author":"Georg","date":"August 3, 2010","format":false,"excerpt":"Ich hatte heute die 6-Br\u00fccken-Runde von Karsten fest auf dem Radar und wollte diese relativ kurze Rennradrunde eigentlich heute mitfahren. Petrus machte mir aber einen Strich durch die Rechnung, denn p\u00fcnktlich zum Feierabend begann es unaufh\u00f6rlich zu regnen. So musste ich wohl oder \u00fcbel zu Plan B \u00fcbergehen und eine\u2026","rel":"","context":"In &quot;McFit&quot;","block_context":{"text":"McFit","link":"https:\/\/blog.kunstgriff.net\/?cat=8"},"img":{"alt_text":"","src":"","width":0,"height":0},"classes":[]},{"id":502,"url":"https:\/\/blog.kunstgriff.net\/?p=502","url_meta":{"origin":8391,"position":5},"title":"Schwielowsee-Trainingsrunde","author":"Georg","date":"November 28, 2009","format":false,"excerpt":"Sch\u00f6ne Runde, von mir in den bekannten Internet Foren und meiner Mailingliste angeboten. War doch ein wenig M\u00fcde heute morgen, nach dem vielen Essen von der Weihnachtsfeier und dem anschlie\u00dfenden Bowlen mit den Havellandriders. Dann war ja auch noch der Lauf mit Papa am Freitag morgen. Aber ich will mich\u2026","rel":"","context":"In &quot;Garmin&quot;","block_context":{"text":"Garmin","link":"https:\/\/blog.kunstgriff.net\/?cat=35"},"img":{"alt_text":"","src":"","width":0,"height":0},"classes":[]}],"jetpack_likes_enabled":true,"jetpack_sharing_enabled":true,"_links":{"self":[{"href":"https:\/\/blog.kunstgriff.net\/index.php?rest_route=\/wp\/v2\/posts\/8391","targetHints":{"allow":["GET"]}}],"collection":[{"href":"https:\/\/blog.kunstgriff.net\/index.php?rest_route=\/wp\/v2\/posts"}],"about":[{"href":"https:\/\/blog.kunstgriff.net\/index.php?rest_route=\/wp\/v2\/types\/post"}],"author":[{"embeddable":true,"href":"https:\/\/blog.kunstgriff.net\/index.php?rest_route=\/wp\/v2\/users\/2"}],"replies":[{"embeddable":true,"href":"https:\/\/blog.kunstgriff.net\/index.php?rest_route=%2Fwp%2Fv2%2Fcomments&post=8391"}],"version-history":[{"count":0,"href":"https:\/\/blog.kunstgriff.net\/index.php?rest_route=\/wp\/v2\/posts\/8391\/revisions"}],"wp:attachment":[{"href":"https:\/\/blog.kunstgriff.net\/index.php?rest_route=%2Fwp%2Fv2%2Fmedia&parent=8391"}],"wp:term":[{"taxonomy":"category","embeddable":true,"href":"https:\/\/blog.kunstgriff.net\/index.php?rest_route=%2Fwp%2Fv2%2Fcategories&post=8391"},{"taxonomy":"post_tag","embeddable":true,"href":"https:\/\/blog.kunstgriff.net\/index.php?rest_route=%2Fwp%2Fv2%2Ftags&post=8391"}],"curies":[{"name":"wp","href":"https:\/\/api.w.org\/{rel}","templated":true}]}}