{"id":8468,"date":"2012-07-08T22:51:38","date_gmt":"2012-07-08T20:51:38","guid":{"rendered":"http:\/\/blog.kunstgriff.net\/?p=8468"},"modified":"2016-08-29T16:39:23","modified_gmt":"2016-08-29T14:39:23","slug":"warnemunde-tour-2","status":"publish","type":"post","link":"https:\/\/blog.kunstgriff.net\/?p=8468","title":{"rendered":"Warnem\u00fcnde-Tour"},"content":{"rendered":"<span class=\"span-reading-time rt-reading-time\" style=\"display: block;\"><span class=\"rt-label rt-prefix\">Lesezeit: <\/span> <span class=\"rt-time\"> 3<\/span> <span class=\"rt-label rt-postfix\">Minuten<\/span><\/span><h4>oder \u00bbHeute mal wieder etwas l\u00e4nger unterwegs\u00ab<\/h4>\n<hr \/>\n<p>Nachdem gestern der Harz unter die R\u00e4der genommen wurde, dachte wir uns, dass heute sicher ein wenig Abwechslung zum dr\u00f6gen Berge hochschruppen, gut tun w\u00fcrde. Christoph bot eine<em> etwas <\/em>l\u00e4ngere Tour nach Warnem\u00fcnde an und alle Kettenschwestern und Br\u00fcder sagten zu. Da durfte ich einfach nicht fehlen.<\/p>\n<p>Recht sp\u00e4t f\u00fcr einen Rennrad-Sonntag ging es um 7.00 Uhr los, zum 20 km entfernten Kreisverkehr nach B\u00f6tzow. Dort trudelten nach und nach alle 14 Mitfahrer und 3 Mitfahrerinnen ein. Die Stimmung war super und nach dem notorischen Gruppenfoto mit Selbstausl\u00f6ser und Weitwinkelobjektiv, ging es auch schon hoch gen Norden. Ein leichter Schiebewind stellte sich ein und der Tacho war selten unter 30 km\/h. Alle waren zufrieden, dass es so super rollte.<\/p>\n<p>Unser erstes Etappenziel war das rund 60 km entfernte Rheinsberg, in dem Mike bei einem B\u00e4cker \u00bd-belegte-Br\u00f6tchen f\u00fcr die Truppe bestellt hatte. Wir genossen diese mit Kaffee in der Sonne, bevor es weiter durch <a href=\"http:\/\/www.mecklenburgische-seenplatte.de\/\" target=\"_blank\">das Land der 1.000 Seen<\/a> nach Norden ging.<\/p>\n<p><a href=\"https:\/\/i0.wp.com\/blog.kunstgriff.net\/wp-content\/uploads\/2012\/07\/Gruppenfoto-am-Kreisverkehr-in-B%C3%B6tzow.jpg\"><img data-recalc-dims=\"1\" loading=\"lazy\" decoding=\"async\" data-attachment-id=\"8476\" data-permalink=\"https:\/\/blog.kunstgriff.net\/?attachment_id=8476\" data-orig-file=\"https:\/\/i0.wp.com\/blog.kunstgriff.net\/wp-content\/uploads\/2012\/07\/Gruppenfoto-am-Kreisverkehr-in-B%C3%B6tzow.jpg?fit=1000%2C750&amp;ssl=1\" data-orig-size=\"1000,750\" data-comments-opened=\"1\" data-image-meta=\"{&quot;aperture&quot;:&quot;5.6&quot;,&quot;credit&quot;:&quot;&quot;,&quot;camera&quot;:&quot;Canon DIGITAL IXUS 870 IS&quot;,&quot;caption&quot;:&quot;&quot;,&quot;created_timestamp&quot;:&quot;1341727434&quot;,&quot;copyright&quot;:&quot;&quot;,&quot;focal_length&quot;:&quot;5&quot;,&quot;iso&quot;:&quot;80&quot;,&quot;shutter_speed&quot;:&quot;0.0025&quot;,&quot;title&quot;:&quot;&quot;}\" data-image-title=\"Gruppenfoto am Kreisverkehr in B\u00f6tzow\" data-image-description=\"\" data-image-caption=\"\" data-large-file=\"https:\/\/i0.wp.com\/blog.kunstgriff.net\/wp-content\/uploads\/2012\/07\/Gruppenfoto-am-Kreisverkehr-in-B%C3%B6tzow.jpg?fit=1000%2C750&amp;ssl=1\" class=\"alignleft wp-image-8476 size-medium\" style=\"border: 10px solid white; margin: 10px;\" title=\"Gruppenfoto am Kreisverkehr in B\u00f6tzow\" src=\"https:\/\/i0.wp.com\/blog.kunstgriff.net\/wp-content\/uploads\/2012\/07\/Gruppenfoto-am-Kreisverkehr-in-B%C3%B6tzow-300x225.jpg?resize=300%2C225\" width=\"300\" height=\"225\" srcset=\"https:\/\/i0.wp.com\/blog.kunstgriff.net\/wp-content\/uploads\/2012\/07\/Gruppenfoto-am-Kreisverkehr-in-B%C3%B6tzow.jpg?resize=300%2C225&amp;ssl=1 300w, https:\/\/i0.wp.com\/blog.kunstgriff.net\/wp-content\/uploads\/2012\/07\/Gruppenfoto-am-Kreisverkehr-in-B%C3%B6tzow.jpg?w=1000&amp;ssl=1 1000w\" sizes=\"auto, (max-width: 300px) 100vw, 300px\" \/><\/a>Die Wechsel funktionierten reibungslos und die Gespr\u00e4chsthemen gingen nie aus &#8211; Herrliches Pedallieren. Weiter nach Norden zu unserem n\u00e4chsten Stop, einer Tankstelle in R\u00f6beln, an der die Flaschen gef\u00fcllt wurden und eine kurze Riegelpause eingelegt wurde.<\/p>\n<p><a href=\"https:\/\/i0.wp.com\/blog.kunstgriff.net\/wp-content\/uploads\/2012\/07\/Raus-nach-Kremmen-bei-Kaiserwetter.jpg\"><img data-recalc-dims=\"1\" loading=\"lazy\" decoding=\"async\" data-attachment-id=\"8478\" data-permalink=\"https:\/\/blog.kunstgriff.net\/?attachment_id=8478\" data-orig-file=\"https:\/\/i0.wp.com\/blog.kunstgriff.net\/wp-content\/uploads\/2012\/07\/Raus-nach-Kremmen-bei-Kaiserwetter.jpg?fit=1000%2C750&amp;ssl=1\" data-orig-size=\"1000,750\" data-comments-opened=\"1\" data-image-meta=\"{&quot;aperture&quot;:&quot;2.8&quot;,&quot;credit&quot;:&quot;&quot;,&quot;camera&quot;:&quot;Canon DIGITAL IXUS 870 IS&quot;,&quot;caption&quot;:&quot;&quot;,&quot;created_timestamp&quot;:&quot;1341728767&quot;,&quot;copyright&quot;:&quot;&quot;,&quot;focal_length&quot;:&quot;5&quot;,&quot;iso&quot;:&quot;80&quot;,&quot;shutter_speed&quot;:&quot;0.001&quot;,&quot;title&quot;:&quot;&quot;}\" data-image-title=\"Raus nach Kremmen bei Kaiserwetter\" data-image-description=\"\" data-image-caption=\"\" data-large-file=\"https:\/\/i0.wp.com\/blog.kunstgriff.net\/wp-content\/uploads\/2012\/07\/Raus-nach-Kremmen-bei-Kaiserwetter.jpg?fit=1000%2C750&amp;ssl=1\" class=\"alignright wp-image-8478 size-medium\" style=\"border: 10px solid white; margin: 10px;\" title=\"Raus nach Kremmen bei Kaiserwetter\" src=\"https:\/\/i0.wp.com\/blog.kunstgriff.net\/wp-content\/uploads\/2012\/07\/Raus-nach-Kremmen-bei-Kaiserwetter-300x225.jpg?resize=300%2C225\" width=\"300\" height=\"225\" srcset=\"https:\/\/i0.wp.com\/blog.kunstgriff.net\/wp-content\/uploads\/2012\/07\/Raus-nach-Kremmen-bei-Kaiserwetter.jpg?resize=300%2C225&amp;ssl=1 300w, https:\/\/i0.wp.com\/blog.kunstgriff.net\/wp-content\/uploads\/2012\/07\/Raus-nach-Kremmen-bei-Kaiserwetter.jpg?w=1000&amp;ssl=1 1000w\" sizes=\"auto, (max-width: 300px) 100vw, 300px\" \/><\/a>Am Kreisverkehr des Ortseingangs nach Malchow bremste Bernd in der Abfahrt leider zu sp\u00e4t und kollidierte mit Harald. Er kam zu Fall, leichter Materialschaden war die Folge und der Helm hatte einen Riss. Nach kurzer Pause und Pr\u00fcfung von Mann und Material konnte es weiter gehen. Bernd ist schon ein z\u00e4her Hund. Allerdings w\u00e4re dieser Sturz sicher auch vermeidbar gewesen.<\/p>\n<p><a href=\"https:\/\/i0.wp.com\/blog.kunstgriff.net\/wp-content\/uploads\/2012\/07\/On-the-Road-to-Warnem%C3%BCnde.jpg\"><img data-recalc-dims=\"1\" loading=\"lazy\" decoding=\"async\" data-attachment-id=\"8477\" data-permalink=\"https:\/\/blog.kunstgriff.net\/?attachment_id=8477\" data-orig-file=\"https:\/\/i0.wp.com\/blog.kunstgriff.net\/wp-content\/uploads\/2012\/07\/On-the-Road-to-Warnem%C3%BCnde.jpg?fit=1000%2C750&amp;ssl=1\" data-orig-size=\"1000,750\" data-comments-opened=\"1\" data-image-meta=\"{&quot;aperture&quot;:&quot;2.8&quot;,&quot;credit&quot;:&quot;&quot;,&quot;camera&quot;:&quot;Canon DIGITAL IXUS 870 IS&quot;,&quot;caption&quot;:&quot;&quot;,&quot;created_timestamp&quot;:&quot;1341728787&quot;,&quot;copyright&quot;:&quot;&quot;,&quot;focal_length&quot;:&quot;5&quot;,&quot;iso&quot;:&quot;80&quot;,&quot;shutter_speed&quot;:&quot;0.001&quot;,&quot;title&quot;:&quot;&quot;}\" data-image-title=\"On the Road to Warnem\u00fcnde\" data-image-description=\"\" data-image-caption=\"\" data-large-file=\"https:\/\/i0.wp.com\/blog.kunstgriff.net\/wp-content\/uploads\/2012\/07\/On-the-Road-to-Warnem%C3%BCnde.jpg?fit=1000%2C750&amp;ssl=1\" class=\"alignleft wp-image-8477 size-medium\" style=\"margin: 10px; border: 10px solid white;\" title=\"On the Road to Warnem\u00fcnde\" src=\"https:\/\/i0.wp.com\/blog.kunstgriff.net\/wp-content\/uploads\/2012\/07\/On-the-Road-to-Warnem%C3%BCnde-300x225.jpg?resize=300%2C225\" width=\"300\" height=\"225\" srcset=\"https:\/\/i0.wp.com\/blog.kunstgriff.net\/wp-content\/uploads\/2012\/07\/On-the-Road-to-Warnem%C3%BCnde.jpg?resize=300%2C225&amp;ssl=1 300w, https:\/\/i0.wp.com\/blog.kunstgriff.net\/wp-content\/uploads\/2012\/07\/On-the-Road-to-Warnem%C3%BCnde.jpg?w=1000&amp;ssl=1 1000w\" sizes=\"auto, (max-width: 300px) 100vw, 300px\" \/><\/a>Weiter ging es durch diesen, an sich sch\u00f6nen Ort, in dem uns ein Stra\u00dfenfest mit Buden und streunenden Passanten die Weiterfahrt erschwerten. Merkw\u00fcrdige unausgeglichene Menschen leben dort, in einer sch\u00f6nen friedlichen Landschaft. Negative Energie erreichte uns nicht nur von br\u00fcllenden, eng \u00fcberholenden Autofahrern, auch die Fussg\u00e4nger befahlen uns abzusteigen und zu schieben, obwohl keine Schilder das Radfahren untersagten. Merkw\u00fcrdiges St\u00fcck Deutschland.<\/p>\n<p>Die n\u00e4chste, perfekt von Mike geplante, Pause war wieder an einer Tankstelle etwa 60 km entfernt in G\u00fcstrow. Ideale um an einem Sonntag, abseits des Weges, schnell Energie nach zu f\u00fcllen. Nun waren es noch 54 km zum Tagesziel, die Sonne brannte, wenig Schatten aber noch so einige Wellen warteten auf uns, die noch K\u00f6rner kosten sollten. Die Stimmung wurde angespannter, da viel <em>grau<\/em> waren und ruhiger fahren wollten. Wir entschlossen uns, bis Rostock auf jeden Fall gemeinsam weiter zu fahren und dann noch mal einen Zug aufzumachen.<\/p>\n<p><a href=\"https:\/\/i0.wp.com\/blog.kunstgriff.net\/wp-content\/uploads\/2012\/07\/An-roten-Ampeln-muss-man-halten.jpg\"><img data-recalc-dims=\"1\" loading=\"lazy\" decoding=\"async\" data-attachment-id=\"8475\" data-permalink=\"https:\/\/blog.kunstgriff.net\/?attachment_id=8475\" data-orig-file=\"https:\/\/i0.wp.com\/blog.kunstgriff.net\/wp-content\/uploads\/2012\/07\/An-roten-Ampeln-muss-man-halten.jpg?fit=1000%2C750&amp;ssl=1\" data-orig-size=\"1000,750\" data-comments-opened=\"1\" data-image-meta=\"{&quot;aperture&quot;:&quot;5&quot;,&quot;credit&quot;:&quot;&quot;,&quot;camera&quot;:&quot;Canon DIGITAL IXUS 870 IS&quot;,&quot;caption&quot;:&quot;&quot;,&quot;created_timestamp&quot;:&quot;1341738281&quot;,&quot;copyright&quot;:&quot;&quot;,&quot;focal_length&quot;:&quot;14.843&quot;,&quot;iso&quot;:&quot;80&quot;,&quot;shutter_speed&quot;:&quot;0.002&quot;,&quot;title&quot;:&quot;&quot;}\" data-image-title=\"An roten Ampeln muss man halten\" data-image-description=\"\" data-image-caption=\"\" data-large-file=\"https:\/\/i0.wp.com\/blog.kunstgriff.net\/wp-content\/uploads\/2012\/07\/An-roten-Ampeln-muss-man-halten.jpg?fit=1000%2C750&amp;ssl=1\" class=\"alignright wp-image-8475 size-medium\" style=\"border: 10px solid white; margin: 10px;\" title=\"An roten Ampeln muss man halten\" src=\"https:\/\/i0.wp.com\/blog.kunstgriff.net\/wp-content\/uploads\/2012\/07\/An-roten-Ampeln-muss-man-halten-300x225.jpg?resize=300%2C225\" width=\"300\" height=\"225\" srcset=\"https:\/\/i0.wp.com\/blog.kunstgriff.net\/wp-content\/uploads\/2012\/07\/An-roten-Ampeln-muss-man-halten.jpg?resize=300%2C225&amp;ssl=1 300w, https:\/\/i0.wp.com\/blog.kunstgriff.net\/wp-content\/uploads\/2012\/07\/An-roten-Ampeln-muss-man-halten.jpg?w=1000&amp;ssl=1 1000w\" sizes=\"auto, (max-width: 300px) 100vw, 300px\" \/><\/a>Geplant &#8211; getan und los ging es mit R\u00fcckenwind und Tempo <del datetime=\"2012-07-08T20:23:07+00:00\">fast <\/del> immer \u00fcber 40 km\/h auf der fast ampelfreien Nebenstrasse, den letzten Sektor von Rostock nach Warnem\u00fcnde. In der F\u00fchrung wollte mir nur Christian helfen. Karsten versuchte sich kurz, ging dann aber auch wieder nach hinten. Niemand wusste wo das, sehnlichst erwartete, Ortsschild der K\u00fcstenstadt positioniert war. Als es dann endlich vor uns auftauchte, holte es sich Christian mit einer halben Radl\u00e4nge Vorsprung. Sauber &#8211; gro\u00dfer Sport, der doch recht lange, Schlusssprint. Ausrei\u00dfversuch leider Misslungen aber daf\u00fcr gro\u00dfe Freude, gemeinsam angekommen zu sein. Der Jens kann sich kaum besser f\u00fchlen.<\/p>\n<p>Das <a href=\"http:\/\/www.hotel-neptun.de\/\" target=\"_blank\">Hotel Neptun<\/a> wurde erreicht und schnurstracks die Strandpromenade angesteuert. Jetzt blos schnell die durchgeschwitzten Kleider vom Leib rei\u00dfen und rinn ins erfrischende k\u00fchle Nass der Ostsee! Welch Wohlgef\u00fchl f\u00fcr den geschundenen K\u00f6rper und speziell die Beine die sich im kalten Wasser der Ostsee pudelwohl f\u00fchlten und sich, wie von selbst lockerten und dehnten. Einfach genial &#8211; <em>Alles<\/em> f\u00fcr <em>diesen<\/em> Moment!<\/p>\n<p>Nun noch Fischbr\u00f6tchen und Proviant f\u00fcr die lange Zugfahrt zur\u00fcck in die Hauptstadt kaufen und mit den Kettenbr\u00fcdern im leeren aber warmen Obergeschoss des Regionalexpress die Eindr\u00fccke der letzten Stunden reflektieren. Ein toller Tag <del datetime=\"2012-07-08T20:41:18+00:00\">am Meer<\/del> auf der Stra\u00dfe, immer nach Norden, geht zu Ende. <em>Danke f\u00fcrs Mitnehmen.<\/em><\/p>\n<p><object width=\"480\" height=\"360\"><param name=\"movie\" value=\"http:\/\/www.youtube-nocookie.com\/v\/z7G5jrx2dz4?version=3&amp;hl=de_DE&amp;rel=0\" \/><param name=\"allowFullScreen\" value=\"true\" \/><param name=\"allowscriptaccess\" value=\"always\" \/><\/object><\/p>\n<p><iframe loading=\"lazy\" src=\"https:\/\/www.strava.com\/activities\/12853392\/embed\/4f5b7340c38d8df2a9792780fd60744b01381960\" width=\"590\" height=\"405\" frameborder=\"0\" scrolling=\"no\"><\/iframe><\/p>\n","protected":false},"excerpt":{"rendered":"<p>oder \u00bbHeute mal wieder etwas l\u00e4nger unterwegs\u00ab Nachdem gestern der Harz unter die R\u00e4der genommen wurde, dachte wir uns, dass heute sicher ein wenig Abwechslung zum dr\u00f6gen Berge hochschruppen, gut tun w\u00fcrde. Christoph bot eine etwas l\u00e4ngere Tour nach Warnem\u00fcnde an und alle Kettenschwestern und Br\u00fcder sagten zu. Da durfte ich einfach nicht fehlen. Recht &hellip; <\/p>\n<p class=\"link-more\"><a href=\"https:\/\/blog.kunstgriff.net\/?p=8468\" class=\"more-link\"><span class=\"screen-reader-text\">\u201eWarnem\u00fcnde-Tour\u201c <\/span>weiterlesen<\/a><\/p>\n","protected":false},"author":2,"featured_media":0,"comment_status":"open","ping_status":"open","sticky":false,"template":"","format":"standard","meta":{"jetpack_post_was_ever_published":false,"_jetpack_newsletter_access":"","_jetpack_dont_email_post_to_subs":false,"_jetpack_newsletter_tier_id":0,"_jetpack_memberships_contains_paywalled_content":false,"_jetpack_memberships_contains_paid_content":false,"footnotes":""},"categories":[48,25,14,7],"tags":[],"class_list":["post-8468","post","type-post","status-publish","format-standard","hentry","category-200er","category-besonderes-ereignis","category-radfahren","category-rennradfahren"],"jetpack_featured_media_url":"","jetpack_shortlink":"https:\/\/wp.me\/p8Cxe7-2cA","jetpack-related-posts":[{"id":5241,"url":"https:\/\/blog.kunstgriff.net\/?p=5241","url_meta":{"origin":8468,"position":0},"title":"Warnem\u00fcnde-Tour","author":"Georg","date":"Juli 16, 2011","format":false,"excerpt":"oder \u00bbMal wieder an die Ostsee\u00ab Vor zwei Wochen plante Mike eine Tour an die Ostsee. Diesmal nicht nach Usedom sondern \u00fcber Rostock nach Warnem\u00fcnde. Da ich diese Strecke noch nicht kannte, der Samstag noch nicht mit anderweitigen Aktivit\u00e4ten verplant war, sagte ich zu. Weitere Kettenbr\u00fcder und Schwestern wurden auf\u2026","rel":"","context":"In &quot;200er&quot;","block_context":{"text":"200er","link":"https:\/\/blog.kunstgriff.net\/?cat=48"},"img":{"alt_text":"","src":"https:\/\/i0.wp.com\/blog.kunstgriff.net\/wp-content\/uploads\/2011\/07\/Abfahrt-vom-Treffpunkt-in-B%C3%B6tzow-300x225.jpg?resize=350%2C200","width":350,"height":200},"classes":[]},{"id":7721,"url":"https:\/\/blog.kunstgriff.net\/?p=7721","url_meta":{"origin":8468,"position":1},"title":"Oranienburg -> Warnem\u00fcnde","author":"Georg","date":"April 14, 2012","format":false,"excerpt":"oder \u00bbEinmal K\u00fcste und zur\u00fcck\u00ab Um 5:50 Uhr stieg ich mit Alexander und Christoph in den Regional Express, der uns nach Oranienburg bringen sollte. Im Zug begr\u00fc\u00dften uns schon Isabelle, Dirk und Uwe. Auch die Eisenschweine waren mit an Board; sie hatten heute allerdings die Strecke nach Usedom auf dem\u2026","rel":"","context":"In &quot;200er&quot;","block_context":{"text":"200er","link":"https:\/\/blog.kunstgriff.net\/?cat=48"},"img":{"alt_text":"","src":"https:\/\/i0.wp.com\/blog.kunstgriff.net\/wp-content\/uploads\/2012\/04\/6Uhr20-kurz-vor-dem-Start-in-Oranienburg.jpg?resize=350%2C200","width":350,"height":200,"srcset":"https:\/\/i0.wp.com\/blog.kunstgriff.net\/wp-content\/uploads\/2012\/04\/6Uhr20-kurz-vor-dem-Start-in-Oranienburg.jpg?resize=350%2C200 1x, https:\/\/i0.wp.com\/blog.kunstgriff.net\/wp-content\/uploads\/2012\/04\/6Uhr20-kurz-vor-dem-Start-in-Oranienburg.jpg?resize=525%2C300 1.5x, https:\/\/i0.wp.com\/blog.kunstgriff.net\/wp-content\/uploads\/2012\/04\/6Uhr20-kurz-vor-dem-Start-in-Oranienburg.jpg?resize=700%2C400 2x"},"classes":[]},{"id":18097,"url":"https:\/\/blog.kunstgriff.net\/?p=18097","url_meta":{"origin":8468,"position":2},"title":"Pankow \u2013 \u00dcckeritz \u2013 Usedom v1","author":"Georg","date":"Juni 9, 2018","format":false,"excerpt":"\u00bbK\u00fcstenritt unter idealen Bedingungen\u00ab Nach der doch recht strapazi\u00f6sen Tour in 2017 f\u00fchlte ich mich heute recht gut, den Ritt an die K\u00fcste, zum ersten mal in 2018, zu wagen. Das gute Gef\u00fchl lag zum Einen an dem 200er vor zwei Wochen, welcher recht gut lief und an den vielen\u2026","rel":"","context":"In &quot;200er&quot;","block_context":{"text":"200er","link":"https:\/\/blog.kunstgriff.net\/?cat=48"},"img":{"alt_text":"","src":"https:\/\/i0.wp.com\/blog.kunstgriff.net\/wp-content\/uploads\/2018\/06\/Geschafft-am-Strand-von-%C3%9Cckeritz.jpg?fit=1200%2C800&ssl=1&resize=350%2C200","width":350,"height":200,"srcset":"https:\/\/i0.wp.com\/blog.kunstgriff.net\/wp-content\/uploads\/2018\/06\/Geschafft-am-Strand-von-%C3%9Cckeritz.jpg?fit=1200%2C800&ssl=1&resize=350%2C200 1x, https:\/\/i0.wp.com\/blog.kunstgriff.net\/wp-content\/uploads\/2018\/06\/Geschafft-am-Strand-von-%C3%9Cckeritz.jpg?fit=1200%2C800&ssl=1&resize=525%2C300 1.5x, https:\/\/i0.wp.com\/blog.kunstgriff.net\/wp-content\/uploads\/2018\/06\/Geschafft-am-Strand-von-%C3%9Cckeritz.jpg?fit=1200%2C800&ssl=1&resize=700%2C400 2x, https:\/\/i0.wp.com\/blog.kunstgriff.net\/wp-content\/uploads\/2018\/06\/Geschafft-am-Strand-von-%C3%9Cckeritz.jpg?fit=1200%2C800&ssl=1&resize=1050%2C600 3x"},"classes":[]},{"id":15406,"url":"https:\/\/blog.kunstgriff.net\/?p=15406","url_meta":{"origin":8468,"position":3},"title":"Gro\u00dfe B\u00e4cker Runde nach Fehrbellin","author":"Georg","date":"April 9, 2017","format":false,"excerpt":"\u00bbSch\u00f6ner Sport im Havelland\u00ab Heute waren ja fr\u00fchlingshafte Temperaturen prognostiziert und eine klassische lange B\u00e4ckerrunde ausgerufen, da fragte ich mich, wer denn da Paris-Roubax, Hertha gegen Augsburg oder gar ausschlafen wollte!? Flaschen f\u00fcllen und rauf aufs Rad war auch heute wieder das Motto und so traf ich nach knapp zehn\u2026","rel":"","context":"In &quot;Cake-Ride&quot;","block_context":{"text":"Cake-Ride","link":"https:\/\/blog.kunstgriff.net\/?cat=34"},"img":{"alt_text":"","src":"https:\/\/i0.wp.com\/blog.kunstgriff.net\/wp-content\/uploads\/2017\/04\/Treffpunkt-Rathaus-Falkensee.jpg?fit=1200%2C800&ssl=1&resize=350%2C200","width":350,"height":200,"srcset":"https:\/\/i0.wp.com\/blog.kunstgriff.net\/wp-content\/uploads\/2017\/04\/Treffpunkt-Rathaus-Falkensee.jpg?fit=1200%2C800&ssl=1&resize=350%2C200 1x, https:\/\/i0.wp.com\/blog.kunstgriff.net\/wp-content\/uploads\/2017\/04\/Treffpunkt-Rathaus-Falkensee.jpg?fit=1200%2C800&ssl=1&resize=525%2C300 1.5x, https:\/\/i0.wp.com\/blog.kunstgriff.net\/wp-content\/uploads\/2017\/04\/Treffpunkt-Rathaus-Falkensee.jpg?fit=1200%2C800&ssl=1&resize=700%2C400 2x, https:\/\/i0.wp.com\/blog.kunstgriff.net\/wp-content\/uploads\/2017\/04\/Treffpunkt-Rathaus-Falkensee.jpg?fit=1200%2C800&ssl=1&resize=1050%2C600 3x"},"classes":[]},{"id":954,"url":"https:\/\/blog.kunstgriff.net\/?p=954","url_meta":{"origin":8468,"position":4},"title":"Trainingslager Mallorca 3. Tag","author":"Georg","date":"M\u00e4rz 7, 2010","format":false,"excerpt":"Der Tag begann mit Sonnenschein und fast wolkenlosem Himmel, der einfach zum Rennradfahren auf dieser herrlichen Insel einl\u00e4dt. So verabredeten wir uns f\u00fcr einen Start nach dem ausgiebigen Fr\u00fchst\u00fcck, um 10:30 Uhr f\u00fcr eine, schon etwas l\u00e4ngere, Fahrt nach Santa Maria Del Carmi, wo die Halbzeitrast geplant war. Auf dem\u2026","rel":"","context":"In &quot;Radfahren&quot;","block_context":{"text":"Radfahren","link":"https:\/\/blog.kunstgriff.net\/?cat=14"},"img":{"alt_text":"","src":"https:\/\/i0.wp.com\/blog.kunstgriff.net\/wp-content\/uploads\/2010\/03\/IMG_0037.jpg?fit=600%2C450&ssl=1&resize=350%2C200","width":350,"height":200,"srcset":"https:\/\/i0.wp.com\/blog.kunstgriff.net\/wp-content\/uploads\/2010\/03\/IMG_0037.jpg?fit=600%2C450&ssl=1&resize=350%2C200 1x, https:\/\/i0.wp.com\/blog.kunstgriff.net\/wp-content\/uploads\/2010\/03\/IMG_0037.jpg?fit=600%2C450&ssl=1&resize=525%2C300 1.5x"},"classes":[]},{"id":13356,"url":"https:\/\/blog.kunstgriff.net\/?p=13356","url_meta":{"origin":8468,"position":5},"title":"Viertel-Vor-Zehn-Gruppen-S\u00fcd-Runde","author":"Georg","date":"April 30, 2016","format":false,"excerpt":"oder \u00bbErste Ausfahrt mit dem neuen CAAD 12\u00abDie Ausfahrt heute in die Kategorie \"Besonderes Ereignis\" zu legen\u00a0ist vielleicht ein wenig \u00fcbertrieben, aber wenn ich die Jungfernfahrt mit meinem neuen Rennrad mache, gilt das glaube ich schon. Ohne viel Zeit auf die richtige Sitzposition zu verschwenden ging es gleich Richtung Auerbachtunnel\u2026","rel":"","context":"In &quot;Besonderes Ereignis&quot;","block_context":{"text":"Besonderes Ereignis","link":"https:\/\/blog.kunstgriff.net\/?cat=25"},"img":{"alt_text":"","src":"","width":0,"height":0},"classes":[]}],"jetpack_likes_enabled":true,"jetpack_sharing_enabled":true,"_links":{"self":[{"href":"https:\/\/blog.kunstgriff.net\/index.php?rest_route=\/wp\/v2\/posts\/8468","targetHints":{"allow":["GET"]}}],"collection":[{"href":"https:\/\/blog.kunstgriff.net\/index.php?rest_route=\/wp\/v2\/posts"}],"about":[{"href":"https:\/\/blog.kunstgriff.net\/index.php?rest_route=\/wp\/v2\/types\/post"}],"author":[{"embeddable":true,"href":"https:\/\/blog.kunstgriff.net\/index.php?rest_route=\/wp\/v2\/users\/2"}],"replies":[{"embeddable":true,"href":"https:\/\/blog.kunstgriff.net\/index.php?rest_route=%2Fwp%2Fv2%2Fcomments&post=8468"}],"version-history":[{"count":0,"href":"https:\/\/blog.kunstgriff.net\/index.php?rest_route=\/wp\/v2\/posts\/8468\/revisions"}],"wp:attachment":[{"href":"https:\/\/blog.kunstgriff.net\/index.php?rest_route=%2Fwp%2Fv2%2Fmedia&parent=8468"}],"wp:term":[{"taxonomy":"category","embeddable":true,"href":"https:\/\/blog.kunstgriff.net\/index.php?rest_route=%2Fwp%2Fv2%2Fcategories&post=8468"},{"taxonomy":"post_tag","embeddable":true,"href":"https:\/\/blog.kunstgriff.net\/index.php?rest_route=%2Fwp%2Fv2%2Ftags&post=8468"}],"curies":[{"name":"wp","href":"https:\/\/api.w.org\/{rel}","templated":true}]}}