{"id":8753,"date":"2012-07-25T09:24:32","date_gmt":"2012-07-25T07:24:32","guid":{"rendered":"http:\/\/blog.kunstgriff.net\/?p=8753"},"modified":"2012-07-25T09:52:38","modified_gmt":"2012-07-25T07:52:38","slug":"schwimmtraining-im-lochow","status":"publish","type":"post","link":"https:\/\/blog.kunstgriff.net\/?p=8753","title":{"rendered":"Schwimmtraining im \u00bbLochow\u00ab"},"content":{"rendered":"<span class=\"span-reading-time rt-reading-time\" style=\"display: block;\"><span class=\"rt-label rt-prefix\">Lesezeit: <\/span> <span class=\"rt-time\"> &lt; 1<\/span> <span class=\"rt-label rt-postfix\">Minute<\/span><\/span><h4>oder \u00bbFr\u00fchsport mal anders\u00ab<\/h4>\n<p>Lange hatte ich schon nicht mehr mit Papa gemeinsam Sport getrieben. Schwimmen war ich auch schon lange nicht mehr und echter Fr\u00fchsport stand auch schon lange nicht mehr auf dem Zettel.<\/p>\n<p>Also raus aus\u2019m Bette und um 7 Uhr zum Sommerbad Wilmersdorf aka \u00bb<a href=\"http:\/\/www.luise-berlin.de\/strassen\/bez09h\/l464.htm\">Lochow<\/a>\u00ab, wie wir das herrliche Sommerbad in meiner Jugend nannten. Wir waren bei diesem herrlichen Sommerwetter nat\u00fcrlich nicht die Einzigen, die ein paar Bahnen ziehen wollten. Das gro\u00dfe 50-Meter-Becken bot jedoch Platz f\u00fcr die vielen Fr\u00fchsportler.<\/p>\n<p>Das Ein ums Andere mal musste ich trotz des gro\u00dfen Beckens aber <em>Treibgut<\/em> ausweichen und mich ein wenig im Zick-Zack-Schwimmen \u00fcben, um die 1.000 Meter abzuspulen. Dadurch waren es am Ende ein paar Meter mehr, die der Fitness aber bestimmt nicht schaden.<\/p>\n<p><strong><em>Fazit:<\/em><\/strong> Toller, alternativer Fr\u00fchsport, der bei diesem Wetter sicher wiederholt wird.<\/p>\n<p style=\"text-align: center;\"><a href=\"https:\/\/i0.wp.com\/blog.kunstgriff.net\/wp-content\/uploads\/2012\/07\/Satellitenbild-vom-Locho.jpg\"><img data-recalc-dims=\"1\" loading=\"lazy\" decoding=\"async\" data-attachment-id=\"8752\" data-permalink=\"https:\/\/blog.kunstgriff.net\/?attachment_id=8752\" data-orig-file=\"https:\/\/i0.wp.com\/blog.kunstgriff.net\/wp-content\/uploads\/2012\/07\/Satellitenbild-vom-Locho.jpg?fit=756%2C400&amp;ssl=1\" data-orig-size=\"756,400\" data-comments-opened=\"1\" data-image-meta=\"{&quot;aperture&quot;:&quot;0&quot;,&quot;credit&quot;:&quot;&quot;,&quot;camera&quot;:&quot;&quot;,&quot;caption&quot;:&quot;&quot;,&quot;created_timestamp&quot;:&quot;0&quot;,&quot;copyright&quot;:&quot;&quot;,&quot;focal_length&quot;:&quot;0&quot;,&quot;iso&quot;:&quot;0&quot;,&quot;shutter_speed&quot;:&quot;0&quot;,&quot;title&quot;:&quot;&quot;}\" data-image-title=\"Satellitenbild vom Locho\" data-image-description=\"\" data-image-caption=\"\" data-large-file=\"https:\/\/i0.wp.com\/blog.kunstgriff.net\/wp-content\/uploads\/2012\/07\/Satellitenbild-vom-Locho.jpg?fit=756%2C400&amp;ssl=1\" class=\" wp-image-8752 aligncenter\" title=\"Satellitenbild vom Locho\" src=\"https:\/\/i0.wp.com\/blog.kunstgriff.net\/wp-content\/uploads\/2012\/07\/Satellitenbild-vom-Locho.jpg?resize=525%2C278\" alt=\"\" width=\"525\" height=\"278\" srcset=\"https:\/\/i0.wp.com\/blog.kunstgriff.net\/wp-content\/uploads\/2012\/07\/Satellitenbild-vom-Locho.jpg?w=756&amp;ssl=1 756w, https:\/\/i0.wp.com\/blog.kunstgriff.net\/wp-content\/uploads\/2012\/07\/Satellitenbild-vom-Locho.jpg?resize=300%2C158&amp;ssl=1 300w, https:\/\/i0.wp.com\/blog.kunstgriff.net\/wp-content\/uploads\/2012\/07\/Satellitenbild-vom-Locho.jpg?resize=500%2C264&amp;ssl=1 500w\" sizes=\"auto, (max-width: 706px) 89vw, (max-width: 767px) 82vw, 740px\" \/><\/a><\/p>\n","protected":false},"excerpt":{"rendered":"<p>oder \u00bbFr\u00fchsport mal anders\u00ab Lange hatte ich schon nicht mehr mit Papa gemeinsam Sport getrieben. Schwimmen war ich auch schon lange nicht mehr und echter Fr\u00fchsport stand auch schon lange nicht mehr auf dem Zettel. Also raus aus\u2019m Bette und um 7 Uhr zum Sommerbad Wilmersdorf aka \u00bbLochow\u00ab, wie wir das herrliche Sommerbad in meiner &hellip; <\/p>\n<p class=\"link-more\"><a href=\"https:\/\/blog.kunstgriff.net\/?p=8753\" class=\"more-link\"><span class=\"screen-reader-text\">\u201eSchwimmtraining im \u00bbLochow\u00ab\u201c <\/span>weiterlesen<\/a><\/p>\n","protected":false},"author":2,"featured_media":0,"comment_status":"open","ping_status":"open","sticky":false,"template":"","format":"standard","meta":{"jetpack_post_was_ever_published":false,"_jetpack_newsletter_access":"","_jetpack_dont_email_post_to_subs":false,"_jetpack_newsletter_tier_id":0,"_jetpack_memberships_contains_paywalled_content":false,"_jetpack_memberships_contains_paid_content":false,"footnotes":""},"categories":[16,20],"tags":[],"class_list":["post-8753","post","type-post","status-publish","format-standard","hentry","category-fruhsport","category-schwimmen"],"jetpack_featured_media_url":"","jetpack_shortlink":"https:\/\/wp.me\/p8Cxe7-2hb","jetpack-related-posts":[{"id":11141,"url":"https:\/\/blog.kunstgriff.net\/?p=11141","url_meta":{"origin":8753,"position":0},"title":"City-Morgenlauf #27-2013","author":"Georg","date":"Dezember 2, 2013","format":false,"excerpt":"oder \u00bbIn die G\u00e4nge kommen\u00abEigentlich fast ideale Bedingungen heute Morgen zum Laufen: wolkenloser Himmel, leicht feuchte Stra\u00dfen und +2 \u00b0C. O.k., Ein wenig w\u00e4rmer h\u00e4tte es wohl sein k\u00f6nnen, aber ich mag mich da mal nicht beschweren, denn auf den ersten Kilometern lief es eigentlich ganz gut und nach zwei\u2026","rel":"","context":"In &quot;Fr\u00fchsport&quot;","block_context":{"text":"Fr\u00fchsport","link":"https:\/\/blog.kunstgriff.net\/?cat=16"},"img":{"alt_text":"","src":"","width":0,"height":0},"classes":[]},{"id":6455,"url":"https:\/\/blog.kunstgriff.net\/?p=6455","url_meta":{"origin":8753,"position":1},"title":"Schmargendorfer-Morgenlauf mit Papa #5","author":"Georg","date":"Oktober 26, 2011","format":false,"excerpt":"oder \u00bbFr\u00fchsport auf nassen Strassen\u00abLange sind wir diese Strecke schon nicht mehr gelaufen. Die rund 9 km lange Runde bietet einige Wellen, ist aber trotzdem hervorragend geeignet um das Lauftraining wieder sachte zu beginnen. In der Nacht hatte es geregnet und so mussten wir neben der Dunkelheit um 5:30 Uhr\u2026","rel":"","context":"In &quot;Fr\u00fchsport&quot;","block_context":{"text":"Fr\u00fchsport","link":"https:\/\/blog.kunstgriff.net\/?cat=16"},"img":{"alt_text":"","src":"","width":0,"height":0},"classes":[]},{"id":3145,"url":"https:\/\/blog.kunstgriff.net\/?p=3145","url_meta":{"origin":8753,"position":2},"title":"ErgoPlanet-New York Marathon","author":"Georg","date":"Dezember 7, 2010","format":false,"excerpt":"oder \u00bbMorgenstund hat Gold im Mund\u00abHeute wollte ich endlich mal wieder Fr\u00fchsport machen! Das mein ZQ darunter leider w\u00fcrde war mir klar, aber ich wollte auch nicht um 21 Uhr schlafen gehen. Um 4:50 Uhr wachte ich ohne Hilfe des Weckers auf und machte Kaffee und schl\u00fcpfte aus dem Schlafanzug\u2026","rel":"","context":"In &quot;Ergometer Training&quot;","block_context":{"text":"Ergometer Training","link":"https:\/\/blog.kunstgriff.net\/?cat=15"},"img":{"alt_text":"","src":"https:\/\/i0.wp.com\/blog.kunstgriff.net\/wp-content\/uploads\/2010\/12\/NYC_Matschbaeume.jpg?resize=350%2C200","width":350,"height":200,"srcset":"https:\/\/i0.wp.com\/blog.kunstgriff.net\/wp-content\/uploads\/2010\/12\/NYC_Matschbaeume.jpg?resize=350%2C200 1x, https:\/\/i0.wp.com\/blog.kunstgriff.net\/wp-content\/uploads\/2010\/12\/NYC_Matschbaeume.jpg?resize=525%2C300 1.5x"},"classes":[]},{"id":3333,"url":"https:\/\/blog.kunstgriff.net\/?p=3333","url_meta":{"origin":8753,"position":3},"title":"Schmargendorfer-Morgenlauf mit Papa #2","author":"Georg","date":"Januar 14, 2011","format":false,"excerpt":"oder \u00bbHeute mal ein ganz klein wenig flotter\u00abAls ich um 4:30 Uhr aus dem Fenster blickte nieselte es leicht. Das sollte uns heute aber nicht von unserem Morgenlauf abhalten. Heute ging es um 5:15 Uhr auf die bekannte Runde. Viele Pf\u00fctzen und einige Eisplatten waren im Weg, im Gro\u00dfen und\u2026","rel":"","context":"In &quot;Fr\u00fchsport&quot;","block_context":{"text":"Fr\u00fchsport","link":"https:\/\/blog.kunstgriff.net\/?cat=16"},"img":{"alt_text":"","src":"","width":0,"height":0},"classes":[]},{"id":3776,"url":"https:\/\/blog.kunstgriff.net\/?p=3776","url_meta":{"origin":8753,"position":4},"title":"Tiergarten-Morgenlauf mit Papa #8","author":"Georg","date":"M\u00e4rz 4, 2011","format":false,"excerpt":"oder \u00bbLangsam nerven die Temperaturen!\u00abNach nur 4,5 Stunden schlaf riss mich der Wecker aus den Tr\u00e4umen. Ein Blick auf den Au\u00dfenthermometer machte mich dann aber wirklich wach. -4\u00b0C. Schon wieder oder immernoch? Ich kann das Minus vor den Zahlen einfach nicht mehr sehen! In der Hoffnung das diese Temperaturen ein\u2026","rel":"","context":"In &quot;Fr\u00fchsport&quot;","block_context":{"text":"Fr\u00fchsport","link":"https:\/\/blog.kunstgriff.net\/?cat=16"},"img":{"alt_text":"","src":"https:\/\/i0.wp.com\/blog.kunstgriff.net\/wp-content\/uploads\/2011\/03\/Laufuebersicht.png?resize=350%2C200","width":350,"height":200},"classes":[]},{"id":10975,"url":"https:\/\/blog.kunstgriff.net\/?p=10975","url_meta":{"origin":8753,"position":5},"title":"City-Morgenlauf lang #24-2013","author":"Georg","date":"Oktober 24, 2013","format":false,"excerpt":"oder \u00bblocker und mild\u00abWer im Urlaub um 4:45 Uhr aufstehen kann, der kann auch um 4:15 Uhr aus den Federn kriechen. Warum? Nicht nur weil ich's kann, sondern auch weil Papa schon um 8 Uhr im Verlag sein musste und heute die lange Runde auf dem Zettel stand. Da ich\u2026","rel":"","context":"In &quot;Fr\u00fchsport&quot;","block_context":{"text":"Fr\u00fchsport","link":"https:\/\/blog.kunstgriff.net\/?cat=16"},"img":{"alt_text":"","src":"","width":0,"height":0},"classes":[]}],"jetpack_likes_enabled":true,"jetpack_sharing_enabled":true,"_links":{"self":[{"href":"https:\/\/blog.kunstgriff.net\/index.php?rest_route=\/wp\/v2\/posts\/8753","targetHints":{"allow":["GET"]}}],"collection":[{"href":"https:\/\/blog.kunstgriff.net\/index.php?rest_route=\/wp\/v2\/posts"}],"about":[{"href":"https:\/\/blog.kunstgriff.net\/index.php?rest_route=\/wp\/v2\/types\/post"}],"author":[{"embeddable":true,"href":"https:\/\/blog.kunstgriff.net\/index.php?rest_route=\/wp\/v2\/users\/2"}],"replies":[{"embeddable":true,"href":"https:\/\/blog.kunstgriff.net\/index.php?rest_route=%2Fwp%2Fv2%2Fcomments&post=8753"}],"version-history":[{"count":0,"href":"https:\/\/blog.kunstgriff.net\/index.php?rest_route=\/wp\/v2\/posts\/8753\/revisions"}],"wp:attachment":[{"href":"https:\/\/blog.kunstgriff.net\/index.php?rest_route=%2Fwp%2Fv2%2Fmedia&parent=8753"}],"wp:term":[{"taxonomy":"category","embeddable":true,"href":"https:\/\/blog.kunstgriff.net\/index.php?rest_route=%2Fwp%2Fv2%2Fcategories&post=8753"},{"taxonomy":"post_tag","embeddable":true,"href":"https:\/\/blog.kunstgriff.net\/index.php?rest_route=%2Fwp%2Fv2%2Ftags&post=8753"}],"curies":[{"name":"wp","href":"https:\/\/api.w.org\/{rel}","templated":true}]}}