{"id":8881,"date":"2012-08-07T23:21:01","date_gmt":"2012-08-07T21:21:01","guid":{"rendered":"http:\/\/blog.kunstgriff.net\/?p=8881"},"modified":"2016-08-29T16:24:22","modified_gmt":"2016-08-29T14:24:22","slug":"ausfahrt-fototermin-mit-den-havellandriders","status":"publish","type":"post","link":"https:\/\/blog.kunstgriff.net\/?p=8881","title":{"rendered":"Ausfahrt &#038; Fototermin mit den Havellandriders"},"content":{"rendered":"<span class=\"span-reading-time rt-reading-time\" style=\"display: block;\"><span class=\"rt-label rt-prefix\">Lesezeit: <\/span> <span class=\"rt-time\"> &lt; 1<\/span> <span class=\"rt-label rt-postfix\">Minute<\/span><\/span><h4>oder \u00bbTTT\u00ab<\/h4>\n<hr \/>\n<p>Heute war Fototermin in Falkensee, denn wir wollten neue Fotos f\u00fcr die Havellandrider Web-Site aufnehmen. Nach \u00bd-st\u00fcndiger Anfahrt gegen den Wind und Feierabendverkehr erreichte ich p\u00fcnktlich das Rathaus, an dem ich schon viele Rennradkollegen in orangenen Trikots ausmachen konnte. Ein sch\u00f6nes Bild.<\/p>\n<p>Dieses sch\u00f6ne Bild sollte nat\u00fcrlich auch f\u00fcr die Nachwelt festgehalten werden und so fotografierten unsere Aushilfsfotografen uns\u00a0<span style=\"color: #333333; font-style: normal; line-height: 24px;\">aus jeder erdenklichen<\/span><span style=\"color: #333333; font-style: normal; line-height: 24px;\">Position,<\/span><span style=\"color: #333333; font-style: normal; line-height: 24px;\">\u00a0<\/span>bis der Ausl\u00f6ser gl\u00fchte. Nach getanem <em>Posing<\/em> ging es dann endlich auf die Strasse, zum Beine lockern.<\/p>\n<p>Die kleine Hausrunde war geplant und wurde mit einigen Sprinteinlagen verfeinert. Schade, dass sie so schnell zu Ende war und ich alleine den Heimweg \u00fcber den Mauerradweg antreten musste. Es begann bereits zu d\u00e4mmern und ich war froh, Licht eingepackt zu haben, besonders im dichten Wald sehr erhellend.<\/p>\n<p>Sch\u00f6ne Ausfahrt mit netten Mitfahrern. <em>TTT!<\/em>\u00a0<em>T<\/em>errific-<em>T<\/em>raining-<em>T<\/em>uesday.<\/p>\n<div class=\"tiled-gallery type-rectangular tiled-gallery-unresized\" data-original-width=\"525\" data-carousel-extra='{&quot;blog_id&quot;:1,&quot;permalink&quot;:&quot;https:\\\/\\\/blog.kunstgriff.net\\\/?p=8881&quot;,&quot;likes_blog_id&quot;:127394879}' itemscope itemtype=\"http:\/\/schema.org\/ImageGallery\" > <div class=\"gallery-row\" style=\"width: 525px; height: 440px;\" data-original-width=\"525\" data-original-height=\"440\" > <div class=\"gallery-group images-1\" style=\"width: 331px; height: 440px;\" data-original-width=\"331\" data-original-height=\"440\" > <div class=\"tiled-gallery-item tiled-gallery-item-large\" itemprop=\"associatedMedia\" itemscope itemtype=\"http:\/\/schema.org\/ImageObject\"> <a href=\"https:\/\/i0.wp.com\/blog.kunstgriff.net\/wp-content\/uploads\/2012\/08\/Trikot-auf-der-Strasse.jpg?ssl=1\" border=\"0\" itemprop=\"url\"> <meta itemprop=\"width\" content=\"327\"> <meta itemprop=\"height\" content=\"436\"> <img decoding=\"async\" class=\"\" data-attachment-id=\"8885\" data-orig-file=\"https:\/\/blog.kunstgriff.net\/wp-content\/uploads\/2012\/08\/Trikot-auf-der-Strasse.jpg\" data-orig-size=\"750,1000\" data-comments-opened=\"1\" data-image-meta=\"{&quot;aperture&quot;:&quot;2.8&quot;,&quot;credit&quot;:&quot;&quot;,&quot;camera&quot;:&quot;Canon DIGITAL IXUS 870 IS&quot;,&quot;caption&quot;:&quot;&quot;,&quot;created_timestamp&quot;:&quot;1344367423&quot;,&quot;copyright&quot;:&quot;&quot;,&quot;focal_length&quot;:&quot;5&quot;,&quot;iso&quot;:&quot;250&quot;,&quot;shutter_speed&quot;:&quot;0.002&quot;,&quot;title&quot;:&quot;&quot;}\" data-image-title=\"Trikot auf der Strasse\" data-image-description=\"\" data-medium-file=\"https:\/\/i0.wp.com\/blog.kunstgriff.net\/wp-content\/uploads\/2012\/08\/Trikot-auf-der-Strasse.jpg?fit=225%2C300&#038;ssl=1\" data-large-file=\"https:\/\/i0.wp.com\/blog.kunstgriff.net\/wp-content\/uploads\/2012\/08\/Trikot-auf-der-Strasse.jpg?fit=750%2C1000&#038;ssl=1\" src=\"https:\/\/i0.wp.com\/blog.kunstgriff.net\/wp-content\/uploads\/2012\/08\/Trikot-auf-der-Strasse.jpg?w=327&#038;h=436&#038;ssl=1\" srcset=\"https:\/\/i0.wp.com\/blog.kunstgriff.net\/wp-content\/uploads\/2012\/08\/Trikot-auf-der-Strasse.jpg?w=750&amp;ssl=1 750w, https:\/\/i0.wp.com\/blog.kunstgriff.net\/wp-content\/uploads\/2012\/08\/Trikot-auf-der-Strasse.jpg?resize=225%2C300&amp;ssl=1 225w\" width=\"327\" height=\"436\" loading=\"lazy\" data-original-width=\"327\" data-original-height=\"436\" itemprop=\"http:\/\/schema.org\/image\" title=\"Trikot auf der Strasse\" alt=\"Trikot auf der Strasse\" style=\"width: 327px; height: 436px;\" \/> <\/a> <\/div> <\/div> <!-- close group --> <div class=\"gallery-group images-3\" style=\"width: 194px; height: 440px;\" data-original-width=\"194\" data-original-height=\"440\" > <div class=\"tiled-gallery-item tiled-gallery-item-small\" itemprop=\"associatedMedia\" itemscope itemtype=\"http:\/\/schema.org\/ImageObject\"> <a href=\"https:\/\/i0.wp.com\/blog.kunstgriff.net\/wp-content\/uploads\/2012\/08\/Orgelfl%C3%B6ten.jpg?ssl=1\" border=\"0\" itemprop=\"url\"> <meta itemprop=\"width\" content=\"190\"> <meta itemprop=\"height\" content=\"143\"> <img decoding=\"async\" class=\"\" data-attachment-id=\"8884\" data-orig-file=\"https:\/\/blog.kunstgriff.net\/wp-content\/uploads\/2012\/08\/Orgelfl\u00f6ten.jpg\" data-orig-size=\"1000,750\" data-comments-opened=\"1\" data-image-meta=\"{&quot;aperture&quot;:&quot;2.8&quot;,&quot;credit&quot;:&quot;&quot;,&quot;camera&quot;:&quot;Canon DIGITAL IXUS 870 IS&quot;,&quot;caption&quot;:&quot;&quot;,&quot;created_timestamp&quot;:&quot;1344366997&quot;,&quot;copyright&quot;:&quot;&quot;,&quot;focal_length&quot;:&quot;5&quot;,&quot;iso&quot;:&quot;400&quot;,&quot;shutter_speed&quot;:&quot;0.002&quot;,&quot;title&quot;:&quot;&quot;}\" data-image-title=\"Orgelfl\u00f6ten\" data-image-description=\"\" data-medium-file=\"https:\/\/i0.wp.com\/blog.kunstgriff.net\/wp-content\/uploads\/2012\/08\/Orgelfl%C3%B6ten.jpg?fit=300%2C225&#038;ssl=1\" data-large-file=\"https:\/\/i0.wp.com\/blog.kunstgriff.net\/wp-content\/uploads\/2012\/08\/Orgelfl%C3%B6ten.jpg?fit=1000%2C750&#038;ssl=1\" src=\"https:\/\/i0.wp.com\/blog.kunstgriff.net\/wp-content\/uploads\/2012\/08\/Orgelfl%C3%B6ten.jpg?w=190&#038;h=143&#038;ssl=1\" width=\"190\" height=\"143\" loading=\"lazy\" data-original-width=\"190\" data-original-height=\"143\" itemprop=\"http:\/\/schema.org\/image\" title=\"Orgelfl\u00f6ten\" alt=\"Orgelfl\u00f6ten\" style=\"width: 190px; height: 143px;\" \/> <\/a> <\/div> <div class=\"tiled-gallery-item tiled-gallery-item-small\" itemprop=\"associatedMedia\" itemscope itemtype=\"http:\/\/schema.org\/ImageObject\"> <a href=\"https:\/\/i0.wp.com\/blog.kunstgriff.net\/wp-content\/uploads\/2012\/08\/Einerreihe.jpg?ssl=1\" border=\"0\" itemprop=\"url\"> <meta itemprop=\"width\" content=\"190\"> <meta itemprop=\"height\" content=\"143\"> <img decoding=\"async\" class=\"\" data-attachment-id=\"8882\" data-orig-file=\"https:\/\/blog.kunstgriff.net\/wp-content\/uploads\/2012\/08\/Einerreihe.jpg\" data-orig-size=\"1000,750\" data-comments-opened=\"1\" data-image-meta=\"{&quot;aperture&quot;:&quot;2.8&quot;,&quot;credit&quot;:&quot;&quot;,&quot;camera&quot;:&quot;Canon DIGITAL IXUS 870 IS&quot;,&quot;caption&quot;:&quot;&quot;,&quot;created_timestamp&quot;:&quot;1344367063&quot;,&quot;copyright&quot;:&quot;&quot;,&quot;focal_length&quot;:&quot;5&quot;,&quot;iso&quot;:&quot;125&quot;,&quot;shutter_speed&quot;:&quot;0.00625&quot;,&quot;title&quot;:&quot;&quot;}\" data-image-title=\"Einerreihe\" data-image-description=\"\" data-medium-file=\"https:\/\/i0.wp.com\/blog.kunstgriff.net\/wp-content\/uploads\/2012\/08\/Einerreihe.jpg?fit=300%2C225&#038;ssl=1\" data-large-file=\"https:\/\/i0.wp.com\/blog.kunstgriff.net\/wp-content\/uploads\/2012\/08\/Einerreihe.jpg?fit=1000%2C750&#038;ssl=1\" src=\"https:\/\/i0.wp.com\/blog.kunstgriff.net\/wp-content\/uploads\/2012\/08\/Einerreihe.jpg?w=190&#038;h=143&#038;ssl=1\" srcset=\"https:\/\/i0.wp.com\/blog.kunstgriff.net\/wp-content\/uploads\/2012\/08\/Einerreihe.jpg?w=1000&amp;ssl=1 1000w, https:\/\/i0.wp.com\/blog.kunstgriff.net\/wp-content\/uploads\/2012\/08\/Einerreihe.jpg?resize=300%2C225&amp;ssl=1 300w, https:\/\/i0.wp.com\/blog.kunstgriff.net\/wp-content\/uploads\/2012\/08\/Einerreihe.jpg?resize=400%2C300&amp;ssl=1 400w\" width=\"190\" height=\"143\" loading=\"lazy\" data-original-width=\"190\" data-original-height=\"143\" itemprop=\"http:\/\/schema.org\/image\" title=\"Einerreihe\" alt=\"Einerreihe\" style=\"width: 190px; height: 143px;\" \/> <\/a> <\/div> <div class=\"tiled-gallery-item tiled-gallery-item-small\" itemprop=\"associatedMedia\" itemscope itemtype=\"http:\/\/schema.org\/ImageObject\"> <a href=\"https:\/\/i0.wp.com\/blog.kunstgriff.net\/wp-content\/uploads\/2012\/08\/Gruppenfoto-zum-Warmwerden.jpg?ssl=1\" border=\"0\" itemprop=\"url\"> <meta itemprop=\"width\" content=\"190\"> <meta itemprop=\"height\" content=\"142\"> <img decoding=\"async\" class=\"\" data-attachment-id=\"8883\" data-orig-file=\"https:\/\/blog.kunstgriff.net\/wp-content\/uploads\/2012\/08\/Gruppenfoto-zum-Warmwerden.jpg\" data-orig-size=\"1000,750\" data-comments-opened=\"1\" data-image-meta=\"{&quot;aperture&quot;:&quot;3.2&quot;,&quot;credit&quot;:&quot;&quot;,&quot;camera&quot;:&quot;Canon DIGITAL IXUS 870 IS&quot;,&quot;caption&quot;:&quot;&quot;,&quot;created_timestamp&quot;:&quot;1344366531&quot;,&quot;copyright&quot;:&quot;&quot;,&quot;focal_length&quot;:&quot;6.935&quot;,&quot;iso&quot;:&quot;125&quot;,&quot;shutter_speed&quot;:&quot;0.005&quot;,&quot;title&quot;:&quot;&quot;}\" data-image-title=\"Gruppenfoto zum Warmwerden\" data-image-description=\"\" data-medium-file=\"https:\/\/i0.wp.com\/blog.kunstgriff.net\/wp-content\/uploads\/2012\/08\/Gruppenfoto-zum-Warmwerden.jpg?fit=300%2C225&#038;ssl=1\" data-large-file=\"https:\/\/i0.wp.com\/blog.kunstgriff.net\/wp-content\/uploads\/2012\/08\/Gruppenfoto-zum-Warmwerden.jpg?fit=1000%2C750&#038;ssl=1\" src=\"https:\/\/i0.wp.com\/blog.kunstgriff.net\/wp-content\/uploads\/2012\/08\/Gruppenfoto-zum-Warmwerden.jpg?w=190&#038;h=142&#038;ssl=1\" srcset=\"https:\/\/i0.wp.com\/blog.kunstgriff.net\/wp-content\/uploads\/2012\/08\/Gruppenfoto-zum-Warmwerden.jpg?w=1000&amp;ssl=1 1000w, https:\/\/i0.wp.com\/blog.kunstgriff.net\/wp-content\/uploads\/2012\/08\/Gruppenfoto-zum-Warmwerden.jpg?resize=300%2C225&amp;ssl=1 300w, https:\/\/i0.wp.com\/blog.kunstgriff.net\/wp-content\/uploads\/2012\/08\/Gruppenfoto-zum-Warmwerden.jpg?resize=400%2C300&amp;ssl=1 400w\" width=\"190\" height=\"142\" loading=\"lazy\" data-original-width=\"190\" data-original-height=\"142\" itemprop=\"http:\/\/schema.org\/image\" title=\"Gruppenfoto zum Warmwerden\" alt=\"Gruppenfoto zum Warmwerden\" style=\"width: 190px; height: 142px;\" \/> <\/a> <\/div> <\/div> <!-- close group --> <\/div> <!-- close row --> <\/div>\n<p><iframe height='405' width='590' frameborder='0' allowtransparency='true' scrolling='no' src='https:\/\/www.strava.com\/activities\/17128599\/embed\/d1ab4524c6595a59ee9f234c051e97d2f745fe35'><\/iframe><\/p>\n","protected":false},"excerpt":{"rendered":"<p>oder \u00bbTTT\u00ab Heute war Fototermin in Falkensee, denn wir wollten neue Fotos f\u00fcr die Havellandrider Web-Site aufnehmen. Nach \u00bd-st\u00fcndiger Anfahrt gegen den Wind und Feierabendverkehr erreichte ich p\u00fcnktlich das Rathaus, an dem ich schon viele Rennradkollegen in orangenen Trikots ausmachen konnte. Ein sch\u00f6nes Bild. Dieses sch\u00f6ne Bild sollte nat\u00fcrlich auch f\u00fcr die Nachwelt festgehalten werden &hellip; <\/p>\n<p class=\"link-more\"><a href=\"https:\/\/blog.kunstgriff.net\/?p=8881\" class=\"more-link\"><span class=\"screen-reader-text\">\u201eAusfahrt &#038; Fototermin mit den Havellandriders\u201c <\/span>weiterlesen<\/a><\/p>\n","protected":false},"author":2,"featured_media":8883,"comment_status":"open","ping_status":"open","sticky":false,"template":"","format":"standard","meta":{"jetpack_post_was_ever_published":false,"_jetpack_newsletter_access":"","_jetpack_dont_email_post_to_subs":false,"_jetpack_newsletter_tier_id":0,"_jetpack_memberships_contains_paywalled_content":false,"_jetpack_memberships_contains_paid_content":false,"footnotes":""},"categories":[14,7],"tags":[],"class_list":["post-8881","post","type-post","status-publish","format-standard","has-post-thumbnail","hentry","category-radfahren","category-rennradfahren"],"jetpack_featured_media_url":"https:\/\/i0.wp.com\/blog.kunstgriff.net\/wp-content\/uploads\/2012\/08\/Gruppenfoto-zum-Warmwerden.jpg?fit=1000%2C750&ssl=1","jetpack_shortlink":"https:\/\/wp.me\/p8Cxe7-2jf","jetpack-related-posts":[{"id":9859,"url":"https:\/\/blog.kunstgriff.net\/?p=9859","url_meta":{"origin":8881,"position":0},"title":"Mallorca Trainingscamp 2013 &#8211; Tag 3 &#8211; kurzer K\u00fcstenklassiker","author":"Georg","date":"M\u00e4rz 12, 2013","format":false,"excerpt":"oder \u00bbHeute mal die K\u00fcstenstrasse anders herum\u00ab Eigentlich war es f\u00fcr mich noch zu fr\u00fch f\u00fcr den K\u00fcstenklassiker. Da der A3K aber schon seit fast einer Woche am trainieren auf der Insel war, wollten die Jungs heute H\u00f6henmeter und etwas l\u00e4nger unterwegs sein. So gab es keine andere Option. Kurz\u2026","rel":"","context":"In &quot;Radfahren&quot;","block_context":{"text":"Radfahren","link":"https:\/\/blog.kunstgriff.net\/?cat=14"},"img":{"alt_text":"","src":"https:\/\/i0.wp.com\/blog.kunstgriff.net\/wp-content\/uploads\/2013\/03\/BergSchorsch.jpg?fit=1000%2C750&ssl=1&resize=350%2C200","width":350,"height":200,"srcset":"https:\/\/i0.wp.com\/blog.kunstgriff.net\/wp-content\/uploads\/2013\/03\/BergSchorsch.jpg?fit=1000%2C750&ssl=1&resize=350%2C200 1x, https:\/\/i0.wp.com\/blog.kunstgriff.net\/wp-content\/uploads\/2013\/03\/BergSchorsch.jpg?fit=1000%2C750&ssl=1&resize=525%2C300 1.5x, https:\/\/i0.wp.com\/blog.kunstgriff.net\/wp-content\/uploads\/2013\/03\/BergSchorsch.jpg?fit=1000%2C750&ssl=1&resize=700%2C400 2x"},"classes":[]},{"id":1605,"url":"https:\/\/blog.kunstgriff.net\/?p=1605","url_meta":{"origin":8881,"position":1},"title":"Ludwigsfelde->Constappel (Stopp-o-mat)","author":"Georg","date":"Juni 12, 2010","format":false,"excerpt":"F\u00fcr den heutigen Samstag hatte Peter H. eine interessante Tour geplant, welche ich mir nicht entgehen lassen wollte: Es sollte mit dem RegionalExpress ins nahe Ludwigsfelde gehen, von dort wollten wir ca. 170 km zum Stopp-O-Mat in Constappel, nahe Mei\u00dfen fahren und diesen auch austesten. Die Strecke war Peter und\u2026","rel":"","context":"In &quot;Garmin&quot;","block_context":{"text":"Garmin","link":"https:\/\/blog.kunstgriff.net\/?cat=35"},"img":{"alt_text":"","src":"https:\/\/i0.wp.com\/blog.kunstgriff.net\/wp-content\/uploads\/2010\/06\/DSCF1188.jpg?fit=800%2C600&ssl=1&resize=350%2C200","width":350,"height":200,"srcset":"https:\/\/i0.wp.com\/blog.kunstgriff.net\/wp-content\/uploads\/2010\/06\/DSCF1188.jpg?fit=800%2C600&ssl=1&resize=350%2C200 1x, https:\/\/i0.wp.com\/blog.kunstgriff.net\/wp-content\/uploads\/2010\/06\/DSCF1188.jpg?fit=800%2C600&ssl=1&resize=525%2C300 1.5x, https:\/\/i0.wp.com\/blog.kunstgriff.net\/wp-content\/uploads\/2010\/06\/DSCF1188.jpg?fit=800%2C600&ssl=1&resize=700%2C400 2x"},"classes":[]},{"id":18197,"url":"https:\/\/blog.kunstgriff.net\/?p=18197","url_meta":{"origin":8881,"position":2},"title":"Fl\u00e4ming 300er","author":"Georg","date":"Juni 30, 2018","format":false,"excerpt":"Heute mal etwas l\u00e4nger unterwegs Eigentlich stand heute f\u00fcr mich der Night-Ride vom wff von Spandau nach Hamburg auf dem Programm. Mitte der Woche entschied ich mich dagegen, da ich mich mit der Fahrt in der Nacht einfach nicht wohl f\u00fchlte. Ein Alternativ-Programm musste her. Etwas l\u00e4nger w\u00e4re schon sch\u00f6n,\u2026","rel":"","context":"In &quot;200er&quot;","block_context":{"text":"200er","link":"https:\/\/blog.kunstgriff.net\/?cat=48"},"img":{"alt_text":"","src":"https:\/\/i0.wp.com\/blog.kunstgriff.net\/wp-content\/uploads\/2018\/06\/Die-weiten-Brandenburgs-bei-Goltzow.jpg?fit=1200%2C799&ssl=1&resize=350%2C200","width":350,"height":200,"srcset":"https:\/\/i0.wp.com\/blog.kunstgriff.net\/wp-content\/uploads\/2018\/06\/Die-weiten-Brandenburgs-bei-Goltzow.jpg?fit=1200%2C799&ssl=1&resize=350%2C200 1x, https:\/\/i0.wp.com\/blog.kunstgriff.net\/wp-content\/uploads\/2018\/06\/Die-weiten-Brandenburgs-bei-Goltzow.jpg?fit=1200%2C799&ssl=1&resize=525%2C300 1.5x, https:\/\/i0.wp.com\/blog.kunstgriff.net\/wp-content\/uploads\/2018\/06\/Die-weiten-Brandenburgs-bei-Goltzow.jpg?fit=1200%2C799&ssl=1&resize=700%2C400 2x, https:\/\/i0.wp.com\/blog.kunstgriff.net\/wp-content\/uploads\/2018\/06\/Die-weiten-Brandenburgs-bei-Goltzow.jpg?fit=1200%2C799&ssl=1&resize=1050%2C600 3x"},"classes":[]},{"id":10069,"url":"https:\/\/blog.kunstgriff.net\/?p=10069","url_meta":{"origin":8881,"position":3},"title":"Niederfinow-Frau K\u00fchn-Tour","author":"Georg","date":"April 14, 2013","format":false,"excerpt":"oder \u00bbErste lange Runde in bekanntem Trainingsrevier\u00abHeute war es endlich mal wieder so weit: Ich durfte mein geliebtes Rennrad bewegen und mich mit den Jungs und einem M\u00e4del auf diesen Klassiker machen. Um 9:20 Uhr traf ich, fast vor meiner Haust\u00fcr, wie verabredet auf Stefan B. und Thilo. Es ging\u2026","rel":"","context":"In &quot;Radfahren&quot;","block_context":{"text":"Radfahren","link":"https:\/\/blog.kunstgriff.net\/?cat=14"},"img":{"alt_text":"","src":"https:\/\/i0.wp.com\/blog.kunstgriff.net\/wp-content\/uploads\/2013\/04\/Auf-dem-Weg-nach-Osten.jpg?fit=1000%2C750&ssl=1&resize=350%2C200","width":350,"height":200,"srcset":"https:\/\/i0.wp.com\/blog.kunstgriff.net\/wp-content\/uploads\/2013\/04\/Auf-dem-Weg-nach-Osten.jpg?fit=1000%2C750&ssl=1&resize=350%2C200 1x, https:\/\/i0.wp.com\/blog.kunstgriff.net\/wp-content\/uploads\/2013\/04\/Auf-dem-Weg-nach-Osten.jpg?fit=1000%2C750&ssl=1&resize=525%2C300 1.5x, https:\/\/i0.wp.com\/blog.kunstgriff.net\/wp-content\/uploads\/2013\/04\/Auf-dem-Weg-nach-Osten.jpg?fit=1000%2C750&ssl=1&resize=700%2C400 2x"},"classes":[]},{"id":10619,"url":"https:\/\/blog.kunstgriff.net\/?p=10619","url_meta":{"origin":8881,"position":4},"title":"Tiri-Ruhlsdorf-S\u00fcd-Runde","author":"Georg","date":"Juli 13, 2013","format":false,"excerpt":"oder \u00bbSuper-sch\u00f6ne Ausfahrt bei Kaiserwetter\u00abHeute war es endlich wieder soweit: Ich konnte mich, nach meiner auskurierten Verletzung am Knie, wieder auf meinen Renner schwingen um mit der Bande Spass zu haben. Die Anfahrt \u00fcber bekannte Wege war kurzweilig da, ich von der Teamchefin der Berlin Roadgirls begleitet wurde. Am\u00a0Tirschenreuther-Ring staunten\u2026","rel":"","context":"In &quot;Radfahren&quot;","block_context":{"text":"Radfahren","link":"https:\/\/blog.kunstgriff.net\/?cat=14"},"img":{"alt_text":"","src":"https:\/\/i0.wp.com\/blog.kunstgriff.net\/wp-content\/uploads\/2013\/07\/Grosse-Gruppe-am-Tirschenreuther-Ring.jpg?fit=1200%2C900&ssl=1&resize=350%2C200","width":350,"height":200,"srcset":"https:\/\/i0.wp.com\/blog.kunstgriff.net\/wp-content\/uploads\/2013\/07\/Grosse-Gruppe-am-Tirschenreuther-Ring.jpg?fit=1200%2C900&ssl=1&resize=350%2C200 1x, https:\/\/i0.wp.com\/blog.kunstgriff.net\/wp-content\/uploads\/2013\/07\/Grosse-Gruppe-am-Tirschenreuther-Ring.jpg?fit=1200%2C900&ssl=1&resize=525%2C300 1.5x, https:\/\/i0.wp.com\/blog.kunstgriff.net\/wp-content\/uploads\/2013\/07\/Grosse-Gruppe-am-Tirschenreuther-Ring.jpg?fit=1200%2C900&ssl=1&resize=700%2C400 2x, https:\/\/i0.wp.com\/blog.kunstgriff.net\/wp-content\/uploads\/2013\/07\/Grosse-Gruppe-am-Tirschenreuther-Ring.jpg?fit=1200%2C900&ssl=1&resize=1050%2C600 3x"},"classes":[]},{"id":3187,"url":"https:\/\/blog.kunstgriff.net\/?p=3187","url_meta":{"origin":8881,"position":5},"title":"ErgoPlanet-Yellowstone","author":"Georg","date":"Dezember 19, 2010","format":false,"excerpt":"oder \u00bb1x nach Norden und 1x nach S\u00fcden\u00abGestern hatte ich mir noch vorgenommen die recht anspruchsvolle Strecke in der Toskana zu fahren. Davon wollte ich aber heute nichts mehr wissen. Zum einen hatte ich nicht wirklich gut geschlafen, zum anderen war mir heute einfach nicht nach 3 Stunden plus Ergometerfahren.\u2026","rel":"","context":"In &quot;Ergometer Training&quot;","block_context":{"text":"Ergometer Training","link":"https:\/\/blog.kunstgriff.net\/?cat=15"},"img":{"alt_text":"","src":"","width":0,"height":0},"classes":[]}],"jetpack_likes_enabled":true,"jetpack_sharing_enabled":true,"_links":{"self":[{"href":"https:\/\/blog.kunstgriff.net\/index.php?rest_route=\/wp\/v2\/posts\/8881","targetHints":{"allow":["GET"]}}],"collection":[{"href":"https:\/\/blog.kunstgriff.net\/index.php?rest_route=\/wp\/v2\/posts"}],"about":[{"href":"https:\/\/blog.kunstgriff.net\/index.php?rest_route=\/wp\/v2\/types\/post"}],"author":[{"embeddable":true,"href":"https:\/\/blog.kunstgriff.net\/index.php?rest_route=\/wp\/v2\/users\/2"}],"replies":[{"embeddable":true,"href":"https:\/\/blog.kunstgriff.net\/index.php?rest_route=%2Fwp%2Fv2%2Fcomments&post=8881"}],"version-history":[{"count":0,"href":"https:\/\/blog.kunstgriff.net\/index.php?rest_route=\/wp\/v2\/posts\/8881\/revisions"}],"wp:featuredmedia":[{"embeddable":true,"href":"https:\/\/blog.kunstgriff.net\/index.php?rest_route=\/wp\/v2\/media\/8883"}],"wp:attachment":[{"href":"https:\/\/blog.kunstgriff.net\/index.php?rest_route=%2Fwp%2Fv2%2Fmedia&parent=8881"}],"wp:term":[{"taxonomy":"category","embeddable":true,"href":"https:\/\/blog.kunstgriff.net\/index.php?rest_route=%2Fwp%2Fv2%2Fcategories&post=8881"},{"taxonomy":"post_tag","embeddable":true,"href":"https:\/\/blog.kunstgriff.net\/index.php?rest_route=%2Fwp%2Fv2%2Ftags&post=8881"}],"curies":[{"name":"wp","href":"https:\/\/api.w.org\/{rel}","templated":true}]}}