{"id":9074,"date":"2012-09-04T21:20:49","date_gmt":"2012-09-04T19:20:49","guid":{"rendered":"http:\/\/blog.kunstgriff.net\/?p=9074"},"modified":"2016-08-29T16:12:52","modified_gmt":"2016-08-29T14:12:52","slug":"bernds-blankensee-feierabendrunde-2","status":"publish","type":"post","link":"https:\/\/blog.kunstgriff.net\/?p=9074","title":{"rendered":"Bernds-Blankensee-Feierabendrunde"},"content":{"rendered":"<span class=\"span-reading-time rt-reading-time\" style=\"display: block;\"><span class=\"rt-label rt-prefix\">Lesezeit: <\/span> <span class=\"rt-time\"> 2<\/span> <span class=\"rt-label rt-postfix\">Minuten<\/span><\/span><h4>oder \u00bbImmer wieder Dienstags\u00ab<\/h4>\n<hr \/>\n<p>Neugierig, ob \u00fcberhaupt Mitfahrer zum Tunnel-Treffpunkt kommen w\u00fcrden, machte ich mich um kurz nach 17 Uhr auf den Weg dort hin. Die Runde war n\u00e4mlich nicht im Netz annonciert worden, und so war nicht klar ob sie \u00fcberhaupt statt finden w\u00fcrde.<\/p>\n<p>Als Fabian, Oleg und Stefan R. um kurz vor 17:30 am Tunnel eintrafen, war klar das es heute ein nettes\u00a0<del>Gemetzel<\/del> R\u00fcndchen geben w\u00fcrde. Leider fehlte Bernd, der Namensgeber und eigentliche Initiator der Runde heute entschuldigt, denn er musste sich noch von den Strapazen des 24 Stunden Rennens Rad-Am-Ring erholen.<\/p>\n<p>Um kurz nach \u00bd 6 ging es dann los, zuerst die schnelle und langsame Gruppe vereint, am Ende der Krone dann aber schon separiert ging es hurtig weiter gen S\u00fcden. Da wir ein paar ehemalige Lizenzfahrer einsammelten, die Oleg kannte, machte die Runde wieder ein \u00a0 Quentchen flotter und sicherer.<\/p>\n<p>Die kurze Pause in St\u00fccken wurde heute ausgelassen da niemand austreten <del>wollte<\/del> musste und so wurde Langerwisch ohne Stop angesteuert. Wie hatte ich mich nach diesem Augenblick gesehnt, endlich mit Stefan R. in der F\u00fchrung fahren zu d\u00fcrfen. K\u00f6nnen eher weniger. Und so versuchte ich im Anschluss andere, strategisch g\u00fcnstigere Nebenm\u00e4nner auszumachen. Da f\u00fchlte ich mich fast an alte 10-Uhr-Gruppe-Zeiten erinnert.<\/p>\n<p>In Kleinmachnow separierte sich dann das, doch recht gro\u00dfe, Feld und wir fuhren zu f\u00fcnft \u00fcber den Willy zur\u00fcck zur Heerstrasse. Die Rote-Laterne blieb mir zum Gl\u00fcck erspart, aber vorne bei <em>den Grossen<\/em> konnte ich heute, auf diesem letzten Sektor, auch nicht mitspielen. Kein Problem, sch\u00f6nes Training mit netten Kameraden. Immer wieder Dienstags.<\/p>\n<p><a href=\"https:\/\/i0.wp.com\/blog.kunstgriff.net\/wp-content\/uploads\/2012\/09\/Abzweig-hinter-Nudow.jpg\"><img data-recalc-dims=\"1\" loading=\"lazy\" decoding=\"async\" data-attachment-id=\"9081\" data-permalink=\"https:\/\/blog.kunstgriff.net\/?attachment_id=9081\" data-orig-file=\"https:\/\/i0.wp.com\/blog.kunstgriff.net\/wp-content\/uploads\/2012\/09\/Abzweig-hinter-Nudow.jpg?fit=1000%2C750&amp;ssl=1\" data-orig-size=\"1000,750\" data-comments-opened=\"1\" data-image-meta=\"{&quot;aperture&quot;:&quot;2.8&quot;,&quot;credit&quot;:&quot;&quot;,&quot;camera&quot;:&quot;Canon DIGITAL IXUS 870 IS&quot;,&quot;caption&quot;:&quot;&quot;,&quot;created_timestamp&quot;:&quot;1346782850&quot;,&quot;copyright&quot;:&quot;&quot;,&quot;focal_length&quot;:&quot;5&quot;,&quot;iso&quot;:&quot;80&quot;,&quot;shutter_speed&quot;:&quot;0.00125&quot;,&quot;title&quot;:&quot;&quot;}\" data-image-title=\"Abzweig hinter Nudow\" data-image-description=\"\" data-image-caption=\"\" data-large-file=\"https:\/\/i0.wp.com\/blog.kunstgriff.net\/wp-content\/uploads\/2012\/09\/Abzweig-hinter-Nudow.jpg?fit=1000%2C750&amp;ssl=1\" class=\"aligncenter size-full wp-image-9081\" title=\"Abzweig hinter Nudow\" src=\"https:\/\/i0.wp.com\/blog.kunstgriff.net\/wp-content\/uploads\/2012\/09\/Abzweig-hinter-Nudow.jpg?resize=525%2C394\" alt=\"\" width=\"525\" height=\"394\" srcset=\"https:\/\/i0.wp.com\/blog.kunstgriff.net\/wp-content\/uploads\/2012\/09\/Abzweig-hinter-Nudow.jpg?w=1000&amp;ssl=1 1000w, https:\/\/i0.wp.com\/blog.kunstgriff.net\/wp-content\/uploads\/2012\/09\/Abzweig-hinter-Nudow.jpg?resize=300%2C225&amp;ssl=1 300w, https:\/\/i0.wp.com\/blog.kunstgriff.net\/wp-content\/uploads\/2012\/09\/Abzweig-hinter-Nudow.jpg?resize=400%2C300&amp;ssl=1 400w\" sizes=\"auto, (max-width: 767px) 89vw, (max-width: 1000px) 54vw, (max-width: 1071px) 543px, 580px\" \/><\/a><\/p>\n<p><iframe height='405' width='590' frameborder='0' allowtransparency='true' scrolling='no' src='https:\/\/www.strava.com\/activities\/20855684\/embed\/fde0df42dac202add44ce4a5063e7ff11be23348'><\/iframe><\/p>\n","protected":false},"excerpt":{"rendered":"<p>oder \u00bbImmer wieder Dienstags\u00ab Neugierig, ob \u00fcberhaupt Mitfahrer zum Tunnel-Treffpunkt kommen w\u00fcrden, machte ich mich um kurz nach 17 Uhr auf den Weg dort hin. Die Runde war n\u00e4mlich nicht im Netz annonciert worden, und so war nicht klar ob sie \u00fcberhaupt statt finden w\u00fcrde. Als Fabian, Oleg und Stefan R. um kurz vor 17:30 &hellip; <\/p>\n<p class=\"link-more\"><a href=\"https:\/\/blog.kunstgriff.net\/?p=9074\" class=\"more-link\"><span class=\"screen-reader-text\">\u201eBernds-Blankensee-Feierabendrunde\u201c <\/span>weiterlesen<\/a><\/p>\n","protected":false},"author":2,"featured_media":9081,"comment_status":"open","ping_status":"open","sticky":false,"template":"","format":"standard","meta":{"jetpack_post_was_ever_published":false,"_jetpack_newsletter_access":"","_jetpack_dont_email_post_to_subs":false,"_jetpack_newsletter_tier_id":0,"_jetpack_memberships_contains_paywalled_content":false,"_jetpack_memberships_contains_paid_content":false,"footnotes":""},"categories":[14,7],"tags":[],"class_list":["post-9074","post","type-post","status-publish","format-standard","has-post-thumbnail","hentry","category-radfahren","category-rennradfahren"],"jetpack_featured_media_url":"https:\/\/i0.wp.com\/blog.kunstgriff.net\/wp-content\/uploads\/2012\/09\/Abzweig-hinter-Nudow.jpg?fit=1000%2C750&ssl=1","jetpack_shortlink":"https:\/\/wp.me\/p8Cxe7-2mm","jetpack-related-posts":[{"id":10700,"url":"https:\/\/blog.kunstgriff.net\/?p=10700","url_meta":{"origin":9074,"position":0},"title":"Fl\u00e4ming-Runde","author":"Georg","date":"August 10, 2013","format":false,"excerpt":"oder \u00bbMal wieder nen 200er\u00abHeute lie\u00df ich mich von einer netten Dame animieren, mal wieder vom TiRi zu starten. Wir staunten nicht schlecht \u00fcber die gro\u00dfe Zahl an motivierten RadlerInnen, die auf die nicht gerade kurze Runde, runter in den Fl\u00e4ming radeln wollten. Um kurz nach 10 ging es dann\u2026","rel":"","context":"In &quot;Rennradfahren&quot;","block_context":{"text":"Rennradfahren","link":"https:\/\/blog.kunstgriff.net\/?cat=7"},"img":{"alt_text":"","src":"","width":0,"height":0},"classes":[]},{"id":5620,"url":"https:\/\/blog.kunstgriff.net\/?p=5620","url_meta":{"origin":9074,"position":1},"title":"Werbellinsee-Runde reloaded","author":"Georg","date":"August 21, 2011","format":false,"excerpt":"oder \u00bbWieder so eine sch\u00f6ne Runde wie in 2010?\u00abVor fast genau einem Jahr sind wir diese Runde klasse Runde um den See im hohen Osten schon gefahren. Mitte der Woche annoncierte Mike dann wieder diese Runde und mir war klar, das ich wieder dabei sein werde. Es gab drei Treffpunkte:\u2026","rel":"","context":"In &quot;200er&quot;","block_context":{"text":"200er","link":"https:\/\/blog.kunstgriff.net\/?cat=48"},"img":{"alt_text":"","src":"https:\/\/i0.wp.com\/blog.kunstgriff.net\/wp-content\/uploads\/2011\/08\/Schwitzen-am-Werbellinsee.jpg?resize=350%2C200","width":350,"height":200,"srcset":"https:\/\/i0.wp.com\/blog.kunstgriff.net\/wp-content\/uploads\/2011\/08\/Schwitzen-am-Werbellinsee.jpg?resize=350%2C200 1x, https:\/\/i0.wp.com\/blog.kunstgriff.net\/wp-content\/uploads\/2011\/08\/Schwitzen-am-Werbellinsee.jpg?resize=525%2C300 1.5x"},"classes":[]},{"id":18168,"url":"https:\/\/blog.kunstgriff.net\/?p=18168","url_meta":{"origin":9074,"position":2},"title":"Schwielowsee-Runde","author":"Georg","date":"Juni 23, 2018","format":false,"excerpt":"Entschlossen unentschlossen Der Plan war um 10 Uhr an den Tiri zu fahren. Leider kreuzten Regenwolken den Plan und so bat Oleg eine Stunde sp\u00e4ter zum Auerbach-Tunnel. Erstmal kam keiner. So fasste ich den Plan, die meine Schwielowsee-Runde zu fahren. Zu lange war ich dort nicht mehr unterwegs gewesen. Zu\u2026","rel":"","context":"In &quot;Radfahren&quot;","block_context":{"text":"Radfahren","link":"https:\/\/blog.kunstgriff.net\/?cat=14"},"img":{"alt_text":"","src":"https:\/\/i0.wp.com\/blog.kunstgriff.net\/wp-content\/uploads\/2018\/06\/sonniges-Potsdam.jpg?fit=1200%2C800&ssl=1&resize=350%2C200","width":350,"height":200,"srcset":"https:\/\/i0.wp.com\/blog.kunstgriff.net\/wp-content\/uploads\/2018\/06\/sonniges-Potsdam.jpg?fit=1200%2C800&ssl=1&resize=350%2C200 1x, https:\/\/i0.wp.com\/blog.kunstgriff.net\/wp-content\/uploads\/2018\/06\/sonniges-Potsdam.jpg?fit=1200%2C800&ssl=1&resize=525%2C300 1.5x, https:\/\/i0.wp.com\/blog.kunstgriff.net\/wp-content\/uploads\/2018\/06\/sonniges-Potsdam.jpg?fit=1200%2C800&ssl=1&resize=700%2C400 2x, https:\/\/i0.wp.com\/blog.kunstgriff.net\/wp-content\/uploads\/2018\/06\/sonniges-Potsdam.jpg?fit=1200%2C800&ssl=1&resize=1050%2C600 3x"},"classes":[]},{"id":13672,"url":"https:\/\/blog.kunstgriff.net\/?p=13672","url_meta":{"origin":9074,"position":3},"title":"Kurze Nordrunde \u00fcber Kremmen","author":"Georg","date":"Juli 2, 2016","format":false,"excerpt":"oder \u00bbLange nicht mehr hier gewesen\u00ab Einer meiner Lieblingsrunden und meist-gefahrenen, sollte heute mal wieder unter die R\u00e4der genommen werden. Dem Gruppen-Fahren ein wenig \u00fcberdr\u00fcssig machte ich mich um kurz nach 8 auf die noch sauberen Socken nach Norden. Zuletzt bin ich die Runde vor\u00a0\u00fcber einem Jahr gefahren und so\u2026","rel":"","context":"In &quot;Radfahren&quot;","block_context":{"text":"Radfahren","link":"https:\/\/blog.kunstgriff.net\/?cat=14"},"img":{"alt_text":"","src":"https:\/\/i0.wp.com\/blog.kunstgriff.net\/wp-content\/uploads\/2016\/07\/Verhangener-Himmel-im-Eiskeller.jpg?fit=1200%2C800&ssl=1&resize=350%2C200","width":350,"height":200,"srcset":"https:\/\/i0.wp.com\/blog.kunstgriff.net\/wp-content\/uploads\/2016\/07\/Verhangener-Himmel-im-Eiskeller.jpg?fit=1200%2C800&ssl=1&resize=350%2C200 1x, https:\/\/i0.wp.com\/blog.kunstgriff.net\/wp-content\/uploads\/2016\/07\/Verhangener-Himmel-im-Eiskeller.jpg?fit=1200%2C800&ssl=1&resize=525%2C300 1.5x, https:\/\/i0.wp.com\/blog.kunstgriff.net\/wp-content\/uploads\/2016\/07\/Verhangener-Himmel-im-Eiskeller.jpg?fit=1200%2C800&ssl=1&resize=700%2C400 2x, https:\/\/i0.wp.com\/blog.kunstgriff.net\/wp-content\/uploads\/2016\/07\/Verhangener-Himmel-im-Eiskeller.jpg?fit=1200%2C800&ssl=1&resize=1050%2C600 3x"},"classes":[]},{"id":1143,"url":"https:\/\/blog.kunstgriff.net\/?p=1143","url_meta":{"origin":9074,"position":4},"title":"\u00bb10-Uhr-Gruppe\u00ab am Oster-Samstag","author":"Georg","date":"April 3, 2010","format":false,"excerpt":"Heute wollte ich es das Erste mal in diesem Jahr wagen mit der \u00bb10-Uhr-Gruppe\u00ab eine flotte Runde zu fahren. So startet ich um kurz nach halb 10 um p\u00fcnktlich am Auerbachtunnel zu sein. Ich war der Erste um f\u00fcnf vor 10 dort und machte mir Sorgen ob die Runde heute\u2026","rel":"","context":"In &quot;Radfahren&quot;","block_context":{"text":"Radfahren","link":"https:\/\/blog.kunstgriff.net\/?cat=14"},"img":{"alt_text":"","src":"","width":0,"height":0},"classes":[]},{"id":10119,"url":"https:\/\/blog.kunstgriff.net\/?p=10119","url_meta":{"origin":9074,"position":5},"title":"Sperenberg-Blankensee-Runde","author":"Georg","date":"April 20, 2013","format":false,"excerpt":"oder \u00bbAuf \u2019ne Buchtel zu B\u00e4cker R\u00f6hrig\u00abHeute war es wieder soweit und ich konnte nach einer Woche Laufsport, endlich wieder einmal mein Rennrad bewegen. Oleg hatte zum\u00a0Tirschenreuther-Ring gerufen und eine Radlerin und sechs Radler folgten dem Aufruf aus dem Internet. Da die weibliche Begleitung, Yvonne, heute das Vetorecht zur Streckenwahl\u2026","rel":"","context":"In &quot;Radfahren&quot;","block_context":{"text":"Radfahren","link":"https:\/\/blog.kunstgriff.net\/?cat=14"},"img":{"alt_text":"Buchteln bein B\u00e4cker R\u00f6hrig in Blankensee","src":"https:\/\/i0.wp.com\/blog.kunstgriff.net\/wp-content\/uploads\/2013\/04\/Buchteln-bein-B%C3%A4cker-R%C3%B6hrig-in-Blankensee-300x225.jpg?resize=350%2C200","width":350,"height":200},"classes":[]}],"jetpack_likes_enabled":true,"jetpack_sharing_enabled":true,"_links":{"self":[{"href":"https:\/\/blog.kunstgriff.net\/index.php?rest_route=\/wp\/v2\/posts\/9074","targetHints":{"allow":["GET"]}}],"collection":[{"href":"https:\/\/blog.kunstgriff.net\/index.php?rest_route=\/wp\/v2\/posts"}],"about":[{"href":"https:\/\/blog.kunstgriff.net\/index.php?rest_route=\/wp\/v2\/types\/post"}],"author":[{"embeddable":true,"href":"https:\/\/blog.kunstgriff.net\/index.php?rest_route=\/wp\/v2\/users\/2"}],"replies":[{"embeddable":true,"href":"https:\/\/blog.kunstgriff.net\/index.php?rest_route=%2Fwp%2Fv2%2Fcomments&post=9074"}],"version-history":[{"count":0,"href":"https:\/\/blog.kunstgriff.net\/index.php?rest_route=\/wp\/v2\/posts\/9074\/revisions"}],"wp:featuredmedia":[{"embeddable":true,"href":"https:\/\/blog.kunstgriff.net\/index.php?rest_route=\/wp\/v2\/media\/9081"}],"wp:attachment":[{"href":"https:\/\/blog.kunstgriff.net\/index.php?rest_route=%2Fwp%2Fv2%2Fmedia&parent=9074"}],"wp:term":[{"taxonomy":"category","embeddable":true,"href":"https:\/\/blog.kunstgriff.net\/index.php?rest_route=%2Fwp%2Fv2%2Fcategories&post=9074"},{"taxonomy":"post_tag","embeddable":true,"href":"https:\/\/blog.kunstgriff.net\/index.php?rest_route=%2Fwp%2Fv2%2Ftags&post=9074"}],"curies":[{"name":"wp","href":"https:\/\/api.w.org\/{rel}","templated":true}]}}