{"id":9106,"date":"2012-09-11T19:12:56","date_gmt":"2012-09-11T17:12:56","guid":{"rendered":"http:\/\/blog.kunstgriff.net\/?p=9106"},"modified":"2016-08-29T16:11:32","modified_gmt":"2016-08-29T14:11:32","slug":"kurze-nordrunde-uber-kremmen-11","status":"publish","type":"post","link":"https:\/\/blog.kunstgriff.net\/?p=9106","title":{"rendered":"Kurze Nordrunde \u00fcber Kremmen"},"content":{"rendered":"<span class=\"span-reading-time rt-reading-time\" style=\"display: block;\"><span class=\"rt-label rt-prefix\">Lesezeit: <\/span> <span class=\"rt-time\"> 2<\/span> <span class=\"rt-label rt-postfix\">Minuten<\/span><\/span><h4>oder \u00bbNo punch &#8211; no glory\u00ab<\/h4>\n<hr \/>\n<p>Der geneigte Leser k\u00f6nnte glatt denken: <em>\u00bbJetzt f\u00e4hrt der schon wieder da lang!\u00ab<\/em>. Das habe ich mir n\u00e4mlich auf den ersten Kilometer auch gedacht, aber der Reihe nach: Angefixt von der Wettervorhersage f\u00fcr die n\u00e4chsten Tage, dass der Sommer nun <em>wirklich<\/em>\u00a0morgen vorbei sei, wollte ich die <em>letzte<\/em> Gelegenheit nutzen, in <em>Kurz-Kurz<\/em> auf dem Renner zu pedallieren.<\/p>\n<p>Beim <em>Alleine-Trainieren<\/em> gibt es f\u00fcr mich nicht viele Varianten, die sich im Berufsverkehr gut fahren lassen. Ebenso ist die Strecke erprobt und manchmal begegne ich sogar netten Kettenbr\u00fcdern auf der Runde. Ich weiss was an guten Tagen in bestimmten Sektoren gehen kann. Also war klar, dass wieder die\u00a0<em>Kurze Nordrunde \u00fcber Kremmen<\/em> f\u00e4llig war.<\/p>\n<p>Schon hinter Germendorf, wo ich mit ganz leichtem Schiebewind hingepustet wurde, merkte ich das heute nicht mein Tag war. Neue Rekorde waren nicht drin. Die Beine f\u00fchlten sich zwar ok an, aber wirklich <del>Punch<\/del> hoher Druck war nicht auf die Pedale zu bringen. So kam ich schon mit zwei Minuten R\u00fcckstand an meiner Stundenmarke an. Bei Amalienfelde kamen mir\u00a0<a href=\"http:\/\/mike-le.blogspot.de\" target=\"_blank\">Mike<\/a> und <a href=\"http:\/\/harald-bln.blogspot.de\" target=\"_blank\">Harald<\/a> entgegen. Wir kehrten alle um, trafen uns in der Mitte und nutzten den Stop zu einem kurzen Kettengespr\u00e4ch. Eine sehr kurzweilige Abwechslung zum <em>alleine gegen den Wind dr\u00fccken<\/em>.<\/p>\n<p><a href=\"https:\/\/i0.wp.com\/blog.kunstgriff.net\/wp-content\/uploads\/2012\/09\/Kurz-vor-dem-Mauerradweg-hinter-Sch%C3%B6nwalde.jpg\"><img data-recalc-dims=\"1\" loading=\"lazy\" decoding=\"async\" data-attachment-id=\"9112\" data-permalink=\"https:\/\/blog.kunstgriff.net\/?attachment_id=9112\" data-orig-file=\"https:\/\/i0.wp.com\/blog.kunstgriff.net\/wp-content\/uploads\/2012\/09\/Kurz-vor-dem-Mauerradweg-hinter-Sch%C3%B6nwalde.jpg?fit=1000%2C750&amp;ssl=1\" data-orig-size=\"1000,750\" data-comments-opened=\"1\" data-image-meta=\"{&quot;aperture&quot;:&quot;5.6&quot;,&quot;credit&quot;:&quot;&quot;,&quot;camera&quot;:&quot;Canon DIGITAL IXUS 870 IS&quot;,&quot;caption&quot;:&quot;&quot;,&quot;created_timestamp&quot;:&quot;1347381163&quot;,&quot;copyright&quot;:&quot;&quot;,&quot;focal_length&quot;:&quot;5&quot;,&quot;iso&quot;:&quot;80&quot;,&quot;shutter_speed&quot;:&quot;0.001&quot;,&quot;title&quot;:&quot;&quot;}\" data-image-title=\"Kurz vor dem Mauerradweg hinter Sch\u00f6nwalde\" data-image-description=\"\" data-image-caption=\"\" data-large-file=\"https:\/\/i0.wp.com\/blog.kunstgriff.net\/wp-content\/uploads\/2012\/09\/Kurz-vor-dem-Mauerradweg-hinter-Sch%C3%B6nwalde.jpg?fit=1000%2C750&amp;ssl=1\" class=\"alignleft size-medium wp-image-9112\" title=\"Kurz vor dem Mauerradweg hinter Sch\u00f6nwalde\" src=\"https:\/\/i0.wp.com\/blog.kunstgriff.net\/wp-content\/uploads\/2012\/09\/Kurz-vor-dem-Mauerradweg-hinter-Sch%C3%B6nwalde-300x225.jpg?resize=300%2C225\" alt=\"\" width=\"300\" height=\"225\" srcset=\"https:\/\/i0.wp.com\/blog.kunstgriff.net\/wp-content\/uploads\/2012\/09\/Kurz-vor-dem-Mauerradweg-hinter-Sch%C3%B6nwalde.jpg?resize=300%2C225&amp;ssl=1 300w, https:\/\/i0.wp.com\/blog.kunstgriff.net\/wp-content\/uploads\/2012\/09\/Kurz-vor-dem-Mauerradweg-hinter-Sch%C3%B6nwalde.jpg?resize=400%2C300&amp;ssl=1 400w, https:\/\/i0.wp.com\/blog.kunstgriff.net\/wp-content\/uploads\/2012\/09\/Kurz-vor-dem-Mauerradweg-hinter-Sch%C3%B6nwalde.jpg?w=1000&amp;ssl=1 1000w\" sizes=\"auto, (max-width: 300px) 100vw, 300px\" \/><\/a>Weiter ging es alleine \u00fcber Kremmen in Richtung B\u00f6rnicke. Eigentlich ein sch\u00f6ner Sektor, doch heute hatte ich arg zu k\u00e4mpfen. Ich f\u00fchlte mich wie\u00a0Don Quijote der gegen <del>die<\/del> den Wind<del>m\u00fchlen<\/del> k\u00e4mpfte. Was mich richtig frustrierte: Ich musste meinen Spruch: <em>\u00bbEine 3 vorne auf dem Tacho geht immer\u00ab<\/em> revidieren. Aber alles Fluchen half nicht, ich musste mich weiter zum rettenden Abzweig, dem Havellandradweg, vork\u00e4mpfen. Dort erwartete mich sch\u00fctzender Wald und eine ge\u00e4nderte Fahrtrichtung, die half Kr\u00e4fte zu sparen.<\/p>\n<p><a href=\"https:\/\/i0.wp.com\/blog.kunstgriff.net\/wp-content\/uploads\/2012\/09\/Lieber-nicht-mit-dem-Roten-anlegen.jpg\"><img data-recalc-dims=\"1\" loading=\"lazy\" decoding=\"async\" data-attachment-id=\"9113\" data-permalink=\"https:\/\/blog.kunstgriff.net\/?attachment_id=9113\" data-orig-file=\"https:\/\/i0.wp.com\/blog.kunstgriff.net\/wp-content\/uploads\/2012\/09\/Lieber-nicht-mit-dem-Roten-anlegen.jpg?fit=1000%2C750&amp;ssl=1\" data-orig-size=\"1000,750\" data-comments-opened=\"1\" data-image-meta=\"{&quot;aperture&quot;:&quot;2.8&quot;,&quot;credit&quot;:&quot;&quot;,&quot;camera&quot;:&quot;Canon DIGITAL IXUS 870 IS&quot;,&quot;caption&quot;:&quot;&quot;,&quot;created_timestamp&quot;:&quot;1347380308&quot;,&quot;copyright&quot;:&quot;&quot;,&quot;focal_length&quot;:&quot;5&quot;,&quot;iso&quot;:&quot;80&quot;,&quot;shutter_speed&quot;:&quot;0.0015625&quot;,&quot;title&quot;:&quot;&quot;}\" data-image-title=\"Lieber nicht mit dem Roten anlegen\" data-image-description=\"\" data-image-caption=\"\" data-large-file=\"https:\/\/i0.wp.com\/blog.kunstgriff.net\/wp-content\/uploads\/2012\/09\/Lieber-nicht-mit-dem-Roten-anlegen.jpg?fit=1000%2C750&amp;ssl=1\" class=\"alignright size-medium wp-image-9113\" title=\"Lieber nicht mit dem Roten anlegen\" src=\"https:\/\/i0.wp.com\/blog.kunstgriff.net\/wp-content\/uploads\/2012\/09\/Lieber-nicht-mit-dem-Roten-anlegen-300x225.jpg?resize=300%2C225\" alt=\"\" width=\"300\" height=\"225\" srcset=\"https:\/\/i0.wp.com\/blog.kunstgriff.net\/wp-content\/uploads\/2012\/09\/Lieber-nicht-mit-dem-Roten-anlegen.jpg?resize=300%2C225&amp;ssl=1 300w, https:\/\/i0.wp.com\/blog.kunstgriff.net\/wp-content\/uploads\/2012\/09\/Lieber-nicht-mit-dem-Roten-anlegen.jpg?resize=400%2C300&amp;ssl=1 400w, https:\/\/i0.wp.com\/blog.kunstgriff.net\/wp-content\/uploads\/2012\/09\/Lieber-nicht-mit-dem-Roten-anlegen.jpg?w=1000&amp;ssl=1 1000w\" sizes=\"auto, (max-width: 300px) 100vw, 300px\" \/><\/a>Aber richtig flott wurde es irgendwie heute nie. Nun, es gibt wohl solche Tage. Hoffentlich nicht zu oft. So musste ich auch an einem Bahn\u00fcbergang warten, der sonst immer zu \u00fcberfahren ist. Dadurch entstand dieses spektakul\u00e4re Foto:<\/p>\n<p>Hinter Sch\u00f6nwalde, auf dem Mauerradweg machte ich heute gar nicht erst Anstalten meinen <a href=\"http:\/\/app.strava.com\/activities\/21624502#386527785\" target=\"_blank\">KOM auf diesem Segment<\/a> zu verbessern. Zu viel Gegenverkehr, rutschiger Untergrund und meine Verfassung lie\u00dfen mich <a href=\"http:\/\/app.strava.com\/activities\/21624502#386527785\" target=\"_blank\">diesen Sektor<\/a> gem\u00fctlich dahingleiten.<\/p>\n<p>Zur\u00fcck von Falkensee nach Siemensstadt ging es dann zum Gl\u00fcck mit ordentlich Schiebewind. Ohne diesen w\u00e4re die Heimfahrt sicher ungem\u00fctlicher geworden.<\/p>\n<p><strong><em>\u00a0Fazit:<\/em><\/strong> Nicht mal die schlechteste Zeit auf<em> meiner<\/em> Runde. Aber ein Tag f\u00fcr <em>gro\u00dfen Sport<\/em> war heute auch nicht.<\/p>\n<p><iframe height='405' width='590' frameborder='0' allowtransparency='true' scrolling='no' src='https:\/\/www.strava.com\/activities\/21624502\/embed\/6c8cec0b8afb994bcc8a89d27e8a21b0260c07de'><\/iframe><\/p>\n","protected":false},"excerpt":{"rendered":"<p>oder \u00bbNo punch &#8211; no glory\u00ab Der geneigte Leser k\u00f6nnte glatt denken: \u00bbJetzt f\u00e4hrt der schon wieder da lang!\u00ab. Das habe ich mir n\u00e4mlich auf den ersten Kilometer auch gedacht, aber der Reihe nach: Angefixt von der Wettervorhersage f\u00fcr die n\u00e4chsten Tage, dass der Sommer nun wirklich\u00a0morgen vorbei sei, wollte ich die letzte Gelegenheit nutzen, &hellip; <\/p>\n<p class=\"link-more\"><a href=\"https:\/\/blog.kunstgriff.net\/?p=9106\" class=\"more-link\"><span class=\"screen-reader-text\">\u201eKurze Nordrunde \u00fcber Kremmen\u201c <\/span>weiterlesen<\/a><\/p>\n","protected":false},"author":2,"featured_media":9112,"comment_status":"open","ping_status":"open","sticky":false,"template":"","format":"standard","meta":{"jetpack_post_was_ever_published":false,"_jetpack_newsletter_access":"","_jetpack_dont_email_post_to_subs":false,"_jetpack_newsletter_tier_id":0,"_jetpack_memberships_contains_paywalled_content":false,"_jetpack_memberships_contains_paid_content":false,"footnotes":""},"categories":[14,7],"tags":[],"class_list":["post-9106","post","type-post","status-publish","format-standard","has-post-thumbnail","hentry","category-radfahren","category-rennradfahren"],"jetpack_featured_media_url":"https:\/\/i0.wp.com\/blog.kunstgriff.net\/wp-content\/uploads\/2012\/09\/Kurz-vor-dem-Mauerradweg-hinter-Sch%C3%B6nwalde.jpg?fit=1000%2C750&ssl=1","jetpack_shortlink":"https:\/\/wp.me\/p8Cxe7-2mS","jetpack-related-posts":[{"id":3658,"url":"https:\/\/blog.kunstgriff.net\/?p=3658","url_meta":{"origin":9106,"position":0},"title":"Kurze Nordrunde \u00fcber Kremmen","author":"Georg","date":"Februar 20, 2011","format":false,"excerpt":"oder \"Training unter harten Bedingungen\"Eigentlich h\u00e4tte ich es ja besser wissen m\u00fcssen Minusgrade auf dem Thermometer sind keine Rennradausfahrtstemperaturen. Der Sonnenschein und die trockenen Strasse lie\u00dfen mich trotz minus 3\u00b0C doch in meine Rennradwintermontur schl\u00fcpfen und meine geliebte kurze Nordrunde \u00fcber Kremmen in Angriff nehmen. Es ging auf bekannten Wegen\u2026","rel":"","context":"In &quot;Radfahren&quot;","block_context":{"text":"Radfahren","link":"https:\/\/blog.kunstgriff.net\/?cat=14"},"img":{"alt_text":"","src":"","width":0,"height":0},"classes":[]},{"id":22181,"url":"https:\/\/blog.kunstgriff.net\/?p=22181","url_meta":{"origin":9106,"position":1},"title":"Kurze Nordrunde \u00fcber Kremmen #1","author":"Georg","date":"Mai 11, 2021","format":false,"excerpt":"der Versuch, die NP zu erh\u00f6hen Eigentlich ist gerade Friedensfahrt-Woche. Also die Woche um Himmelfahrt herum in der immer unsere \u00f6stlichen Nachbarl\u00e4nder unter die R\u00e4der genommen werden. Diese wundersch\u00f6ne Veranstaltung f\u00e4llt nun schon zum zweiten mal COVID-bedingt aus. Deshalb habe ich in dieser Woche auch Urlaub und Zeit, meinen Renner\u2026","rel":"","context":"In &quot;Radfahren&quot;","block_context":{"text":"Radfahren","link":"https:\/\/blog.kunstgriff.net\/?cat=14"},"img":{"alt_text":"Havellandradweg","src":"https:\/\/i0.wp.com\/blog.kunstgriff.net\/wp-content\/uploads\/2021\/05\/Havellandradweg.jpg?fit=1200%2C800&ssl=1&resize=350%2C200","width":350,"height":200,"srcset":"https:\/\/i0.wp.com\/blog.kunstgriff.net\/wp-content\/uploads\/2021\/05\/Havellandradweg.jpg?fit=1200%2C800&ssl=1&resize=350%2C200 1x, https:\/\/i0.wp.com\/blog.kunstgriff.net\/wp-content\/uploads\/2021\/05\/Havellandradweg.jpg?fit=1200%2C800&ssl=1&resize=525%2C300 1.5x, https:\/\/i0.wp.com\/blog.kunstgriff.net\/wp-content\/uploads\/2021\/05\/Havellandradweg.jpg?fit=1200%2C800&ssl=1&resize=700%2C400 2x, https:\/\/i0.wp.com\/blog.kunstgriff.net\/wp-content\/uploads\/2021\/05\/Havellandradweg.jpg?fit=1200%2C800&ssl=1&resize=1050%2C600 3x"},"classes":[]},{"id":17660,"url":"https:\/\/blog.kunstgriff.net\/?p=17660","url_meta":{"origin":9106,"position":2},"title":"Nordrunde \u00fcber Kremmen","author":"Georg","date":"April 29, 2018","format":false,"excerpt":"oder \u00bbRennrad-Wetter vom Feinsten!\u00ab Nach den extrem unsch\u00f6nen Vorkommnissen auf dem Rad am Vortag, war heute wieder entspanntes Rollen angesagt. Spontan entschloss ich mich die Nordrunde \u00fcber Kremmen zu fahren. Also nicht die Kurze sondern die Lange. Naja so lang ist sie auch nicht, bietet aber noch ein wenig mehr\u2026","rel":"","context":"In &quot;Radfahren&quot;","block_context":{"text":"Radfahren","link":"https:\/\/blog.kunstgriff.net\/?cat=14"},"img":{"alt_text":"","src":"https:\/\/i0.wp.com\/blog.kunstgriff.net\/wp-content\/uploads\/2018\/04\/Dieser-Sektor-ist-toll-w%C3%A4ren-da-nicht-die-Autos.jpg?fit=1200%2C800&ssl=1&resize=350%2C200","width":350,"height":200,"srcset":"https:\/\/i0.wp.com\/blog.kunstgriff.net\/wp-content\/uploads\/2018\/04\/Dieser-Sektor-ist-toll-w%C3%A4ren-da-nicht-die-Autos.jpg?fit=1200%2C800&ssl=1&resize=350%2C200 1x, https:\/\/i0.wp.com\/blog.kunstgriff.net\/wp-content\/uploads\/2018\/04\/Dieser-Sektor-ist-toll-w%C3%A4ren-da-nicht-die-Autos.jpg?fit=1200%2C800&ssl=1&resize=525%2C300 1.5x, https:\/\/i0.wp.com\/blog.kunstgriff.net\/wp-content\/uploads\/2018\/04\/Dieser-Sektor-ist-toll-w%C3%A4ren-da-nicht-die-Autos.jpg?fit=1200%2C800&ssl=1&resize=700%2C400 2x, https:\/\/i0.wp.com\/blog.kunstgriff.net\/wp-content\/uploads\/2018\/04\/Dieser-Sektor-ist-toll-w%C3%A4ren-da-nicht-die-Autos.jpg?fit=1200%2C800&ssl=1&resize=1050%2C600 3x"},"classes":[]},{"id":20863,"url":"https:\/\/blog.kunstgriff.net\/?p=20863","url_meta":{"origin":9106,"position":3},"title":"Kurze Nordrunde \u00fcber Kremmen #1","author":"Georg","date":"M\u00e4rz 28, 2020","format":false,"excerpt":"Erste Berlin-Ausfahrt 2020 Eigentlich m\u00fcsste ich mich sch\u00e4men, dass ich mich bis kurz vor Ostern mit meiner ersten Ausfahrt in Berlin geziert habe. Klar ich war schon ordentlich in Portugal unterwegs, aber der milde Winter h\u00e4tte mich eigentlich schon fr\u00fcher auf den Renner bewegen k\u00f6nnen. Wer ist schuld? Nat\u00fcrlich Zwift.\u2026","rel":"","context":"In &quot;Radfahren&quot;","block_context":{"text":"Radfahren","link":"https:\/\/blog.kunstgriff.net\/?cat=14"},"img":{"alt_text":"Kurze Riegelpause hinter Kremmen","src":"https:\/\/i0.wp.com\/blog.kunstgriff.net\/wp-content\/uploads\/2020\/03\/Kurze-Riegelpause-hinter-Kremmen.jpg?fit=1200%2C800&ssl=1&resize=350%2C200","width":350,"height":200,"srcset":"https:\/\/i0.wp.com\/blog.kunstgriff.net\/wp-content\/uploads\/2020\/03\/Kurze-Riegelpause-hinter-Kremmen.jpg?fit=1200%2C800&ssl=1&resize=350%2C200 1x, https:\/\/i0.wp.com\/blog.kunstgriff.net\/wp-content\/uploads\/2020\/03\/Kurze-Riegelpause-hinter-Kremmen.jpg?fit=1200%2C800&ssl=1&resize=525%2C300 1.5x, https:\/\/i0.wp.com\/blog.kunstgriff.net\/wp-content\/uploads\/2020\/03\/Kurze-Riegelpause-hinter-Kremmen.jpg?fit=1200%2C800&ssl=1&resize=700%2C400 2x, https:\/\/i0.wp.com\/blog.kunstgriff.net\/wp-content\/uploads\/2020\/03\/Kurze-Riegelpause-hinter-Kremmen.jpg?fit=1200%2C800&ssl=1&resize=1050%2C600 3x"},"classes":[]},{"id":2324,"url":"https:\/\/blog.kunstgriff.net\/?p=2324","url_meta":{"origin":9106,"position":4},"title":"Erneut: Kurze Nordrunde \u00fcber Kremmen","author":"Georg","date":"August 31, 2010","format":false,"excerpt":"oder \"Bei dem Wetter muss ich einfach Rad fahren!\"Die letzten Tage war es doch sehr wechselhaft und immer wieder war Regen auf dem Radar. Heute sah es klasse aus und so beschloss ich erneut meine Referenzrunde \u00fcber Kremmen zu drehen. Auf den ersten Metern schon merkte ich, das ich Hummeln\u2026","rel":"","context":"In &quot;Rennradfahren&quot;","block_context":{"text":"Rennradfahren","link":"https:\/\/blog.kunstgriff.net\/?cat=7"},"img":{"alt_text":"","src":"","width":0,"height":0},"classes":[]},{"id":13672,"url":"https:\/\/blog.kunstgriff.net\/?p=13672","url_meta":{"origin":9106,"position":5},"title":"Kurze Nordrunde \u00fcber Kremmen","author":"Georg","date":"Juli 2, 2016","format":false,"excerpt":"oder \u00bbLange nicht mehr hier gewesen\u00ab Einer meiner Lieblingsrunden und meist-gefahrenen, sollte heute mal wieder unter die R\u00e4der genommen werden. Dem Gruppen-Fahren ein wenig \u00fcberdr\u00fcssig machte ich mich um kurz nach 8 auf die noch sauberen Socken nach Norden. Zuletzt bin ich die Runde vor\u00a0\u00fcber einem Jahr gefahren und so\u2026","rel":"","context":"In &quot;Radfahren&quot;","block_context":{"text":"Radfahren","link":"https:\/\/blog.kunstgriff.net\/?cat=14"},"img":{"alt_text":"","src":"https:\/\/i0.wp.com\/blog.kunstgriff.net\/wp-content\/uploads\/2016\/07\/Verhangener-Himmel-im-Eiskeller.jpg?fit=1200%2C800&ssl=1&resize=350%2C200","width":350,"height":200,"srcset":"https:\/\/i0.wp.com\/blog.kunstgriff.net\/wp-content\/uploads\/2016\/07\/Verhangener-Himmel-im-Eiskeller.jpg?fit=1200%2C800&ssl=1&resize=350%2C200 1x, https:\/\/i0.wp.com\/blog.kunstgriff.net\/wp-content\/uploads\/2016\/07\/Verhangener-Himmel-im-Eiskeller.jpg?fit=1200%2C800&ssl=1&resize=525%2C300 1.5x, https:\/\/i0.wp.com\/blog.kunstgriff.net\/wp-content\/uploads\/2016\/07\/Verhangener-Himmel-im-Eiskeller.jpg?fit=1200%2C800&ssl=1&resize=700%2C400 2x, https:\/\/i0.wp.com\/blog.kunstgriff.net\/wp-content\/uploads\/2016\/07\/Verhangener-Himmel-im-Eiskeller.jpg?fit=1200%2C800&ssl=1&resize=1050%2C600 3x"},"classes":[]}],"jetpack_likes_enabled":true,"jetpack_sharing_enabled":true,"_links":{"self":[{"href":"https:\/\/blog.kunstgriff.net\/index.php?rest_route=\/wp\/v2\/posts\/9106","targetHints":{"allow":["GET"]}}],"collection":[{"href":"https:\/\/blog.kunstgriff.net\/index.php?rest_route=\/wp\/v2\/posts"}],"about":[{"href":"https:\/\/blog.kunstgriff.net\/index.php?rest_route=\/wp\/v2\/types\/post"}],"author":[{"embeddable":true,"href":"https:\/\/blog.kunstgriff.net\/index.php?rest_route=\/wp\/v2\/users\/2"}],"replies":[{"embeddable":true,"href":"https:\/\/blog.kunstgriff.net\/index.php?rest_route=%2Fwp%2Fv2%2Fcomments&post=9106"}],"version-history":[{"count":0,"href":"https:\/\/blog.kunstgriff.net\/index.php?rest_route=\/wp\/v2\/posts\/9106\/revisions"}],"wp:featuredmedia":[{"embeddable":true,"href":"https:\/\/blog.kunstgriff.net\/index.php?rest_route=\/wp\/v2\/media\/9112"}],"wp:attachment":[{"href":"https:\/\/blog.kunstgriff.net\/index.php?rest_route=%2Fwp%2Fv2%2Fmedia&parent=9106"}],"wp:term":[{"taxonomy":"category","embeddable":true,"href":"https:\/\/blog.kunstgriff.net\/index.php?rest_route=%2Fwp%2Fv2%2Fcategories&post=9106"},{"taxonomy":"post_tag","embeddable":true,"href":"https:\/\/blog.kunstgriff.net\/index.php?rest_route=%2Fwp%2Fv2%2Ftags&post=9106"}],"curies":[{"name":"wp","href":"https:\/\/api.w.org\/{rel}","templated":true}]}}