{"id":9123,"date":"2012-09-15T19:31:38","date_gmt":"2012-09-15T17:31:38","guid":{"rendered":"http:\/\/blog.kunstgriff.net\/?p=9123"},"modified":"2016-08-29T16:09:35","modified_gmt":"2016-08-29T14:09:35","slug":"samstagsrunde-nach-stangenhagen","status":"publish","type":"post","link":"https:\/\/blog.kunstgriff.net\/?p=9123","title":{"rendered":"Samstagsrunde nach Stangenhagen"},"content":{"rendered":"<span class=\"span-reading-time rt-reading-time\" style=\"display: block;\"><span class=\"rt-label rt-prefix\">Lesezeit: <\/span> <span class=\"rt-time\"> 2<\/span> <span class=\"rt-label rt-postfix\">Minuten<\/span><\/span><h4>oder \u00bbin kleiner Runde nach S\u00fcden\u00ab<\/h4>\n<hr \/>\n<p>Irgendwie kam ich heute nicht in die G\u00e4nge und konnte mich nicht zu einem bekannten Samstagstreffpunkte auf<del>raffen<\/del>machen. Das lag nicht nur an der sp\u00e4ten Nachtruhe, auch der Himmel pr\u00e4sentierte sich mit dicken, tiefh\u00e4ngenden schwarzen Wolken.<\/p>\n<p>Fahren wollte ich aber <em>unbedingt<\/em> und so ergriff ich die letzte M\u00f6glichkeit, in einer Gruppe zu fahren, und machte mich um kurz nach \u00bd-11 auf, in Richtung Auerbachtunnel. Auf dem Weg dorthin wurde ich gleich mit leichtem Nieseln begr\u00fc\u00dft. <em>Na prima.<\/em><\/p>\n<p>Thilo wartete schon und wenig sp\u00e4ter kamen noch <del>Bianchi<\/del>Andreas und Niels hinzu. Ein \u00fcberschaubares Gruppetto f\u00fcr die Runde nach S\u00fcden.<\/p>\n<p>Das Nieseln hatte aufgeh\u00f6rt und wir kamen z\u00fcgig voran. Kurz vor Gr\u00f6ben kamen sich Thilo und Andreas ein wenig zu nah, was darin resultierte, dass Thilo mit seinem Vorderrad das Campagnolo-Super-Record-Schaltwerk von Andreas touchierte und durch die Kr\u00e4fte, sich das Schaltwerk von Andreas verbog und Thilo seinen Speichenmagneten zerst\u00f6rte. Leider konnte Andreas nun nicht mehr sauber schalten und drehte um. Sehr schade &#8211; wir fuhren nun nur noch zu dritt weiter.<\/p>\n<p>Kurz hinter Sch\u00f6nhagen waren wir auf einmal nur noch zu zweit. Niels hatte sich wohl abgesetzt und den k\u00fcrzesten R\u00fcckweg in die Hauptstadt gew\u00e4hlt. Schade. Nun dr\u00fcckten nur noch Thilo und ich gegen den, recht kr\u00e4ftigen, West-Wind. Perfektes HH-&gt;Berlin-Wetter. Nur f\u00fcr heute nicht hilfreich.<\/p>\n<p>Immer weiter Richtung Norden, der Weg ist bekannt und kann ohne nachzudenken navigiert werden. Zur\u00fcck in Berlin, an der Potsdamer Chaussee trennten sich unsere Wege. Thilo wollte sich heute den Willy nicht mehr geben. F\u00fcr mich ist er <del>fast<\/del> obligatorisch.<\/p>\n<p><strong><em>Fazit:<\/em><\/strong> Sch\u00f6ne, relativ einfache Trainingseinheit. Freu mich schon auf morgen, da dann Ausfahrt mit Einkehr!<\/p>\n<p><a href=\"https:\/\/i0.wp.com\/blog.kunstgriff.net\/wp-content\/uploads\/2012\/09\/Wald-hinter-Schenkenhorst.jpg\"><img data-recalc-dims=\"1\" loading=\"lazy\" decoding=\"async\" data-attachment-id=\"9124\" data-permalink=\"https:\/\/blog.kunstgriff.net\/?attachment_id=9124\" data-orig-file=\"https:\/\/i0.wp.com\/blog.kunstgriff.net\/wp-content\/uploads\/2012\/09\/Wald-hinter-Schenkenhorst.jpg?fit=1000%2C750&amp;ssl=1\" data-orig-size=\"1000,750\" data-comments-opened=\"1\" data-image-meta=\"{&quot;aperture&quot;:&quot;2.8&quot;,&quot;credit&quot;:&quot;&quot;,&quot;camera&quot;:&quot;Canon DIGITAL IXUS 870 IS&quot;,&quot;caption&quot;:&quot;&quot;,&quot;created_timestamp&quot;:&quot;1347716266&quot;,&quot;copyright&quot;:&quot;&quot;,&quot;focal_length&quot;:&quot;5&quot;,&quot;iso&quot;:&quot;100&quot;,&quot;shutter_speed&quot;:&quot;0.002&quot;,&quot;title&quot;:&quot;&quot;}\" data-image-title=\"Wald hinter Schenkenhorst\" data-image-description=\"\" data-image-caption=\"\" data-large-file=\"https:\/\/i0.wp.com\/blog.kunstgriff.net\/wp-content\/uploads\/2012\/09\/Wald-hinter-Schenkenhorst.jpg?fit=1000%2C750&amp;ssl=1\" class=\"alignright size-full wp-image-9124\" title=\"Wald hinter Schenkenhorst\" src=\"https:\/\/i0.wp.com\/blog.kunstgriff.net\/wp-content\/uploads\/2012\/09\/Wald-hinter-Schenkenhorst.jpg?resize=525%2C394\" alt=\"\" width=\"525\" height=\"394\" srcset=\"https:\/\/i0.wp.com\/blog.kunstgriff.net\/wp-content\/uploads\/2012\/09\/Wald-hinter-Schenkenhorst.jpg?w=1000&amp;ssl=1 1000w, https:\/\/i0.wp.com\/blog.kunstgriff.net\/wp-content\/uploads\/2012\/09\/Wald-hinter-Schenkenhorst.jpg?resize=300%2C225&amp;ssl=1 300w, https:\/\/i0.wp.com\/blog.kunstgriff.net\/wp-content\/uploads\/2012\/09\/Wald-hinter-Schenkenhorst.jpg?resize=400%2C300&amp;ssl=1 400w\" sizes=\"auto, (max-width: 767px) 89vw, (max-width: 1000px) 54vw, (max-width: 1071px) 543px, 580px\" \/><\/a><\/p>\n<p><iframe height='405' width='590' frameborder='0' allowtransparency='true' scrolling='no' src='https:\/\/www.strava.com\/activities\/22040633\/embed\/b105995f741f1194787bafa734ae72a57e45f4b6'><\/iframe><\/p>\n","protected":false},"excerpt":{"rendered":"<p>oder \u00bbin kleiner Runde nach S\u00fcden\u00ab Irgendwie kam ich heute nicht in die G\u00e4nge und konnte mich nicht zu einem bekannten Samstagstreffpunkte aufraffenmachen. Das lag nicht nur an der sp\u00e4ten Nachtruhe, auch der Himmel pr\u00e4sentierte sich mit dicken, tiefh\u00e4ngenden schwarzen Wolken. Fahren wollte ich aber unbedingt und so ergriff ich die letzte M\u00f6glichkeit, in einer &hellip; <\/p>\n<p class=\"link-more\"><a href=\"https:\/\/blog.kunstgriff.net\/?p=9123\" class=\"more-link\"><span class=\"screen-reader-text\">\u201eSamstagsrunde nach Stangenhagen\u201c <\/span>weiterlesen<\/a><\/p>\n","protected":false},"author":2,"featured_media":9124,"comment_status":"open","ping_status":"open","sticky":false,"template":"","format":"standard","meta":{"jetpack_post_was_ever_published":false,"_jetpack_newsletter_access":"","_jetpack_dont_email_post_to_subs":false,"_jetpack_newsletter_tier_id":0,"_jetpack_memberships_contains_paywalled_content":false,"_jetpack_memberships_contains_paid_content":false,"footnotes":""},"categories":[14,7],"tags":[],"class_list":["post-9123","post","type-post","status-publish","format-standard","has-post-thumbnail","hentry","category-radfahren","category-rennradfahren"],"jetpack_featured_media_url":"https:\/\/i0.wp.com\/blog.kunstgriff.net\/wp-content\/uploads\/2012\/09\/Wald-hinter-Schenkenhorst.jpg?fit=1000%2C750&ssl=1","jetpack_shortlink":"https:\/\/wp.me\/p8Cxe7-2n9","jetpack-related-posts":[{"id":9371,"url":"https:\/\/blog.kunstgriff.net\/?p=9371","url_meta":{"origin":9123,"position":0},"title":"Herberts-Herbst-S\u00fcd-Runde","author":"Georg","date":"November 3, 2012","format":false,"excerpt":"oder \u00bbKlasse Runde mit super Trainingspartnern\u00abDa ich heute schon recht fr\u00fch auf den Beinen war, stellte sich die Frage, ob ich um 10 Uhr am \u00bbTiri\u00ab sein wollte. Oleg hatte zu einer lockeren Herbstrunde gerufen und ich hatte eigentlich bereits per e-mail zugesagt. Auf der Couch war es angenehm warm\u2026","rel":"","context":"In &quot;Radfahren&quot;","block_context":{"text":"Radfahren","link":"https:\/\/blog.kunstgriff.net\/?cat=14"},"img":{"alt_text":"","src":"https:\/\/i0.wp.com\/blog.kunstgriff.net\/wp-content\/uploads\/2012\/11\/Auch-mal-im-Bilde.jpg?fit=1000%2C750&ssl=1&resize=350%2C200","width":350,"height":200,"srcset":"https:\/\/i0.wp.com\/blog.kunstgriff.net\/wp-content\/uploads\/2012\/11\/Auch-mal-im-Bilde.jpg?fit=1000%2C750&ssl=1&resize=350%2C200 1x, https:\/\/i0.wp.com\/blog.kunstgriff.net\/wp-content\/uploads\/2012\/11\/Auch-mal-im-Bilde.jpg?fit=1000%2C750&ssl=1&resize=525%2C300 1.5x, https:\/\/i0.wp.com\/blog.kunstgriff.net\/wp-content\/uploads\/2012\/11\/Auch-mal-im-Bilde.jpg?fit=1000%2C750&ssl=1&resize=700%2C400 2x"},"classes":[]},{"id":16991,"url":"https:\/\/blog.kunstgriff.net\/?p=16991","url_meta":{"origin":9123,"position":1},"title":"Schwielowsee-Runde","author":"Georg","date":"Oktober 15, 2017","format":false,"excerpt":"Mit Thilo ab in den S\u00fcden Wieder war einiges im Touren-K\u00f6cher, aber ich entschied mich f\u00fcr die Runde mit Thilo um den Schwielowsee. Bekanntes und bew\u00e4hrtes Terrain, welches ich im Herbst sehr gerne unter die R\u00e4der nehme. Treffpunkt war, wie so oft am Sonntag, um 10 Uhr am Auerbachtunnel. Dort\u2026","rel":"","context":"In &quot;Cake-Ride&quot;","block_context":{"text":"Cake-Ride","link":"https:\/\/blog.kunstgriff.net\/?cat=34"},"img":{"alt_text":"","src":"https:\/\/i0.wp.com\/blog.kunstgriff.net\/wp-content\/uploads\/2017\/10\/Herbstliches-Dreilinden.jpg?fit=1200%2C800&ssl=1&resize=350%2C200","width":350,"height":200,"srcset":"https:\/\/i0.wp.com\/blog.kunstgriff.net\/wp-content\/uploads\/2017\/10\/Herbstliches-Dreilinden.jpg?fit=1200%2C800&ssl=1&resize=350%2C200 1x, https:\/\/i0.wp.com\/blog.kunstgriff.net\/wp-content\/uploads\/2017\/10\/Herbstliches-Dreilinden.jpg?fit=1200%2C800&ssl=1&resize=525%2C300 1.5x, https:\/\/i0.wp.com\/blog.kunstgriff.net\/wp-content\/uploads\/2017\/10\/Herbstliches-Dreilinden.jpg?fit=1200%2C800&ssl=1&resize=700%2C400 2x, https:\/\/i0.wp.com\/blog.kunstgriff.net\/wp-content\/uploads\/2017\/10\/Herbstliches-Dreilinden.jpg?fit=1200%2C800&ssl=1&resize=1050%2C600 3x"},"classes":[]},{"id":10792,"url":"https:\/\/blog.kunstgriff.net\/?p=10792","url_meta":{"origin":9123,"position":2},"title":"\u00bbRad am Ring\u00ab 2013 &#8211; 1. Wechsel","author":"Georg","date":"September 7, 2013","format":false,"excerpt":"oder \u00bbSch\u00f6n wieder hier zu sein\u00abVor einer Woche wusste ich noch nicht, dass ich heute hier im Wohnmobil mit Bernd neben der Grand-Prix-Strecke des N\u00fcrburgrings sitzen w\u00fcrde. Bernds Renn-Partner seines 2er-Teams war kurzfristig ausgefallen und mich lockte das gute Wetter und die Rennluft erneut in die Gr\u00fcne H\u00f6lle. Die Anfahrt\u2026","rel":"","context":"In &quot;Besonderes Ereignis&quot;","block_context":{"text":"Besonderes Ereignis","link":"https:\/\/blog.kunstgriff.net\/?cat=25"},"img":{"alt_text":"Wohnmobil-Idylle","src":"https:\/\/i0.wp.com\/blog.kunstgriff.net\/wp-content\/uploads\/2013\/09\/Wohnmobil-Idylle.jpg?resize=350%2C200","width":350,"height":200,"srcset":"https:\/\/i0.wp.com\/blog.kunstgriff.net\/wp-content\/uploads\/2013\/09\/Wohnmobil-Idylle.jpg?resize=350%2C200 1x, https:\/\/i0.wp.com\/blog.kunstgriff.net\/wp-content\/uploads\/2013\/09\/Wohnmobil-Idylle.jpg?resize=525%2C300 1.5x, https:\/\/i0.wp.com\/blog.kunstgriff.net\/wp-content\/uploads\/2013\/09\/Wohnmobil-Idylle.jpg?resize=700%2C400 2x, https:\/\/i0.wp.com\/blog.kunstgriff.net\/wp-content\/uploads\/2013\/09\/Wohnmobil-Idylle.jpg?resize=1050%2C600 3x"},"classes":[]},{"id":19745,"url":"https:\/\/blog.kunstgriff.net\/?p=19745","url_meta":{"origin":9123,"position":3},"title":"Brocken-Tour die Zweite","author":"Georg","date":"Juli 6, 2019","format":false,"excerpt":"Brocken ohne Brocken Von langer Hand geplant, sollte es heute mal wieder zum Brocken gehen. Die Tour aus 2018 war noch in sch\u00f6nster Erinnerung und so sollte die hervorragende Ausfahrt wiederholt werden. Gleicher Treffpunkt: 6 Uhr Auerbachtunnel, nur die Protagonisten variierten ein wenig. Zu acht sollte es diesmal in den\u2026","rel":"","context":"In &quot;200er&quot;","block_context":{"text":"200er","link":"https:\/\/blog.kunstgriff.net\/?cat=48"},"img":{"alt_text":"Gruppenfoto vor der F\u00e4hre","src":"https:\/\/i0.wp.com\/blog.kunstgriff.net\/wp-content\/uploads\/2019\/07\/Gruppenfoto-vor-der-F%C3%A4hre.jpg?fit=1200%2C800&ssl=1&resize=350%2C200","width":350,"height":200,"srcset":"https:\/\/i0.wp.com\/blog.kunstgriff.net\/wp-content\/uploads\/2019\/07\/Gruppenfoto-vor-der-F%C3%A4hre.jpg?fit=1200%2C800&ssl=1&resize=350%2C200 1x, https:\/\/i0.wp.com\/blog.kunstgriff.net\/wp-content\/uploads\/2019\/07\/Gruppenfoto-vor-der-F%C3%A4hre.jpg?fit=1200%2C800&ssl=1&resize=525%2C300 1.5x, https:\/\/i0.wp.com\/blog.kunstgriff.net\/wp-content\/uploads\/2019\/07\/Gruppenfoto-vor-der-F%C3%A4hre.jpg?fit=1200%2C800&ssl=1&resize=700%2C400 2x, https:\/\/i0.wp.com\/blog.kunstgriff.net\/wp-content\/uploads\/2019\/07\/Gruppenfoto-vor-der-F%C3%A4hre.jpg?fit=1200%2C800&ssl=1&resize=1050%2C600 3x"},"classes":[]},{"id":13460,"url":"https:\/\/blog.kunstgriff.net\/?p=13460","url_meta":{"origin":9123,"position":4},"title":"Tiri-Schwielowsee-Runde","author":"Georg","date":"Mai 16, 2016","format":false,"excerpt":"oder \u00bbWas f\u00fcr ein Spass am Pfingstmontag!\u00abSehr hatte ich mich auf die heutige Tour mit der Tiri-Clique\u00a0gefreut. Oleg hatte um 10 Uhr zum Auerbachtunnel gerufen und Julia, Alex, Ralph, Stefan, Stephan und Thilo kamen. Eine kleine aber feine Gruppe, um heute mal eine sch\u00f6ne Streckenvariation im S\u00fcden auszuprobieren. Raus ging\u2026","rel":"","context":"In &quot;Radfahren&quot;","block_context":{"text":"Radfahren","link":"https:\/\/blog.kunstgriff.net\/?cat=14"},"img":{"alt_text":"Kurze P-Pause im Nirgendwo Brandenburgs","src":"https:\/\/i0.wp.com\/blog.kunstgriff.net\/wp-content\/uploads\/2016\/05\/Kurze-P-Pause.jpg?fit=1200%2C900&ssl=1&resize=350%2C200","width":350,"height":200,"srcset":"https:\/\/i0.wp.com\/blog.kunstgriff.net\/wp-content\/uploads\/2016\/05\/Kurze-P-Pause.jpg?fit=1200%2C900&ssl=1&resize=350%2C200 1x, https:\/\/i0.wp.com\/blog.kunstgriff.net\/wp-content\/uploads\/2016\/05\/Kurze-P-Pause.jpg?fit=1200%2C900&ssl=1&resize=525%2C300 1.5x, https:\/\/i0.wp.com\/blog.kunstgriff.net\/wp-content\/uploads\/2016\/05\/Kurze-P-Pause.jpg?fit=1200%2C900&ssl=1&resize=700%2C400 2x, https:\/\/i0.wp.com\/blog.kunstgriff.net\/wp-content\/uploads\/2016\/05\/Kurze-P-Pause.jpg?fit=1200%2C900&ssl=1&resize=1050%2C600 3x"},"classes":[]},{"id":21219,"url":"https:\/\/blog.kunstgriff.net\/?p=21219","url_meta":{"origin":9123,"position":5},"title":"Tiri-Pfingst-Sonntags-Ausfahrt","author":"Georg","date":"Mai 31, 2020","format":false,"excerpt":"Fahren bis Einer heult Ach was freute ich mich auf eine echte Gruppenausfahrt! Endlich wieder mit ein paar mehr Leuten unterwegs sein. Oleg bot einen lockeren 100er an, der genau in mein Programm passte. Herrlich! Also um kurz nach Neun auf den Renner und durch die Stadt nach S\u00fcden. Ganz\u2026","rel":"","context":"In &quot;Radfahren&quot;","block_context":{"text":"Radfahren","link":"https:\/\/blog.kunstgriff.net\/?cat=14"},"img":{"alt_text":"Kurz vor Tyrow","src":"https:\/\/i0.wp.com\/blog.kunstgriff.net\/wp-content\/uploads\/2020\/05\/Kurz-vor-Tyrow.jpg?fit=1200%2C800&ssl=1&resize=350%2C200","width":350,"height":200,"srcset":"https:\/\/i0.wp.com\/blog.kunstgriff.net\/wp-content\/uploads\/2020\/05\/Kurz-vor-Tyrow.jpg?fit=1200%2C800&ssl=1&resize=350%2C200 1x, https:\/\/i0.wp.com\/blog.kunstgriff.net\/wp-content\/uploads\/2020\/05\/Kurz-vor-Tyrow.jpg?fit=1200%2C800&ssl=1&resize=525%2C300 1.5x, https:\/\/i0.wp.com\/blog.kunstgriff.net\/wp-content\/uploads\/2020\/05\/Kurz-vor-Tyrow.jpg?fit=1200%2C800&ssl=1&resize=700%2C400 2x, https:\/\/i0.wp.com\/blog.kunstgriff.net\/wp-content\/uploads\/2020\/05\/Kurz-vor-Tyrow.jpg?fit=1200%2C800&ssl=1&resize=1050%2C600 3x"},"classes":[]}],"jetpack_likes_enabled":true,"jetpack_sharing_enabled":true,"_links":{"self":[{"href":"https:\/\/blog.kunstgriff.net\/index.php?rest_route=\/wp\/v2\/posts\/9123","targetHints":{"allow":["GET"]}}],"collection":[{"href":"https:\/\/blog.kunstgriff.net\/index.php?rest_route=\/wp\/v2\/posts"}],"about":[{"href":"https:\/\/blog.kunstgriff.net\/index.php?rest_route=\/wp\/v2\/types\/post"}],"author":[{"embeddable":true,"href":"https:\/\/blog.kunstgriff.net\/index.php?rest_route=\/wp\/v2\/users\/2"}],"replies":[{"embeddable":true,"href":"https:\/\/blog.kunstgriff.net\/index.php?rest_route=%2Fwp%2Fv2%2Fcomments&post=9123"}],"version-history":[{"count":0,"href":"https:\/\/blog.kunstgriff.net\/index.php?rest_route=\/wp\/v2\/posts\/9123\/revisions"}],"wp:featuredmedia":[{"embeddable":true,"href":"https:\/\/blog.kunstgriff.net\/index.php?rest_route=\/wp\/v2\/media\/9124"}],"wp:attachment":[{"href":"https:\/\/blog.kunstgriff.net\/index.php?rest_route=%2Fwp%2Fv2%2Fmedia&parent=9123"}],"wp:term":[{"taxonomy":"category","embeddable":true,"href":"https:\/\/blog.kunstgriff.net\/index.php?rest_route=%2Fwp%2Fv2%2Fcategories&post=9123"},{"taxonomy":"post_tag","embeddable":true,"href":"https:\/\/blog.kunstgriff.net\/index.php?rest_route=%2Fwp%2Fv2%2Ftags&post=9123"}],"curies":[{"name":"wp","href":"https:\/\/api.w.org\/{rel}","templated":true}]}}