{"id":9137,"date":"2012-09-16T18:36:43","date_gmt":"2012-09-16T16:36:43","guid":{"rendered":"http:\/\/blog.kunstgriff.net\/?p=9137"},"modified":"2016-08-29T16:08:58","modified_gmt":"2016-08-29T14:08:58","slug":"kleine-backerrunde-nach-fehrbellin-3","status":"publish","type":"post","link":"https:\/\/blog.kunstgriff.net\/?p=9137","title":{"rendered":"Kleine B\u00e4ckerrunde nach Fehrbellin"},"content":{"rendered":"<span class=\"span-reading-time rt-reading-time\" style=\"display: block;\"><span class=\"rt-label rt-prefix\">Lesezeit: <\/span> <span class=\"rt-time\"> &lt; 1<\/span> <span class=\"rt-label rt-postfix\">Minute<\/span><\/span><h4>oder \u00bbVierundzwanzig Radler wollen nur Eins: Kuchen\u00ab<\/h4>\n<hr \/>\n<p>Heute stand wieder eine <del>entspannte<\/del> B\u00e4ckerrunde auf dem Zettel, zu der <a href=\"http:\/\/rr-saison.blogspot.de\" target=\"_blank\">Alexander<\/a> und ich uns um 10:30 Uhr auf den Weg zum bekannten Treffpunkt am Rathaus Falkensee machten.<\/p>\n<p>Wir staunten nicht schlecht, \u00fcber die gro\u00dfe Zahl an Radlern die heute die <a href=\"http:\/\/www.konditorei-schmiedel.de\" target=\"_blank\">Konditorei Schmiedel<\/a> gemeinsam heimsuchen wollten. Nach dem notorischen Gruppenfoto ging es auf die Piste. Diszipliniert und mit bester Laune rollte es in 2er-Reihe nach Westen. Nach etwa zwanzig Kilometern gemeinsamer Fahrt separierte sich leider dasFeld.<\/p>\n<p>Zu unterschiedlich war die Leistungsdichte bei der Menge an Fahrern und schlie\u00dflich wollten alle ihren Spass haben: Die Einen wollten <em>hetzen<\/em> und am Limit fahren, die anderen wollten das nicht st\u00e4ndig erleben. Kein Problem, das gemeinsame Ziel vereinte uns wieder und zusammen wurde Kaffee und leckerster Kuchen in der Sonne genossen.<\/p>\n<p>Der R\u00fcckweg war, wie immer, beschwerlich und wurde noch durch einen au\u00dferplanm\u00e4\u00dfigen Defekt-Stop verl\u00e4ngert. Besonders nervig waren die vielen PKWs, die Aufgrund des Staus auf der nahen A24 auf <em>unsere<\/em> Landstrasse auswichen.<\/p>\n<p>So war ich froh, als Kremmen passiert war und es nur noch gegen den Wind in Richtung Heimat ging.<\/p>\n<p><strong><em>Fazit:<\/em><\/strong> Eine klasse Runde an diesem herrlichen Sp\u00e4tsommer-Sonntag. Hoffentlich noch \u00f6fters bei diesen Temperaturen. <a href=\"http:\/\/app.strava.com\/activities\/22163250\" target=\"_blank\">KOMs<\/a> konnten heute <del>zu meiner \u00dcberraschung<\/del> nicht eingefahren werden.<\/p>\n<p><iframe loading=\"lazy\" src=\"https:\/\/www.strava.com\/activities\/22163250\/embed\/79939d1d3b9cce67362b6959d8342fa222d826a2\" width=\"590\" height=\"405\" frameborder=\"0\" scrolling=\"no\"><\/iframe><\/p>\n<div class=\"tiled-gallery type-rectangular tiled-gallery-unresized\" data-original-width=\"525\" data-carousel-extra='{&quot;blog_id&quot;:1,&quot;permalink&quot;:&quot;https:\\\/\\\/blog.kunstgriff.net\\\/?p=9137&quot;,&quot;likes_blog_id&quot;:127394879}' itemscope itemtype=\"http:\/\/schema.org\/ImageGallery\" > <div class=\"gallery-row\" style=\"width: 525px; height: 264px;\" data-original-width=\"525\" data-original-height=\"264\" > <div class=\"gallery-group images-1\" style=\"width: 350px; height: 264px;\" data-original-width=\"350\" data-original-height=\"264\" > <div class=\"tiled-gallery-item tiled-gallery-item-large\" itemprop=\"associatedMedia\" itemscope itemtype=\"http:\/\/schema.org\/ImageObject\"> <a href=\"https:\/\/blog.kunstgriff.net\/?attachment_id=9142\" border=\"0\" itemprop=\"url\"> <meta itemprop=\"width\" content=\"346\"> <meta itemprop=\"height\" content=\"260\"> <img decoding=\"async\" class=\"\" data-attachment-id=\"9142\" data-orig-file=\"https:\/\/blog.kunstgriff.net\/wp-content\/uploads\/2012\/09\/Rathaus-Gruppenfoto-mit-24-Radlern.jpg\" data-orig-size=\"1000,750\" data-comments-opened=\"1\" data-image-meta=\"{&quot;aperture&quot;:&quot;2.8&quot;,&quot;credit&quot;:&quot;&quot;,&quot;camera&quot;:&quot;Canon DIGITAL IXUS 870 IS&quot;,&quot;caption&quot;:&quot;&quot;,&quot;created_timestamp&quot;:&quot;1347793688&quot;,&quot;copyright&quot;:&quot;&quot;,&quot;focal_length&quot;:&quot;5&quot;,&quot;iso&quot;:&quot;80&quot;,&quot;shutter_speed&quot;:&quot;0.001&quot;,&quot;title&quot;:&quot;&quot;}\" data-image-title=\"Rathaus Gruppenfoto mit 24 Radlern\" data-image-description=\"\" data-medium-file=\"https:\/\/i0.wp.com\/blog.kunstgriff.net\/wp-content\/uploads\/2012\/09\/Rathaus-Gruppenfoto-mit-24-Radlern.jpg?fit=300%2C225&#038;ssl=1\" data-large-file=\"https:\/\/i0.wp.com\/blog.kunstgriff.net\/wp-content\/uploads\/2012\/09\/Rathaus-Gruppenfoto-mit-24-Radlern.jpg?fit=1000%2C750&#038;ssl=1\" src=\"https:\/\/i0.wp.com\/blog.kunstgriff.net\/wp-content\/uploads\/2012\/09\/Rathaus-Gruppenfoto-mit-24-Radlern.jpg?w=346&#038;h=260&#038;ssl=1\" srcset=\"https:\/\/i0.wp.com\/blog.kunstgriff.net\/wp-content\/uploads\/2012\/09\/Rathaus-Gruppenfoto-mit-24-Radlern.jpg?w=1000&amp;ssl=1 1000w, https:\/\/i0.wp.com\/blog.kunstgriff.net\/wp-content\/uploads\/2012\/09\/Rathaus-Gruppenfoto-mit-24-Radlern.jpg?resize=300%2C225&amp;ssl=1 300w, https:\/\/i0.wp.com\/blog.kunstgriff.net\/wp-content\/uploads\/2012\/09\/Rathaus-Gruppenfoto-mit-24-Radlern.jpg?resize=400%2C300&amp;ssl=1 400w\" width=\"346\" height=\"260\" loading=\"lazy\" data-original-width=\"346\" data-original-height=\"260\" itemprop=\"http:\/\/schema.org\/image\" title=\"Rathaus Gruppenfoto mit 24 Radlern\" alt=\"Rathaus Gruppenfoto mit 24 Radlern\" style=\"width: 346px; height: 260px;\" \/> <\/a> <\/div> <\/div> <!-- close group --> <div class=\"gallery-group images-2\" style=\"width: 175px; height: 264px;\" data-original-width=\"175\" data-original-height=\"264\" > <div class=\"tiled-gallery-item tiled-gallery-item-small\" itemprop=\"associatedMedia\" itemscope itemtype=\"http:\/\/schema.org\/ImageObject\"> <a href=\"https:\/\/blog.kunstgriff.net\/?attachment_id=9143\" border=\"0\" itemprop=\"url\"> <meta itemprop=\"width\" content=\"171\"> <meta itemprop=\"height\" content=\"128\"> <img decoding=\"async\" class=\"\" data-attachment-id=\"9143\" data-orig-file=\"https:\/\/blog.kunstgriff.net\/wp-content\/uploads\/2012\/09\/Raus-nach-Westen-in-Richtung-Nauen.jpg\" data-orig-size=\"1000,750\" data-comments-opened=\"1\" data-image-meta=\"{&quot;aperture&quot;:&quot;2.8&quot;,&quot;credit&quot;:&quot;&quot;,&quot;camera&quot;:&quot;Canon DIGITAL IXUS 870 IS&quot;,&quot;caption&quot;:&quot;&quot;,&quot;created_timestamp&quot;:&quot;1347794934&quot;,&quot;copyright&quot;:&quot;&quot;,&quot;focal_length&quot;:&quot;5&quot;,&quot;iso&quot;:&quot;80&quot;,&quot;shutter_speed&quot;:&quot;0.00125&quot;,&quot;title&quot;:&quot;&quot;}\" data-image-title=\"Raus nach Westen in Richtung Nauen\" data-image-description=\"\" data-medium-file=\"https:\/\/i0.wp.com\/blog.kunstgriff.net\/wp-content\/uploads\/2012\/09\/Raus-nach-Westen-in-Richtung-Nauen.jpg?fit=300%2C225&#038;ssl=1\" data-large-file=\"https:\/\/i0.wp.com\/blog.kunstgriff.net\/wp-content\/uploads\/2012\/09\/Raus-nach-Westen-in-Richtung-Nauen.jpg?fit=1000%2C750&#038;ssl=1\" src=\"https:\/\/i0.wp.com\/blog.kunstgriff.net\/wp-content\/uploads\/2012\/09\/Raus-nach-Westen-in-Richtung-Nauen.jpg?w=171&#038;h=128&#038;ssl=1\" srcset=\"https:\/\/i0.wp.com\/blog.kunstgriff.net\/wp-content\/uploads\/2012\/09\/Raus-nach-Westen-in-Richtung-Nauen.jpg?w=1000&amp;ssl=1 1000w, https:\/\/i0.wp.com\/blog.kunstgriff.net\/wp-content\/uploads\/2012\/09\/Raus-nach-Westen-in-Richtung-Nauen.jpg?resize=300%2C225&amp;ssl=1 300w, https:\/\/i0.wp.com\/blog.kunstgriff.net\/wp-content\/uploads\/2012\/09\/Raus-nach-Westen-in-Richtung-Nauen.jpg?resize=400%2C300&amp;ssl=1 400w\" width=\"171\" height=\"128\" loading=\"lazy\" data-original-width=\"171\" data-original-height=\"128\" itemprop=\"http:\/\/schema.org\/image\" title=\"Raus nach Westen in Richtung Nauen\" alt=\"Raus nach Westen in Richtung Nauen\" style=\"width: 171px; height: 128px;\" \/> <\/a> <\/div> <div class=\"tiled-gallery-item tiled-gallery-item-small\" itemprop=\"associatedMedia\" itemscope itemtype=\"http:\/\/schema.org\/ImageObject\"> <a href=\"https:\/\/blog.kunstgriff.net\/?attachment_id=9144\" border=\"0\" itemprop=\"url\"> <meta itemprop=\"width\" content=\"171\"> <meta itemprop=\"height\" content=\"128\"> <img decoding=\"async\" class=\"\" data-attachment-id=\"9144\" data-orig-file=\"https:\/\/blog.kunstgriff.net\/wp-content\/uploads\/2012\/09\/Zeit-zum-Posen-an-der-Baustellenampeln.jpg\" data-orig-size=\"1000,750\" data-comments-opened=\"1\" data-image-meta=\"{&quot;aperture&quot;:&quot;4.5&quot;,&quot;credit&quot;:&quot;&quot;,&quot;camera&quot;:&quot;Canon DIGITAL IXUS 870 IS&quot;,&quot;caption&quot;:&quot;&quot;,&quot;created_timestamp&quot;:&quot;1347795991&quot;,&quot;copyright&quot;:&quot;&quot;,&quot;focal_length&quot;:&quot;12.524&quot;,&quot;iso&quot;:&quot;125&quot;,&quot;shutter_speed&quot;:&quot;0.002&quot;,&quot;title&quot;:&quot;&quot;}\" data-image-title=\"Zeit zum Posen an der Baustellenampeln\" data-image-description=\"\" data-medium-file=\"https:\/\/i0.wp.com\/blog.kunstgriff.net\/wp-content\/uploads\/2012\/09\/Zeit-zum-Posen-an-der-Baustellenampeln.jpg?fit=300%2C225&#038;ssl=1\" data-large-file=\"https:\/\/i0.wp.com\/blog.kunstgriff.net\/wp-content\/uploads\/2012\/09\/Zeit-zum-Posen-an-der-Baustellenampeln.jpg?fit=1000%2C750&#038;ssl=1\" src=\"https:\/\/i0.wp.com\/blog.kunstgriff.net\/wp-content\/uploads\/2012\/09\/Zeit-zum-Posen-an-der-Baustellenampeln.jpg?w=171&#038;h=128&#038;ssl=1\" srcset=\"https:\/\/i0.wp.com\/blog.kunstgriff.net\/wp-content\/uploads\/2012\/09\/Zeit-zum-Posen-an-der-Baustellenampeln.jpg?w=1000&amp;ssl=1 1000w, https:\/\/i0.wp.com\/blog.kunstgriff.net\/wp-content\/uploads\/2012\/09\/Zeit-zum-Posen-an-der-Baustellenampeln.jpg?resize=300%2C225&amp;ssl=1 300w, https:\/\/i0.wp.com\/blog.kunstgriff.net\/wp-content\/uploads\/2012\/09\/Zeit-zum-Posen-an-der-Baustellenampeln.jpg?resize=400%2C300&amp;ssl=1 400w\" width=\"171\" height=\"128\" loading=\"lazy\" data-original-width=\"171\" data-original-height=\"128\" itemprop=\"http:\/\/schema.org\/image\" title=\"Zeit zum Posen an der Baustellenampeln\" alt=\"Zeit zum Posen an der Baustellenampeln\" style=\"width: 171px; height: 128px;\" \/> <\/a> <\/div> <\/div> <!-- close group --> <\/div> <!-- close row --> <div class=\"gallery-row\" style=\"width: 525px; height: 132px;\" data-original-width=\"525\" data-original-height=\"132\" > <div class=\"gallery-group images-1\" style=\"width: 175px; height: 132px;\" data-original-width=\"175\" data-original-height=\"132\" > <div class=\"tiled-gallery-item tiled-gallery-item-small\" itemprop=\"associatedMedia\" itemscope itemtype=\"http:\/\/schema.org\/ImageObject\"> <a href=\"https:\/\/blog.kunstgriff.net\/?attachment_id=9141\" border=\"0\" itemprop=\"url\"> <meta itemprop=\"width\" content=\"171\"> <meta itemprop=\"height\" content=\"128\"> <img decoding=\"async\" class=\"\" data-attachment-id=\"9141\" data-orig-file=\"https:\/\/blog.kunstgriff.net\/wp-content\/uploads\/2012\/09\/Leckerste-KuchenEinkehr-Brandenburgs.jpg\" data-orig-size=\"1000,750\" data-comments-opened=\"1\" data-image-meta=\"{&quot;aperture&quot;:&quot;2.8&quot;,&quot;credit&quot;:&quot;&quot;,&quot;camera&quot;:&quot;Canon DIGITAL IXUS 870 IS&quot;,&quot;caption&quot;:&quot;&quot;,&quot;created_timestamp&quot;:&quot;1347801774&quot;,&quot;copyright&quot;:&quot;&quot;,&quot;focal_length&quot;:&quot;5&quot;,&quot;iso&quot;:&quot;160&quot;,&quot;shutter_speed&quot;:&quot;0.002&quot;,&quot;title&quot;:&quot;&quot;}\" data-image-title=\"Leckerste KuchenEinkehr Brandenburgs\" data-image-description=\"\" data-medium-file=\"https:\/\/i0.wp.com\/blog.kunstgriff.net\/wp-content\/uploads\/2012\/09\/Leckerste-KuchenEinkehr-Brandenburgs.jpg?fit=300%2C225&#038;ssl=1\" data-large-file=\"https:\/\/i0.wp.com\/blog.kunstgriff.net\/wp-content\/uploads\/2012\/09\/Leckerste-KuchenEinkehr-Brandenburgs.jpg?fit=1000%2C750&#038;ssl=1\" src=\"https:\/\/i0.wp.com\/blog.kunstgriff.net\/wp-content\/uploads\/2012\/09\/Leckerste-KuchenEinkehr-Brandenburgs.jpg?w=171&#038;h=128&#038;ssl=1\" srcset=\"https:\/\/i0.wp.com\/blog.kunstgriff.net\/wp-content\/uploads\/2012\/09\/Leckerste-KuchenEinkehr-Brandenburgs.jpg?w=1000&amp;ssl=1 1000w, https:\/\/i0.wp.com\/blog.kunstgriff.net\/wp-content\/uploads\/2012\/09\/Leckerste-KuchenEinkehr-Brandenburgs.jpg?resize=300%2C225&amp;ssl=1 300w, https:\/\/i0.wp.com\/blog.kunstgriff.net\/wp-content\/uploads\/2012\/09\/Leckerste-KuchenEinkehr-Brandenburgs.jpg?resize=400%2C300&amp;ssl=1 400w\" width=\"171\" height=\"128\" loading=\"lazy\" data-original-width=\"171\" data-original-height=\"128\" itemprop=\"http:\/\/schema.org\/image\" title=\"Leckerste KuchenEinkehr Brandenburgs\" alt=\"Leckerste KuchenEinkehr Brandenburgs\" style=\"width: 171px; height: 128px;\" \/> <\/a> <\/div> <\/div> <!-- close group --> <div class=\"gallery-group images-1\" style=\"width: 175px; height: 132px;\" data-original-width=\"175\" data-original-height=\"132\" > <div class=\"tiled-gallery-item tiled-gallery-item-small\" itemprop=\"associatedMedia\" itemscope itemtype=\"http:\/\/schema.org\/ImageObject\"> <a href=\"https:\/\/blog.kunstgriff.net\/?attachment_id=9140\" border=\"0\" itemprop=\"url\"> <meta itemprop=\"width\" content=\"171\"> <meta itemprop=\"height\" content=\"128\"> <img decoding=\"async\" class=\"\" data-attachment-id=\"9140\" data-orig-file=\"https:\/\/blog.kunstgriff.net\/wp-content\/uploads\/2012\/09\/Ein-Platz-in-der-Sonne.jpg\" data-orig-size=\"1000,750\" data-comments-opened=\"1\" data-image-meta=\"{&quot;aperture&quot;:&quot;3.2&quot;,&quot;credit&quot;:&quot;&quot;,&quot;camera&quot;:&quot;Canon DIGITAL IXUS 870 IS&quot;,&quot;caption&quot;:&quot;&quot;,&quot;created_timestamp&quot;:&quot;1347801800&quot;,&quot;copyright&quot;:&quot;&quot;,&quot;focal_length&quot;:&quot;5.984&quot;,&quot;iso&quot;:&quot;125&quot;,&quot;shutter_speed&quot;:&quot;0.004&quot;,&quot;title&quot;:&quot;&quot;}\" data-image-title=\"Ein Platz in der Sonne\" data-image-description=\"\" data-medium-file=\"https:\/\/i0.wp.com\/blog.kunstgriff.net\/wp-content\/uploads\/2012\/09\/Ein-Platz-in-der-Sonne.jpg?fit=300%2C225&#038;ssl=1\" data-large-file=\"https:\/\/i0.wp.com\/blog.kunstgriff.net\/wp-content\/uploads\/2012\/09\/Ein-Platz-in-der-Sonne.jpg?fit=1000%2C750&#038;ssl=1\" src=\"https:\/\/i0.wp.com\/blog.kunstgriff.net\/wp-content\/uploads\/2012\/09\/Ein-Platz-in-der-Sonne.jpg?w=171&#038;h=128&#038;ssl=1\" srcset=\"https:\/\/i0.wp.com\/blog.kunstgriff.net\/wp-content\/uploads\/2012\/09\/Ein-Platz-in-der-Sonne.jpg?w=1000&amp;ssl=1 1000w, https:\/\/i0.wp.com\/blog.kunstgriff.net\/wp-content\/uploads\/2012\/09\/Ein-Platz-in-der-Sonne.jpg?resize=300%2C225&amp;ssl=1 300w, https:\/\/i0.wp.com\/blog.kunstgriff.net\/wp-content\/uploads\/2012\/09\/Ein-Platz-in-der-Sonne.jpg?resize=400%2C300&amp;ssl=1 400w\" width=\"171\" height=\"128\" loading=\"lazy\" data-original-width=\"171\" data-original-height=\"128\" itemprop=\"http:\/\/schema.org\/image\" title=\"Ein Platz in der Sonne\" alt=\"Ein Platz in der Sonne\" style=\"width: 171px; height: 128px;\" \/> <\/a> <\/div> <\/div> <!-- close group --> <div class=\"gallery-group images-1\" style=\"width: 175px; height: 132px;\" data-original-width=\"175\" data-original-height=\"132\" > <div class=\"tiled-gallery-item tiled-gallery-item-small\" itemprop=\"associatedMedia\" itemscope itemtype=\"http:\/\/schema.org\/ImageObject\"> <a href=\"https:\/\/blog.kunstgriff.net\/?attachment_id=9139\" border=\"0\" itemprop=\"url\"> <meta itemprop=\"width\" content=\"171\"> <meta itemprop=\"height\" content=\"128\"> <img decoding=\"async\" class=\"\" data-attachment-id=\"9139\" data-orig-file=\"https:\/\/blog.kunstgriff.net\/wp-content\/uploads\/2012\/09\/Defekt-nach-Durchfahrt-eines-Lochs-in-der-Strasse.jpg\" data-orig-size=\"1000,750\" data-comments-opened=\"1\" data-image-meta=\"{&quot;aperture&quot;:&quot;2.8&quot;,&quot;credit&quot;:&quot;&quot;,&quot;camera&quot;:&quot;Canon DIGITAL IXUS 870 IS&quot;,&quot;caption&quot;:&quot;&quot;,&quot;created_timestamp&quot;:&quot;1347806054&quot;,&quot;copyright&quot;:&quot;&quot;,&quot;focal_length&quot;:&quot;5&quot;,&quot;iso&quot;:&quot;100&quot;,&quot;shutter_speed&quot;:&quot;0.002&quot;,&quot;title&quot;:&quot;&quot;}\" data-image-title=\"Defekt nach Durchfahrt eines Lochs in der Strasse\" data-image-description=\"\" data-medium-file=\"https:\/\/i0.wp.com\/blog.kunstgriff.net\/wp-content\/uploads\/2012\/09\/Defekt-nach-Durchfahrt-eines-Lochs-in-der-Strasse.jpg?fit=300%2C225&#038;ssl=1\" data-large-file=\"https:\/\/i0.wp.com\/blog.kunstgriff.net\/wp-content\/uploads\/2012\/09\/Defekt-nach-Durchfahrt-eines-Lochs-in-der-Strasse.jpg?fit=1000%2C750&#038;ssl=1\" src=\"https:\/\/i0.wp.com\/blog.kunstgriff.net\/wp-content\/uploads\/2012\/09\/Defekt-nach-Durchfahrt-eines-Lochs-in-der-Strasse.jpg?w=171&#038;h=128&#038;ssl=1\" srcset=\"https:\/\/i0.wp.com\/blog.kunstgriff.net\/wp-content\/uploads\/2012\/09\/Defekt-nach-Durchfahrt-eines-Lochs-in-der-Strasse.jpg?w=1000&amp;ssl=1 1000w, https:\/\/i0.wp.com\/blog.kunstgriff.net\/wp-content\/uploads\/2012\/09\/Defekt-nach-Durchfahrt-eines-Lochs-in-der-Strasse.jpg?resize=300%2C225&amp;ssl=1 300w, https:\/\/i0.wp.com\/blog.kunstgriff.net\/wp-content\/uploads\/2012\/09\/Defekt-nach-Durchfahrt-eines-Lochs-in-der-Strasse.jpg?resize=400%2C300&amp;ssl=1 400w\" width=\"171\" height=\"128\" loading=\"lazy\" data-original-width=\"171\" data-original-height=\"128\" itemprop=\"http:\/\/schema.org\/image\" title=\"Defekt nach Durchfahrt eines Lochs in der Strasse\" alt=\"Defekt nach Durchfahrt eines Lochs in der Strasse\" style=\"width: 171px; height: 128px;\" \/> <\/a> <\/div> <\/div> <!-- close group --> <\/div> <!-- close row --> <\/div>\n","protected":false},"excerpt":{"rendered":"<p>oder \u00bbVierundzwanzig Radler wollen nur Eins: Kuchen\u00ab Heute stand wieder eine entspannte B\u00e4ckerrunde auf dem Zettel, zu der Alexander und ich uns um 10:30 Uhr auf den Weg zum bekannten Treffpunkt am Rathaus Falkensee machten. Wir staunten nicht schlecht, \u00fcber die gro\u00dfe Zahl an Radlern die heute die Konditorei Schmiedel gemeinsam heimsuchen wollten. Nach dem &hellip; <\/p>\n<p class=\"link-more\"><a href=\"https:\/\/blog.kunstgriff.net\/?p=9137\" class=\"more-link\"><span class=\"screen-reader-text\">\u201eKleine B\u00e4ckerrunde nach Fehrbellin\u201c <\/span>weiterlesen<\/a><\/p>\n","protected":false},"author":2,"featured_media":9142,"comment_status":"open","ping_status":"open","sticky":false,"template":"","format":"standard","meta":{"jetpack_post_was_ever_published":false,"_jetpack_newsletter_access":"","_jetpack_dont_email_post_to_subs":false,"_jetpack_newsletter_tier_id":0,"_jetpack_memberships_contains_paywalled_content":false,"_jetpack_memberships_contains_paid_content":false,"footnotes":""},"categories":[14,7],"tags":[],"class_list":["post-9137","post","type-post","status-publish","format-standard","has-post-thumbnail","hentry","category-radfahren","category-rennradfahren"],"jetpack_featured_media_url":"https:\/\/i0.wp.com\/blog.kunstgriff.net\/wp-content\/uploads\/2012\/09\/Rathaus-Gruppenfoto-mit-24-Radlern.jpg?fit=1000%2C750&ssl=1","jetpack_shortlink":"https:\/\/wp.me\/p8Cxe7-2nn","jetpack-related-posts":[{"id":5351,"url":"https:\/\/blog.kunstgriff.net\/?p=5351","url_meta":{"origin":9137,"position":0},"title":"Gro\u00dfe B\u00e4cker-Runde nach Fehrbellin","author":"Georg","date":"Juli 24, 2011","format":false,"excerpt":"oder \u00bbNo wind - no fun\u00ab Schon am Mittwoch hatten Karsten und ich die Idee, mal wieder am Sonntag die B\u00e4ckerrunde zu fahren. Die Rast beim Caf\u00e9 Schmiedel nach etwas mehr als der H\u00e4lfte der Strecke ist einfach zu k\u00f6stlich verlockend. Gesagt - getan, und so annoncierte\u00a0ich die Tour auf\u2026","rel":"","context":"In &quot;Radfahren&quot;","block_context":{"text":"Radfahren","link":"https:\/\/blog.kunstgriff.net\/?cat=14"},"img":{"alt_text":"","src":"https:\/\/i0.wp.com\/blog.kunstgriff.net\/wp-content\/uploads\/2011\/07\/F%C3%BChrungsarbeit-von-Herbert-hinter-Falkensee.jpg?resize=350%2C200","width":350,"height":200,"srcset":"https:\/\/i0.wp.com\/blog.kunstgriff.net\/wp-content\/uploads\/2011\/07\/F%C3%BChrungsarbeit-von-Herbert-hinter-Falkensee.jpg?resize=350%2C200 1x, https:\/\/i0.wp.com\/blog.kunstgriff.net\/wp-content\/uploads\/2011\/07\/F%C3%BChrungsarbeit-von-Herbert-hinter-Falkensee.jpg?resize=525%2C300 1.5x, https:\/\/i0.wp.com\/blog.kunstgriff.net\/wp-content\/uploads\/2011\/07\/F%C3%BChrungsarbeit-von-Herbert-hinter-Falkensee.jpg?resize=700%2C400 2x"},"classes":[]},{"id":13363,"url":"https:\/\/blog.kunstgriff.net\/?p=13363","url_meta":{"origin":9137,"position":1},"title":"B\u00e4ckerrunde nach Fehrbellin","author":"Georg","date":"Mai 1, 2016","format":false,"excerpt":"oder \u00bbKleine Gruppe \u2013 grosser Wind v3.0\u00abAch, was habe ich mich gefreut, als Karsten die B\u00e4ckerrunde nach Fehrbellin am Samstag annonciert hatte. Lange war ich dort schon nicht mehr gewesen und in sch\u00f6ner Gruppe mit neuem Renner w\u00fcrde die Ausfahrt\u00a0gleich doppelt Spass machen. So traf ich mich mit Alexander um\u2026","rel":"","context":"In &quot;Cake-Ride&quot;","block_context":{"text":"Cake-Ride","link":"https:\/\/blog.kunstgriff.net\/?cat=34"},"img":{"alt_text":"","src":"https:\/\/i0.wp.com\/blog.kunstgriff.net\/wp-content\/uploads\/2016\/05\/Kuchen-bei-Konditorei-Schmiedel-in-der-Sonne.jpg?fit=1200%2C900&ssl=1&resize=350%2C200","width":350,"height":200,"srcset":"https:\/\/i0.wp.com\/blog.kunstgriff.net\/wp-content\/uploads\/2016\/05\/Kuchen-bei-Konditorei-Schmiedel-in-der-Sonne.jpg?fit=1200%2C900&ssl=1&resize=350%2C200 1x, https:\/\/i0.wp.com\/blog.kunstgriff.net\/wp-content\/uploads\/2016\/05\/Kuchen-bei-Konditorei-Schmiedel-in-der-Sonne.jpg?fit=1200%2C900&ssl=1&resize=525%2C300 1.5x, https:\/\/i0.wp.com\/blog.kunstgriff.net\/wp-content\/uploads\/2016\/05\/Kuchen-bei-Konditorei-Schmiedel-in-der-Sonne.jpg?fit=1200%2C900&ssl=1&resize=700%2C400 2x, https:\/\/i0.wp.com\/blog.kunstgriff.net\/wp-content\/uploads\/2016\/05\/Kuchen-bei-Konditorei-Schmiedel-in-der-Sonne.jpg?fit=1200%2C900&ssl=1&resize=1050%2C600 3x"},"classes":[]},{"id":11836,"url":"https:\/\/blog.kunstgriff.net\/?p=11836","url_meta":{"origin":9137,"position":2},"title":"B\u00e4ckerrunde nach Fehrbellin-reverse","author":"Georg","date":"Mai 25, 2014","format":false,"excerpt":"oder \u00bbAlleine zum Lieblings-Ausflugsziel in der Ostprignitz\u00ab Tourenangebote gab es heute wieder ohne Ende. Das hervorragende Wetter war aber auch pr\u00e4destiniert f\u00fcr eine Ausfahrt\u00a0auf dem Renner. So richtig sagte mir aber kein Angebot zu und ich hatte auch noch den Charm meines letzten Solo-Ritts im Hinterkopf. So war schnell klar,\u2026","rel":"","context":"In &quot;Radfahren&quot;","block_context":{"text":"Radfahren","link":"https:\/\/blog.kunstgriff.net\/?cat=14"},"img":{"alt_text":"","src":"https:\/\/i0.wp.com\/blog.kunstgriff.net\/wp-content\/uploads\/2014\/05\/Start-duch-meinen-gr%C3%BCnen-Spandauer-Forst.jpg?fit=1200%2C900&ssl=1&resize=350%2C200","width":350,"height":200,"srcset":"https:\/\/i0.wp.com\/blog.kunstgriff.net\/wp-content\/uploads\/2014\/05\/Start-duch-meinen-gr%C3%BCnen-Spandauer-Forst.jpg?fit=1200%2C900&ssl=1&resize=350%2C200 1x, https:\/\/i0.wp.com\/blog.kunstgriff.net\/wp-content\/uploads\/2014\/05\/Start-duch-meinen-gr%C3%BCnen-Spandauer-Forst.jpg?fit=1200%2C900&ssl=1&resize=525%2C300 1.5x, https:\/\/i0.wp.com\/blog.kunstgriff.net\/wp-content\/uploads\/2014\/05\/Start-duch-meinen-gr%C3%BCnen-Spandauer-Forst.jpg?fit=1200%2C900&ssl=1&resize=700%2C400 2x, https:\/\/i0.wp.com\/blog.kunstgriff.net\/wp-content\/uploads\/2014\/05\/Start-duch-meinen-gr%C3%BCnen-Spandauer-Forst.jpg?fit=1200%2C900&ssl=1&resize=1050%2C600 3x"},"classes":[]},{"id":10708,"url":"https:\/\/blog.kunstgriff.net\/?p=10708","url_meta":{"origin":9137,"position":3},"title":"B\u00e4ckerrunde nach Fehrbellin","author":"Georg","date":"August 11, 2013","format":false,"excerpt":"oder \u00bbSonntags-Tour mit (zu) vielen G\u00e4sten\u00abRecht kurzentschlossen machte ich mich auf den Weg nach Falkensee, denn Susanne hatte zur B\u00e4cker-Runde gerufen. Im Vorfeld gab es einige Diskussionen zur Reisegeschwindigkeit, die mich aber nicht tangierten. Sicher w\u00fcrde sich eine sch\u00f6ne homogene Gruppe finden, ich der auch ich meine Freude haben w\u00fcrde.\u2026","rel":"","context":"In &quot;Radfahren&quot;","block_context":{"text":"Radfahren","link":"https:\/\/blog.kunstgriff.net\/?cat=14"},"img":{"alt_text":"","src":"https:\/\/i0.wp.com\/blog.kunstgriff.net\/wp-content\/uploads\/2013\/08\/Riesen-Bande-vor-dem-Rathaus.jpg?fit=1200%2C900&ssl=1&resize=350%2C200","width":350,"height":200,"srcset":"https:\/\/i0.wp.com\/blog.kunstgriff.net\/wp-content\/uploads\/2013\/08\/Riesen-Bande-vor-dem-Rathaus.jpg?fit=1200%2C900&ssl=1&resize=350%2C200 1x, https:\/\/i0.wp.com\/blog.kunstgriff.net\/wp-content\/uploads\/2013\/08\/Riesen-Bande-vor-dem-Rathaus.jpg?fit=1200%2C900&ssl=1&resize=525%2C300 1.5x, https:\/\/i0.wp.com\/blog.kunstgriff.net\/wp-content\/uploads\/2013\/08\/Riesen-Bande-vor-dem-Rathaus.jpg?fit=1200%2C900&ssl=1&resize=700%2C400 2x, https:\/\/i0.wp.com\/blog.kunstgriff.net\/wp-content\/uploads\/2013\/08\/Riesen-Bande-vor-dem-Rathaus.jpg?fit=1200%2C900&ssl=1&resize=1050%2C600 3x"},"classes":[]},{"id":4265,"url":"https:\/\/blog.kunstgriff.net\/?p=4265","url_meta":{"origin":9137,"position":4},"title":"Mallorca Trainingscamp &#8211; Tag 10 &#8211; Esporles &#038; Puig Major","author":"Georg","date":"April 15, 2011","format":false,"excerpt":"oder \u00bbK\u00f6nigsetappe Teil 2 & nix mehr auf\u2019m Zettel\u00ab Die eigentliche K\u00f6nigsetappe hatte wir ja schon am Dienstag, es hat sich aber trotzdem so etabliert, das die letzte lange Einheit auf Mallorca so genannt wird. So starteten wir heute um 9:30 Uhr in die K\u00f6nigsetappe Teil 2. Timo hatte noch\u2026","rel":"","context":"In &quot;Radfahren&quot;","block_context":{"text":"Radfahren","link":"https:\/\/blog.kunstgriff.net\/?cat=14"},"img":{"alt_text":"","src":"https:\/\/i0.wp.com\/blog.kunstgriff.net\/wp-content\/uploads\/2011\/04\/IMG_2062.jpg?resize=350%2C200","width":350,"height":200,"srcset":"https:\/\/i0.wp.com\/blog.kunstgriff.net\/wp-content\/uploads\/2011\/04\/IMG_2062.jpg?resize=350%2C200 1x, https:\/\/i0.wp.com\/blog.kunstgriff.net\/wp-content\/uploads\/2011\/04\/IMG_2062.jpg?resize=525%2C300 1.5x, https:\/\/i0.wp.com\/blog.kunstgriff.net\/wp-content\/uploads\/2011\/04\/IMG_2062.jpg?resize=700%2C400 2x"},"classes":[]},{"id":12347,"url":"https:\/\/blog.kunstgriff.net\/?p=12347","url_meta":{"origin":9137,"position":5},"title":"Mallorca Trainingscamp 2015 &#8211; Tag 3 &#8211; Randa in the rain","author":"Georg","date":"M\u00e4rz 20, 2015","format":false,"excerpt":"oder \u00bbDas Wetter war auch schon mal besser hier\u00abRichtig begeistert war ich nicht, mich heute nach dem Fr\u00fchst\u00fcck auf den Renner zu schwingen. Nicht nur dass der Himmel sich grau in grau zeigte, auch blies ein sehr starker Wind, der uns das Fahren sicher nur auf einigen wenigen Passagen erleichtern\u2026","rel":"","context":"In &quot;Radfahren&quot;","block_context":{"text":"Radfahren","link":"https:\/\/blog.kunstgriff.net\/?cat=14"},"img":{"alt_text":"","src":"https:\/\/i0.wp.com\/blog.kunstgriff.net\/wp-content\/uploads\/2015\/03\/Titel.jpg?fit=1200%2C612&ssl=1&resize=350%2C200","width":350,"height":200,"srcset":"https:\/\/i0.wp.com\/blog.kunstgriff.net\/wp-content\/uploads\/2015\/03\/Titel.jpg?fit=1200%2C612&ssl=1&resize=350%2C200 1x, https:\/\/i0.wp.com\/blog.kunstgriff.net\/wp-content\/uploads\/2015\/03\/Titel.jpg?fit=1200%2C612&ssl=1&resize=525%2C300 1.5x, https:\/\/i0.wp.com\/blog.kunstgriff.net\/wp-content\/uploads\/2015\/03\/Titel.jpg?fit=1200%2C612&ssl=1&resize=700%2C400 2x, https:\/\/i0.wp.com\/blog.kunstgriff.net\/wp-content\/uploads\/2015\/03\/Titel.jpg?fit=1200%2C612&ssl=1&resize=1050%2C600 3x"},"classes":[]}],"jetpack_likes_enabled":true,"jetpack_sharing_enabled":true,"_links":{"self":[{"href":"https:\/\/blog.kunstgriff.net\/index.php?rest_route=\/wp\/v2\/posts\/9137","targetHints":{"allow":["GET"]}}],"collection":[{"href":"https:\/\/blog.kunstgriff.net\/index.php?rest_route=\/wp\/v2\/posts"}],"about":[{"href":"https:\/\/blog.kunstgriff.net\/index.php?rest_route=\/wp\/v2\/types\/post"}],"author":[{"embeddable":true,"href":"https:\/\/blog.kunstgriff.net\/index.php?rest_route=\/wp\/v2\/users\/2"}],"replies":[{"embeddable":true,"href":"https:\/\/blog.kunstgriff.net\/index.php?rest_route=%2Fwp%2Fv2%2Fcomments&post=9137"}],"version-history":[{"count":0,"href":"https:\/\/blog.kunstgriff.net\/index.php?rest_route=\/wp\/v2\/posts\/9137\/revisions"}],"wp:featuredmedia":[{"embeddable":true,"href":"https:\/\/blog.kunstgriff.net\/index.php?rest_route=\/wp\/v2\/media\/9142"}],"wp:attachment":[{"href":"https:\/\/blog.kunstgriff.net\/index.php?rest_route=%2Fwp%2Fv2%2Fmedia&parent=9137"}],"wp:term":[{"taxonomy":"category","embeddable":true,"href":"https:\/\/blog.kunstgriff.net\/index.php?rest_route=%2Fwp%2Fv2%2Fcategories&post=9137"},{"taxonomy":"post_tag","embeddable":true,"href":"https:\/\/blog.kunstgriff.net\/index.php?rest_route=%2Fwp%2Fv2%2Ftags&post=9137"}],"curies":[{"name":"wp","href":"https:\/\/api.w.org\/{rel}","templated":true}]}}