{"id":9166,"date":"2012-09-22T16:32:22","date_gmt":"2012-09-22T14:32:22","guid":{"rendered":"http:\/\/blog.kunstgriff.net\/?p=9166"},"modified":"2016-08-29T16:06:45","modified_gmt":"2016-08-29T14:06:45","slug":"kurze-nordrunde-uber-kremmen-12","status":"publish","type":"post","link":"https:\/\/blog.kunstgriff.net\/?p=9166","title":{"rendered":"Kurze Nordrunde \u00fcber Kremmen"},"content":{"rendered":"<span class=\"span-reading-time rt-reading-time\" style=\"display: block;\"><span class=\"rt-label rt-prefix\">Lesezeit: <\/span> <span class=\"rt-time\"> &lt; 1<\/span> <span class=\"rt-label rt-postfix\">Minute<\/span><\/span><h4>oder \u00bbEndlich wieder Radfahren!\u00ab<\/h4>\n<hr \/>\n<p>Da ich die ganze Woche unterwegs war, konnte kein Rennrad gefahren werden. Als am Morgen dann, entgegen der Wettervorhersage, die Sonne heraus kam, gab es f\u00fcr mich kein Halten mehr und mein Renner <em>musste<\/em> startklar gemacht werden.<\/p>\n<p>Ich machte mich auf bekannten Wegen auf nach Norden. Sofort fiel mir auf, wie stark die der Wind heute aus Nord-West wehte. Nach meiner <a href=\"http:\/\/blog.kunstgriff.net\/?p=9154\">ungewohnten Laufeinheit von Donnerstag<\/a> f\u00fchlte sich die Bein-Muskulatur auch noch angespannt an, also heute keine Rekord-Zeit einfahren sondern sauber Grundlage trainieren.<\/p>\n<p>In Kremmen war dann die Stra\u00dfe gesperrt. Endlich wird dort die fiese Kopfsteinplasterpassage eliminiert, was aber zur Folge hat, dass l\u00e4ngere Sandpassagen gefahren werden m\u00fcssen, die den miesen Schnitt noch weiter nach unten trieben.<\/p>\n<p><em>Oh well,<\/em> dann eben etwas langsamer trotz hoher Anstrengung und damit verbundenem hohen Puls.<\/p>\n<p>Auf dem Havelradweg wurde es dann, dank des Schiebewindes, zum Vergn\u00fcgen zu fahren: Ohne viel M\u00fche konnte immer \u00fcber 35 km\/h gerollt werden. Wenn denn der mit allerlei \u00c4sten und Bl\u00e4ttern \u00fcbers\u00e4hte Weg nicht gewesen w\u00e4re, h\u00e4tte auch 40 km\/h drin sein k\u00f6nnen.<\/p>\n<p>Zuhause freute ich mich dann \u00fcber die klasse Runde und das persische Essen, zu dem ich eingeladen war.<\/p>\n<p>Mal sehen ob Morgen wieder!?<\/p>\n<p><a href=\"https:\/\/i0.wp.com\/blog.kunstgriff.net\/wp-content\/uploads\/2012\/09\/Kurzer-Stop-hinter-Kremmen.jpg\"><img data-recalc-dims=\"1\" loading=\"lazy\" decoding=\"async\" data-attachment-id=\"9173\" data-permalink=\"https:\/\/blog.kunstgriff.net\/?attachment_id=9173\" data-orig-file=\"https:\/\/i0.wp.com\/blog.kunstgriff.net\/wp-content\/uploads\/2012\/09\/Kurzer-Stop-hinter-Kremmen.jpg?fit=1000%2C750&amp;ssl=1\" data-orig-size=\"1000,750\" data-comments-opened=\"1\" data-image-meta=\"{&quot;aperture&quot;:&quot;2.8&quot;,&quot;credit&quot;:&quot;&quot;,&quot;camera&quot;:&quot;Canon DIGITAL IXUS 870 IS&quot;,&quot;caption&quot;:&quot;&quot;,&quot;created_timestamp&quot;:&quot;1348320542&quot;,&quot;copyright&quot;:&quot;&quot;,&quot;focal_length&quot;:&quot;5&quot;,&quot;iso&quot;:&quot;400&quot;,&quot;shutter_speed&quot;:&quot;0.003125&quot;,&quot;title&quot;:&quot;&quot;}\" data-image-title=\"Kurzer Stop hinter Kremmen\" data-image-description=\"\" data-image-caption=\"\" data-large-file=\"https:\/\/i0.wp.com\/blog.kunstgriff.net\/wp-content\/uploads\/2012\/09\/Kurzer-Stop-hinter-Kremmen.jpg?fit=1000%2C750&amp;ssl=1\" class=\"aligncenter size-full wp-image-9173\" title=\"Kurzer Stop hinter Kremmen\" src=\"https:\/\/i0.wp.com\/blog.kunstgriff.net\/wp-content\/uploads\/2012\/09\/Kurzer-Stop-hinter-Kremmen.jpg?resize=525%2C394\" alt=\"\" width=\"525\" height=\"394\" srcset=\"https:\/\/i0.wp.com\/blog.kunstgriff.net\/wp-content\/uploads\/2012\/09\/Kurzer-Stop-hinter-Kremmen.jpg?w=1000&amp;ssl=1 1000w, https:\/\/i0.wp.com\/blog.kunstgriff.net\/wp-content\/uploads\/2012\/09\/Kurzer-Stop-hinter-Kremmen.jpg?resize=300%2C225&amp;ssl=1 300w, https:\/\/i0.wp.com\/blog.kunstgriff.net\/wp-content\/uploads\/2012\/09\/Kurzer-Stop-hinter-Kremmen.jpg?resize=400%2C300&amp;ssl=1 400w\" sizes=\"auto, (max-width: 767px) 89vw, (max-width: 1000px) 54vw, (max-width: 1071px) 543px, 580px\" \/><\/a><\/p>\n<p><iframe height='405' width='590' frameborder='0' allowtransparency='true' scrolling='no' src='https:\/\/www.strava.com\/activities\/22774813\/embed\/6243326561fe11f9513871d8d1f29b61056eadfd'><\/iframe><\/p>\n","protected":false},"excerpt":{"rendered":"<p>oder \u00bbEndlich wieder Radfahren!\u00ab Da ich die ganze Woche unterwegs war, konnte kein Rennrad gefahren werden. Als am Morgen dann, entgegen der Wettervorhersage, die Sonne heraus kam, gab es f\u00fcr mich kein Halten mehr und mein Renner musste startklar gemacht werden. Ich machte mich auf bekannten Wegen auf nach Norden. Sofort fiel mir auf, wie &hellip; <\/p>\n<p class=\"link-more\"><a href=\"https:\/\/blog.kunstgriff.net\/?p=9166\" class=\"more-link\"><span class=\"screen-reader-text\">\u201eKurze Nordrunde \u00fcber Kremmen\u201c <\/span>weiterlesen<\/a><\/p>\n","protected":false},"author":2,"featured_media":0,"comment_status":"open","ping_status":"open","sticky":false,"template":"","format":"standard","meta":{"jetpack_post_was_ever_published":false,"_jetpack_newsletter_access":"","_jetpack_dont_email_post_to_subs":false,"_jetpack_newsletter_tier_id":0,"_jetpack_memberships_contains_paywalled_content":false,"_jetpack_memberships_contains_paid_content":false,"footnotes":""},"categories":[14,7],"tags":[],"class_list":["post-9166","post","type-post","status-publish","format-standard","hentry","category-radfahren","category-rennradfahren"],"jetpack_featured_media_url":"","jetpack_shortlink":"https:\/\/wp.me\/p8Cxe7-2nQ","jetpack-related-posts":[{"id":13672,"url":"https:\/\/blog.kunstgriff.net\/?p=13672","url_meta":{"origin":9166,"position":0},"title":"Kurze Nordrunde \u00fcber Kremmen","author":"Georg","date":"Juli 2, 2016","format":false,"excerpt":"oder \u00bbLange nicht mehr hier gewesen\u00ab Einer meiner Lieblingsrunden und meist-gefahrenen, sollte heute mal wieder unter die R\u00e4der genommen werden. Dem Gruppen-Fahren ein wenig \u00fcberdr\u00fcssig machte ich mich um kurz nach 8 auf die noch sauberen Socken nach Norden. Zuletzt bin ich die Runde vor\u00a0\u00fcber einem Jahr gefahren und so\u2026","rel":"","context":"In &quot;Radfahren&quot;","block_context":{"text":"Radfahren","link":"https:\/\/blog.kunstgriff.net\/?cat=14"},"img":{"alt_text":"","src":"https:\/\/i0.wp.com\/blog.kunstgriff.net\/wp-content\/uploads\/2016\/07\/Verhangener-Himmel-im-Eiskeller.jpg?fit=1200%2C800&ssl=1&resize=350%2C200","width":350,"height":200,"srcset":"https:\/\/i0.wp.com\/blog.kunstgriff.net\/wp-content\/uploads\/2016\/07\/Verhangener-Himmel-im-Eiskeller.jpg?fit=1200%2C800&ssl=1&resize=350%2C200 1x, https:\/\/i0.wp.com\/blog.kunstgriff.net\/wp-content\/uploads\/2016\/07\/Verhangener-Himmel-im-Eiskeller.jpg?fit=1200%2C800&ssl=1&resize=525%2C300 1.5x, https:\/\/i0.wp.com\/blog.kunstgriff.net\/wp-content\/uploads\/2016\/07\/Verhangener-Himmel-im-Eiskeller.jpg?fit=1200%2C800&ssl=1&resize=700%2C400 2x, https:\/\/i0.wp.com\/blog.kunstgriff.net\/wp-content\/uploads\/2016\/07\/Verhangener-Himmel-im-Eiskeller.jpg?fit=1200%2C800&ssl=1&resize=1050%2C600 3x"},"classes":[]},{"id":12746,"url":"https:\/\/blog.kunstgriff.net\/?p=12746","url_meta":{"origin":9166,"position":1},"title":"Gro\u00dfe B\u00e4cker-Runde nach Fehrbellin","author":"Georg","date":"August 2, 2015","format":false,"excerpt":"oder \u00bbFlott, lang & heiss\u00abNach der gestrigen, doch ein wenig frustrierenden Alleine-Fahrt, wollte ich heute auf jeden Fall mal wieder einen Group-Ride wagen. In Ermangelung toller Angebote, bot ich selber eine Runde an. Nur auf facebook ganz Exklusiv, keine Mailing-Liste, kein Forum. Und siehe da, es kamen genau die Richtigen!\u2026","rel":"","context":"In &quot;Cake-Ride&quot;","block_context":{"text":"Cake-Ride","link":"https:\/\/blog.kunstgriff.net\/?cat=34"},"img":{"alt_text":"","src":"https:\/\/i0.wp.com\/blog.kunstgriff.net\/wp-content\/uploads\/2015\/08\/Lets-roll.jpg?fit=1200%2C900&ssl=1&resize=350%2C200","width":350,"height":200,"srcset":"https:\/\/i0.wp.com\/blog.kunstgriff.net\/wp-content\/uploads\/2015\/08\/Lets-roll.jpg?fit=1200%2C900&ssl=1&resize=350%2C200 1x, https:\/\/i0.wp.com\/blog.kunstgriff.net\/wp-content\/uploads\/2015\/08\/Lets-roll.jpg?fit=1200%2C900&ssl=1&resize=525%2C300 1.5x, https:\/\/i0.wp.com\/blog.kunstgriff.net\/wp-content\/uploads\/2015\/08\/Lets-roll.jpg?fit=1200%2C900&ssl=1&resize=700%2C400 2x, https:\/\/i0.wp.com\/blog.kunstgriff.net\/wp-content\/uploads\/2015\/08\/Lets-roll.jpg?fit=1200%2C900&ssl=1&resize=1050%2C600 3x"},"classes":[]},{"id":2194,"url":"https:\/\/blog.kunstgriff.net\/?p=2194","url_meta":{"origin":9166,"position":2},"title":"Nordrunde \u00fcber Kremmen","author":"Georg","date":"August 15, 2010","format":false,"excerpt":"oder \"Neue Referenzstrecke abgefahren und f\u00fcr gut befunden\"Der Wecker klingelte f\u00fcr einen Sonntag recht fr\u00fch, denn ich wollte die Bahn nehmen um p\u00fcnktlich um 9 am Treffpunkt S-Bhf Blankenburg zu sein. Das Regenradar zeigt aber eine Niederschlagwolke welche genau um halb 9 Berlin erreichen w\u00fcrde. 190 km Radfahren und gleich\u2026","rel":"","context":"In &quot;Radfahren&quot;","block_context":{"text":"Radfahren","link":"https:\/\/blog.kunstgriff.net\/?cat=14"},"img":{"alt_text":"","src":"https:\/\/i0.wp.com\/blog.kunstgriff.net\/Bilda\/GarminStat.jpg?resize=350%2C200","width":350,"height":200,"srcset":"https:\/\/i0.wp.com\/blog.kunstgriff.net\/Bilda\/GarminStat.jpg?resize=350%2C200 1x, https:\/\/i0.wp.com\/blog.kunstgriff.net\/Bilda\/GarminStat.jpg?resize=525%2C300 1.5x"},"classes":[]},{"id":10637,"url":"https:\/\/blog.kunstgriff.net\/?p=10637","url_meta":{"origin":9166,"position":3},"title":"Kurze Nordrunde \u00fcber Kremmen","author":"Georg","date":"Juli 14, 2013","format":false,"excerpt":"oder \u00bbErste mal in 2013\u00abWie ich meinem Trainingsarchiv entnehmen kann, bin ich diese alt-bew\u00e4hrte Runde in 2013 noch gar nicht gefahren. Am 30. Dezember 2012 war ich auf der Runde das letzte mal unterwegs. Es war also an der Zeit! Bedingt durch den Westwind war das Fahren m\u00fchsam und die\u2026","rel":"","context":"In &quot;Radfahren&quot;","block_context":{"text":"Radfahren","link":"https:\/\/blog.kunstgriff.net\/?cat=14"},"img":{"alt_text":"","src":"","width":0,"height":0},"classes":[]},{"id":13538,"url":"https:\/\/blog.kunstgriff.net\/?p=13538","url_meta":{"origin":9166,"position":4},"title":"Spargel-Tour mit den Havellandriders 2016","author":"Georg","date":"Juni 5, 2016","format":false,"excerpt":"oder \u00bbTraditions-Ausflug zu neuem Spargel-Mittagstisch\u00abHeute war es wieder soweit und die Warterei auf Spargel hatte ein Ende! Es ging zur traditionellen Spargeltour. Diesmal scoutete uns Susanne eine neue Location die erprobt werden wollte: Den Spargelhof Kremmen. Allerdings musste erst einmal ein wenig an der Kurbel gedreht werden, bevor wir uns\u2026","rel":"","context":"In &quot;Radfahren&quot;","block_context":{"text":"Radfahren","link":"https:\/\/blog.kunstgriff.net\/?cat=14"},"img":{"alt_text":"Durch das wilde Brandenburg","src":"https:\/\/i0.wp.com\/blog.kunstgriff.net\/wp-content\/uploads\/2016\/06\/Durch-das-wilde-Brandenburg.jpg?fit=1200%2C900&ssl=1&resize=350%2C200","width":350,"height":200,"srcset":"https:\/\/i0.wp.com\/blog.kunstgriff.net\/wp-content\/uploads\/2016\/06\/Durch-das-wilde-Brandenburg.jpg?fit=1200%2C900&ssl=1&resize=350%2C200 1x, https:\/\/i0.wp.com\/blog.kunstgriff.net\/wp-content\/uploads\/2016\/06\/Durch-das-wilde-Brandenburg.jpg?fit=1200%2C900&ssl=1&resize=525%2C300 1.5x, https:\/\/i0.wp.com\/blog.kunstgriff.net\/wp-content\/uploads\/2016\/06\/Durch-das-wilde-Brandenburg.jpg?fit=1200%2C900&ssl=1&resize=700%2C400 2x, https:\/\/i0.wp.com\/blog.kunstgriff.net\/wp-content\/uploads\/2016\/06\/Durch-das-wilde-Brandenburg.jpg?fit=1200%2C900&ssl=1&resize=1050%2C600 3x"},"classes":[]},{"id":9022,"url":"https:\/\/blog.kunstgriff.net\/?p=9022","url_meta":{"origin":9166,"position":5},"title":"Kurze Nordrunde \u00fcber Kremmen","author":"Georg","date":"August 29, 2012","format":false,"excerpt":"oder \u00bbWas f\u00fcr ein toller Sommer!\u00abGeplant war heute die Tiri-Runde im S\u00fcden mit zu fahren. Da ich leider gut 15 Minuten zu sp\u00e4t zuhause eintraf musste ich diesen Plan verwerfen und mich alleine auf eine Trainingsrunde machen. Gerne genommen wird da von mir die Kurze Nordrunde \u00fcber Kremmen, quasi meine\u2026","rel":"","context":"In &quot;Radfahren&quot;","block_context":{"text":"Radfahren","link":"https:\/\/blog.kunstgriff.net\/?cat=14"},"img":{"alt_text":"","src":"https:\/\/i0.wp.com\/blog.kunstgriff.net\/wp-content\/uploads\/2012\/08\/Perfekt-ausgebauter-Havelland-Radweg.jpg?fit=1000%2C750&ssl=1&resize=350%2C200","width":350,"height":200,"srcset":"https:\/\/i0.wp.com\/blog.kunstgriff.net\/wp-content\/uploads\/2012\/08\/Perfekt-ausgebauter-Havelland-Radweg.jpg?fit=1000%2C750&ssl=1&resize=350%2C200 1x, https:\/\/i0.wp.com\/blog.kunstgriff.net\/wp-content\/uploads\/2012\/08\/Perfekt-ausgebauter-Havelland-Radweg.jpg?fit=1000%2C750&ssl=1&resize=525%2C300 1.5x, https:\/\/i0.wp.com\/blog.kunstgriff.net\/wp-content\/uploads\/2012\/08\/Perfekt-ausgebauter-Havelland-Radweg.jpg?fit=1000%2C750&ssl=1&resize=700%2C400 2x"},"classes":[]}],"jetpack_likes_enabled":true,"jetpack_sharing_enabled":true,"_links":{"self":[{"href":"https:\/\/blog.kunstgriff.net\/index.php?rest_route=\/wp\/v2\/posts\/9166","targetHints":{"allow":["GET"]}}],"collection":[{"href":"https:\/\/blog.kunstgriff.net\/index.php?rest_route=\/wp\/v2\/posts"}],"about":[{"href":"https:\/\/blog.kunstgriff.net\/index.php?rest_route=\/wp\/v2\/types\/post"}],"author":[{"embeddable":true,"href":"https:\/\/blog.kunstgriff.net\/index.php?rest_route=\/wp\/v2\/users\/2"}],"replies":[{"embeddable":true,"href":"https:\/\/blog.kunstgriff.net\/index.php?rest_route=%2Fwp%2Fv2%2Fcomments&post=9166"}],"version-history":[{"count":0,"href":"https:\/\/blog.kunstgriff.net\/index.php?rest_route=\/wp\/v2\/posts\/9166\/revisions"}],"wp:attachment":[{"href":"https:\/\/blog.kunstgriff.net\/index.php?rest_route=%2Fwp%2Fv2%2Fmedia&parent=9166"}],"wp:term":[{"taxonomy":"category","embeddable":true,"href":"https:\/\/blog.kunstgriff.net\/index.php?rest_route=%2Fwp%2Fv2%2Fcategories&post=9166"},{"taxonomy":"post_tag","embeddable":true,"href":"https:\/\/blog.kunstgriff.net\/index.php?rest_route=%2Fwp%2Fv2%2Ftags&post=9166"}],"curies":[{"name":"wp","href":"https:\/\/api.w.org\/{rel}","templated":true}]}}