{"id":9181,"date":"2012-09-30T00:13:04","date_gmt":"2012-09-29T22:13:04","guid":{"rendered":"http:\/\/blog.kunstgriff.net\/?p=9181"},"modified":"2016-08-29T16:06:31","modified_gmt":"2016-08-29T14:06:31","slug":"ausenalster-feierabendlauf","status":"publish","type":"post","link":"https:\/\/blog.kunstgriff.net\/?p=9181","title":{"rendered":"Au\u00dfenalster-Feierabendlauf"},"content":{"rendered":"<span class=\"span-reading-time rt-reading-time\" style=\"display: block;\"><span class=\"rt-label rt-prefix\">Lesezeit: <\/span> <span class=\"rt-time\"> &lt; 1<\/span> <span class=\"rt-label rt-postfix\">Minute<\/span><\/span><h4>oder \u00bbKopf-frei-machen in der Hansestadt\u00ab<\/h4>\n<hr \/>\n<p>Nachdem am Dienstag Morgen im Fitness Raum des <a href=\"http:\/\/de.wikipedia.org\/wiki\/Radisson_Blu_Hotel_Hamburg\" target=\"_blank\">Hotels<\/a>\u00a0eine Stunde mit Morgenmagazin auf dem Crosstrainer verbracht wurde, war heute wieder Outdoor-Sport angesagt.<\/p>\n<p>Mein Kollege wollte sich nach dem anstrengenden Arbeitstag auch unbedingt den <em>Kopf frei machen<\/em> und so standen wir nach wenigen Minuten in Laufklamotten und mit Satelliten-Empfang auf dem <a href=\"http:\/\/www.amazon.de\/gp\/product\/B001JAGZC2\/ref=as_li_ss_tl?ie=UTF8&amp;tag=gaba08-21&amp;linkCode=as2&amp;camp=1638&amp;creative=19454&amp;creativeASIN=B001JAGZC2\">Garmin Forerunner 405<\/a>\u00a0startklar vor dem hohen Hotel. Erstmal durch den Verkehr m\u00fchen, um dann endlich die Laufstrecke um die Au\u00dfenalster zu erreichen. Zu unserer gro\u00dfen Verwunderung kamen uns st\u00e4ndig gro\u00dfe Laufgruppen entgegen, aber niemand \u00fcberholte uns oder lief gar mit uns.<\/p>\n<p>Hatten wir die falsche Richtung gew\u00e4hlt? Liefen wir auf eine Sackgasse zu? Einfach weiter und den Tag gemeinsam reflektieren und Revue passieren lassen. Das stand auf dem Zettel. Das <em>\u00bbWohin\u00ab<\/em>\u00a0dabei war eigentlich egal.<\/p>\n<p>Nach 50 Minuten am Wasser f\u00fchlte ich mich entspannt und vitalisiert zugleich. Mein Buddy hatte noch nicht genug und wollte den Kopf noch <em>ein wenig<\/em>\u00a0weiter frei machen. Das bei ihm daraus ein Halbmarahon wurde, erfuhr ich sp\u00e4ter von ihm bei einem Bier mit dem Team im <a href=\"http:\/\/www.down-under-hamburg.de\/cms\/\" target=\"_blank\">Down Under.<\/a><\/p>\n<p>Herrliches Training mit super Begleitung in unbekanntem Terrain. Gerne wieder!<\/p>\n<p><img loading=\"lazy\" decoding=\"async\" class=\"alignnone\" title=\"umrundete Au\u00dfenalster aus der Luft (Quelle: Wikipedia)\" src=\"http:\/\/upload.wikimedia.org\/wikipedia\/commons\/thumb\/7\/79\/AussenalsterLuf.jpg\/1024px-AussenalsterLuf.jpg\" alt=\"\" width=\"1024\" height=\"768\" \/><\/p>\n<p><iframe height='405' width='590' frameborder='0' allowtransparency='true' scrolling='no' src='https:\/\/www.strava.com\/activities\/23517686\/embed\/ca21f3bc8f56996128604e9fbc544df09a3d6cba'><\/iframe><\/p>\n","protected":false},"excerpt":{"rendered":"<p>oder \u00bbKopf-frei-machen in der Hansestadt\u00ab Nachdem am Dienstag Morgen im Fitness Raum des Hotels\u00a0eine Stunde mit Morgenmagazin auf dem Crosstrainer verbracht wurde, war heute wieder Outdoor-Sport angesagt. Mein Kollege wollte sich nach dem anstrengenden Arbeitstag auch unbedingt den Kopf frei machen und so standen wir nach wenigen Minuten in Laufklamotten und mit Satelliten-Empfang auf dem &hellip; <\/p>\n<p class=\"link-more\"><a href=\"https:\/\/blog.kunstgriff.net\/?p=9181\" class=\"more-link\"><span class=\"screen-reader-text\">\u201eAu\u00dfenalster-Feierabendlauf\u201c <\/span>weiterlesen<\/a><\/p>\n","protected":false},"author":2,"featured_media":0,"comment_status":"open","ping_status":"open","sticky":false,"template":"","format":"standard","meta":{"jetpack_post_was_ever_published":false,"_jetpack_newsletter_access":"","_jetpack_dont_email_post_to_subs":false,"_jetpack_newsletter_tier_id":0,"_jetpack_memberships_contains_paywalled_content":false,"_jetpack_memberships_contains_paid_content":false,"footnotes":""},"categories":[10],"tags":[],"class_list":["post-9181","post","type-post","status-publish","format-standard","hentry","category-laufen"],"jetpack_featured_media_url":"","jetpack_shortlink":"https:\/\/wp.me\/p8Cxe7-2o5","jetpack-related-posts":[{"id":9701,"url":"https:\/\/blog.kunstgriff.net\/?p=9701","url_meta":{"origin":9181,"position":0},"title":"Au\u00dfenalster-Feierabendlauf","author":"Georg","date":"Januar 29, 2013","format":false,"excerpt":"oder \u00bbHart & Gut\u00abNach dem Job-Training stand heute Lauf-Training mit meinem Kollegen auf dem Programm. Lange ist es her, dass wir diese Aussenalter-Runde gemeinsam gelaufen sind. Es f\u00fchlte sich an wie Jahre. Auf den ersten Metern starteten wir schnell, ich wollte schnell den Tag absch\u00fctteln und der quirligen Innenstadt entkommen.\u2026","rel":"","context":"In &quot;Laufen&quot;","block_context":{"text":"Laufen","link":"https:\/\/blog.kunstgriff.net\/?cat=10"},"img":{"alt_text":"","src":"","width":0,"height":0},"classes":[]},{"id":10130,"url":"https:\/\/blog.kunstgriff.net\/?p=10130","url_meta":{"origin":9181,"position":1},"title":"B\u00e4ckerrunde nach Fehrbellin","author":"Georg","date":"April 21, 2013","format":false,"excerpt":"oder \u00bbWind sind unsere Berge\u00abGeplant war eine lockere Runde zu unserem Lieblingskonditor in Fehrbellin. Doch wir hatten die Rechnung ohne den Wind gemacht. Aber der Reihe nach: Um 9:30 Uhr traf ich mich mit Stefan B. an der Metro um gemeinsam nach Falkensee zu fahren. Dort trafen wir auf den\u2026","rel":"","context":"In &quot;Radfahren&quot;","block_context":{"text":"Radfahren","link":"https:\/\/blog.kunstgriff.net\/?cat=14"},"img":{"alt_text":"","src":"https:\/\/i0.wp.com\/blog.kunstgriff.net\/wp-content\/uploads\/2013\/04\/Gleich-ist-es-geschafft-dann-Pause.jpg?fit=1000%2C750&ssl=1&resize=350%2C200","width":350,"height":200,"srcset":"https:\/\/i0.wp.com\/blog.kunstgriff.net\/wp-content\/uploads\/2013\/04\/Gleich-ist-es-geschafft-dann-Pause.jpg?fit=1000%2C750&ssl=1&resize=350%2C200 1x, https:\/\/i0.wp.com\/blog.kunstgriff.net\/wp-content\/uploads\/2013\/04\/Gleich-ist-es-geschafft-dann-Pause.jpg?fit=1000%2C750&ssl=1&resize=525%2C300 1.5x, https:\/\/i0.wp.com\/blog.kunstgriff.net\/wp-content\/uploads\/2013\/04\/Gleich-ist-es-geschafft-dann-Pause.jpg?fit=1000%2C750&ssl=1&resize=700%2C400 2x"},"classes":[]},{"id":4906,"url":"https:\/\/blog.kunstgriff.net\/?p=4906","url_meta":{"origin":9181,"position":2},"title":"\u00d6desh\u00f6g -> Motala -> \u00d6desh\u00f6g","author":"Georg","date":"Juni 17, 2011","format":false,"excerpt":"oder \u00bbEinrollen auf schwedisch\u00ab Nach einer langen und relativ anstrengenden Anreise am gestrigen Donnerstag wollten wir unseren Tag vor dem Rennen nutzen, um ein wenig einzurollen. Da bot es sich an, ins rund 60 km entfernte Motala zu fahren, um die Startunterlagen mit Transponder abzuholen. 60 hin, 60 zur\u00fcck, fertig\u2026","rel":"","context":"In &quot;Garmin&quot;","block_context":{"text":"Garmin","link":"https:\/\/blog.kunstgriff.net\/?cat=35"},"img":{"alt_text":"","src":"https:\/\/i0.wp.com\/blog.kunstgriff.net\/wp-content\/uploads\/2011\/06\/IMG_2316-300x225.jpg?resize=350%2C200","width":350,"height":200},"classes":[]},{"id":5036,"url":"https:\/\/blog.kunstgriff.net\/?p=5036","url_meta":{"origin":9181,"position":3},"title":"14. Fichkona 2011","author":"Georg","date":"Juni 27, 2011","format":false,"excerpt":"oder \u00bbschlaflos im Sattel\u00ab Die ganze Woche hatte ich gehadert: Fahr ich oder fahr ich nicht. Zuletzt war die Anreise an den Fichtelberg nicht 100%ig gekl\u00e4rt und mein Schweinehund hatte diese Schwierigkeit als Absagegrund interpretiert. Doch die Anreiseschwierigkeiten wurden gegl\u00e4ttet. In einem Bully von Anna hatten mein Rad und ich\u2026","rel":"","context":"In &quot;Besonderes Ereignis&quot;","block_context":{"text":"Besonderes Ereignis","link":"https:\/\/blog.kunstgriff.net\/?cat=25"},"img":{"alt_text":"","src":"https:\/\/i0.wp.com\/blog.kunstgriff.net\/wp-content\/uploads\/2011\/06\/01-Auf-dem-Fichtelberg-vor-dem-Start-300x225.jpg?resize=350%2C200","width":350,"height":200},"classes":[]},{"id":13166,"url":"https:\/\/blog.kunstgriff.net\/?p=13166","url_meta":{"origin":9181,"position":4},"title":"Kuba 2016 \u2013 Tag 8: Cienfuegos &#8211; Trinidad","author":"Georg","date":"Februar 27, 2016","format":false,"excerpt":"oder \u00bbWellig zum Weltkulturerbe\u00abDer heutige Radtag ist eigentlich schnell erz\u00e4hlt: nach dem leckeren, aber mittlerweile doch recht eint\u00f6nigen, Fr\u00fchst\u00fcck ging es mit Samsonite und Rad vom \u00bbHostel Anita\u00ab zwei Blocks nach Osten um den Koffer am wartenden Bus abzugeben und im Anschluss den Track zu laden um die Gruppe aus\u2026","rel":"","context":"In &quot;Besonderes Ereignis&quot;","block_context":{"text":"Besonderes Ereignis","link":"https:\/\/blog.kunstgriff.net\/?cat=25"},"img":{"alt_text":"","src":"https:\/\/i0.wp.com\/blog.kunstgriff.net\/wp-content\/uploads\/2016\/03\/Sonnenuntergang-in-Trinindad-von-unserer-Terasse-in-Trinidad.jpg?fit=1200%2C900&ssl=1&resize=350%2C200","width":350,"height":200,"srcset":"https:\/\/i0.wp.com\/blog.kunstgriff.net\/wp-content\/uploads\/2016\/03\/Sonnenuntergang-in-Trinindad-von-unserer-Terasse-in-Trinidad.jpg?fit=1200%2C900&ssl=1&resize=350%2C200 1x, https:\/\/i0.wp.com\/blog.kunstgriff.net\/wp-content\/uploads\/2016\/03\/Sonnenuntergang-in-Trinindad-von-unserer-Terasse-in-Trinidad.jpg?fit=1200%2C900&ssl=1&resize=525%2C300 1.5x, https:\/\/i0.wp.com\/blog.kunstgriff.net\/wp-content\/uploads\/2016\/03\/Sonnenuntergang-in-Trinindad-von-unserer-Terasse-in-Trinidad.jpg?fit=1200%2C900&ssl=1&resize=700%2C400 2x, https:\/\/i0.wp.com\/blog.kunstgriff.net\/wp-content\/uploads\/2016\/03\/Sonnenuntergang-in-Trinindad-von-unserer-Terasse-in-Trinidad.jpg?fit=1200%2C900&ssl=1&resize=1050%2C600 3x"},"classes":[]},{"id":111,"url":"https:\/\/blog.kunstgriff.net\/?p=111","url_meta":{"origin":9181,"position":5},"title":"Bericht vom Zeitfahren Hamburg -> Berlin 2009","author":"Georg","date":"Oktober 17, 2009","format":false,"excerpt":"Nach einem ausgiebigen Dinner in unserem wundersch\u00f6nen\u00a0Hotel -Brasserie Lindenhof und dem Verstauen der Rennr\u00e4der im Heizungskeller des Hotels haben wir uns auf unsere Zwei- und Dreibett-Zimmer zur\u00fcckgezogen.\u00a0Der Schlaf war bedingt durch das bevorstehende Event unruhig und so erwachten Christoph und ich schon 15 Minuten bevor der Wecker um 5:05 Uhr\u2026","rel":"","context":"In &quot;Besonderes Ereignis&quot;","block_context":{"text":"Besonderes Ereignis","link":"https:\/\/blog.kunstgriff.net\/?cat=25"},"img":{"alt_text":"","src":"https:\/\/i0.wp.com\/blog.kunstgriff.net\/wp-content\/uploads\/2009\/10\/IMG_0307.jpg?fit=640%2C426&ssl=1&resize=350%2C200","width":350,"height":200,"srcset":"https:\/\/i0.wp.com\/blog.kunstgriff.net\/wp-content\/uploads\/2009\/10\/IMG_0307.jpg?fit=640%2C426&ssl=1&resize=350%2C200 1x, https:\/\/i0.wp.com\/blog.kunstgriff.net\/wp-content\/uploads\/2009\/10\/IMG_0307.jpg?fit=640%2C426&ssl=1&resize=525%2C300 1.5x"},"classes":[]}],"jetpack_likes_enabled":true,"jetpack_sharing_enabled":true,"_links":{"self":[{"href":"https:\/\/blog.kunstgriff.net\/index.php?rest_route=\/wp\/v2\/posts\/9181","targetHints":{"allow":["GET"]}}],"collection":[{"href":"https:\/\/blog.kunstgriff.net\/index.php?rest_route=\/wp\/v2\/posts"}],"about":[{"href":"https:\/\/blog.kunstgriff.net\/index.php?rest_route=\/wp\/v2\/types\/post"}],"author":[{"embeddable":true,"href":"https:\/\/blog.kunstgriff.net\/index.php?rest_route=\/wp\/v2\/users\/2"}],"replies":[{"embeddable":true,"href":"https:\/\/blog.kunstgriff.net\/index.php?rest_route=%2Fwp%2Fv2%2Fcomments&post=9181"}],"version-history":[{"count":0,"href":"https:\/\/blog.kunstgriff.net\/index.php?rest_route=\/wp\/v2\/posts\/9181\/revisions"}],"wp:attachment":[{"href":"https:\/\/blog.kunstgriff.net\/index.php?rest_route=%2Fwp%2Fv2%2Fmedia&parent=9181"}],"wp:term":[{"taxonomy":"category","embeddable":true,"href":"https:\/\/blog.kunstgriff.net\/index.php?rest_route=%2Fwp%2Fv2%2Fcategories&post=9181"},{"taxonomy":"post_tag","embeddable":true,"href":"https:\/\/blog.kunstgriff.net\/index.php?rest_route=%2Fwp%2Fv2%2Ftags&post=9181"}],"curies":[{"name":"wp","href":"https:\/\/api.w.org\/{rel}","templated":true}]}}