{"id":9289,"date":"2012-10-14T11:53:19","date_gmt":"2012-10-14T09:53:19","guid":{"rendered":"http:\/\/blog.kunstgriff.net\/?p=9289"},"modified":"2016-08-29T15:59:48","modified_gmt":"2016-08-29T13:59:48","slug":"teamzeitfahren-hamburg-berlin-2012","status":"publish","type":"post","link":"https:\/\/blog.kunstgriff.net\/?p=9289","title":{"rendered":"Teamzeitfahren Hamburg->Berlin 2012"},"content":{"rendered":"<span class=\"span-reading-time rt-reading-time\" style=\"display: block;\"><span class=\"rt-label rt-prefix\">Lesezeit: <\/span> <span class=\"rt-time\"> 3<\/span> <span class=\"rt-label rt-postfix\">Minuten<\/span><\/span><h4>oder \u00bbBei Traumwetter zur\u00fcck in die Hauptstadt\u00ab<\/h4>\n<hr \/>\n<p>Der zweite Samstag im Oktober war auch, wie in den vier<a href=\"http:\/\/blog.kunstgriff.net\/?p=6233\" target=\"_blank\"> Jahren<\/a> <a href=\"http:\/\/blog.kunstgriff.net\/?p=2590\" target=\"_blank\">zuvor<\/a>, f\u00fcr das <em>Teamzeitfahren Hamburg -&gt; Berlin<\/em> reserviert. Obwohl sich bei meiner Organisation eine gewisse Routine eingestellt hat, gab es diesmal viel Durcheinander beim <em>Team-Building<\/em>. Der Eine hatte einen schweren Radunfall, der Andere musste pl\u00f6tzlich heiraten und der Dritte k\u00e4mpfte mit einer nicht verschwindenden Erk\u00e4ltung.<\/p>\n<p>Ein perfekter Ersatz wurde mit Isabell und Dirk gefunden, mit denen ich in diesem Jahr viele <a href=\"http:\/\/blog.kunstgriff.net\/?p=8358\" target=\"_blank\">sch\u00f6ne Stunden<\/a> auf unseren Rennern verbracht hatte. Der f\u00fcnfte Startplatz musste aber unbesetzt bleiben.<\/p>\n<p><a href=\"https:\/\/i0.wp.com\/blog.kunstgriff.net\/wp-content\/uploads\/2012\/10\/Kurz-vor-dem-Start-am-Altengammer-F%C3%A4hrhaus.jpg\"><img data-recalc-dims=\"1\" loading=\"lazy\" decoding=\"async\" data-attachment-id=\"9297\" data-permalink=\"https:\/\/blog.kunstgriff.net\/?attachment_id=9297\" data-orig-file=\"https:\/\/i0.wp.com\/blog.kunstgriff.net\/wp-content\/uploads\/2012\/10\/Kurz-vor-dem-Start-am-Altengammer-F%C3%A4hrhaus.jpg?fit=1000%2C750&amp;ssl=1\" data-orig-size=\"1000,750\" data-comments-opened=\"1\" data-image-meta=\"{&quot;aperture&quot;:&quot;2.8&quot;,&quot;credit&quot;:&quot;&quot;,&quot;camera&quot;:&quot;Canon DIGITAL IXUS 870 IS&quot;,&quot;caption&quot;:&quot;&quot;,&quot;created_timestamp&quot;:&quot;1350110758&quot;,&quot;copyright&quot;:&quot;&quot;,&quot;focal_length&quot;:&quot;5&quot;,&quot;iso&quot;:&quot;320&quot;,&quot;shutter_speed&quot;:&quot;0.016666666666667&quot;,&quot;title&quot;:&quot;&quot;}\" data-image-title=\"Kurz vor dem Start am Altengammer F\u00e4hrhaus\" data-image-description=\"\" data-image-caption=\"\" data-large-file=\"https:\/\/i0.wp.com\/blog.kunstgriff.net\/wp-content\/uploads\/2012\/10\/Kurz-vor-dem-Start-am-Altengammer-F%C3%A4hrhaus.jpg?fit=1000%2C750&amp;ssl=1\" class=\"alignleft size-medium wp-image-9297\" title=\"Kurz vor dem Start am Altengammer F\u00e4hrhaus\" src=\"https:\/\/i0.wp.com\/blog.kunstgriff.net\/wp-content\/uploads\/2012\/10\/Kurz-vor-dem-Start-am-Altengammer-F%C3%A4hrhaus-300x225.jpg?resize=300%2C225\" alt=\"\" width=\"300\" height=\"225\" srcset=\"https:\/\/i0.wp.com\/blog.kunstgriff.net\/wp-content\/uploads\/2012\/10\/Kurz-vor-dem-Start-am-Altengammer-F%C3%A4hrhaus.jpg?resize=300%2C225&amp;ssl=1 300w, https:\/\/i0.wp.com\/blog.kunstgriff.net\/wp-content\/uploads\/2012\/10\/Kurz-vor-dem-Start-am-Altengammer-F%C3%A4hrhaus.jpg?resize=400%2C300&amp;ssl=1 400w, https:\/\/i0.wp.com\/blog.kunstgriff.net\/wp-content\/uploads\/2012\/10\/Kurz-vor-dem-Start-am-Altengammer-F%C3%A4hrhaus.jpg?w=1000&amp;ssl=1 1000w\" sizes=\"auto, (max-width: 300px) 100vw, 300px\" \/><\/a>Nachdem es die Nacht in Altengamme am Deich, wie fast immer, ununterbrochen geregnet hatte, machten wir uns trotzdem frohen Mutes auf, zum nahen F\u00e4hrhaus, um unsere Startnummern in Empfang zu nehmen. Der Grund f\u00fcr den <em>frohen Mut<\/em> war der Blick aufs Regenradar, der einen trockenen Tag versprach.<\/p>\n<p>Um 6:05 Uhr waren alle organisatorischen Dinge erledigt, sprich, die Startnummer an Gep\u00e4ck und Rad befestigt. Nun noch das Gep\u00e4ck am Transportfahrzeug abgeben und schnell zum gro\u00dfen Fr\u00fchst\u00fccksbuffet im Altengammer F\u00e4hrhaus. Knapp 50 Minuten blieben uns, um zwei Nutellabr\u00f6tchen und einen Sahne-Milchreis zu verdr\u00fccken. Das musste heute als Wegzehrung reichen. Mehr ging einfach nicht rein.<\/p>\n<p><a href=\"https:\/\/i0.wp.com\/blog.kunstgriff.net\/wp-content\/uploads\/2012\/10\/Ralph-setzt-die-Pace.jpg\"><img data-recalc-dims=\"1\" loading=\"lazy\" decoding=\"async\" data-attachment-id=\"9298\" data-permalink=\"https:\/\/blog.kunstgriff.net\/?attachment_id=9298\" data-orig-file=\"https:\/\/i0.wp.com\/blog.kunstgriff.net\/wp-content\/uploads\/2012\/10\/Ralph-setzt-die-Pace.jpg?fit=1000%2C750&amp;ssl=1\" data-orig-size=\"1000,750\" data-comments-opened=\"1\" data-image-meta=\"{&quot;aperture&quot;:&quot;2.8&quot;,&quot;credit&quot;:&quot;&quot;,&quot;camera&quot;:&quot;Canon DIGITAL IXUS 870 IS&quot;,&quot;caption&quot;:&quot;&quot;,&quot;created_timestamp&quot;:&quot;1350114501&quot;,&quot;copyright&quot;:&quot;&quot;,&quot;focal_length&quot;:&quot;5&quot;,&quot;iso&quot;:&quot;400&quot;,&quot;shutter_speed&quot;:&quot;0.01&quot;,&quot;title&quot;:&quot;&quot;}\" data-image-title=\"Ralph setzt die Pace\" data-image-description=\"\" data-image-caption=\"\" data-large-file=\"https:\/\/i0.wp.com\/blog.kunstgriff.net\/wp-content\/uploads\/2012\/10\/Ralph-setzt-die-Pace.jpg?fit=1000%2C750&amp;ssl=1\" class=\"alignright size-medium wp-image-9298\" title=\"Ralph setzt die Pace\" src=\"https:\/\/i0.wp.com\/blog.kunstgriff.net\/wp-content\/uploads\/2012\/10\/Ralph-setzt-die-Pace-300x225.jpg?resize=300%2C225\" alt=\"\" width=\"300\" height=\"225\" srcset=\"https:\/\/i0.wp.com\/blog.kunstgriff.net\/wp-content\/uploads\/2012\/10\/Ralph-setzt-die-Pace.jpg?resize=300%2C225&amp;ssl=1 300w, https:\/\/i0.wp.com\/blog.kunstgriff.net\/wp-content\/uploads\/2012\/10\/Ralph-setzt-die-Pace.jpg?resize=400%2C300&amp;ssl=1 400w, https:\/\/i0.wp.com\/blog.kunstgriff.net\/wp-content\/uploads\/2012\/10\/Ralph-setzt-die-Pace.jpg?w=1000&amp;ssl=1 1000w\" sizes=\"auto, (max-width: 300px) 100vw, 300px\" \/><\/a>Um 6:45 schickten wir das <em>Team Pankow<\/em> auf die Reise und brachten uns schon mal in Startposition. <em>5-4-3-2-1 \u2013 Abfahrt!<\/em> In Einer-Reihe ging es hinaus zu den Elbdeichen, Richtung S\u00fcdosten.<\/p>\n<p>Kleine pittoreske, schlafende Ortschaften wurden im Unterlenkergriff passiert. Das Ziel war klar: <em>Team Pankow<\/em>, mit einem Zeitvorsprung von f\u00fcnf Minuten, <del>wollte<\/del> sollte <del>kassiert<\/del> eingeholt werden. Erst nach rund 54 Kilometern war es dann soweit: Vor den <del>Bergen<\/del> H\u00fcgeln von Hitzacker wurden sie <del>gestellt<\/del> \u00fcberholt, um dann eine gemeinsame Weiterfahrt zu vereinbaren. In gro\u00dfer Gruppe lie\u00df es sich angenehm fahren.<\/p>\n<p><a href=\"https:\/\/i0.wp.com\/blog.kunstgriff.net\/wp-content\/uploads\/2012\/10\/Boxenstop-mit-Team-Panow-am-Deich-wegen-Schlauchdefekts.jpg\"><img data-recalc-dims=\"1\" loading=\"lazy\" decoding=\"async\" data-attachment-id=\"9295\" data-permalink=\"https:\/\/blog.kunstgriff.net\/?attachment_id=9295\" data-orig-file=\"https:\/\/i0.wp.com\/blog.kunstgriff.net\/wp-content\/uploads\/2012\/10\/Boxenstop-mit-Team-Panow-am-Deich-wegen-Schlauchdefekts.jpg?fit=1000%2C750&amp;ssl=1\" data-orig-size=\"1000,750\" data-comments-opened=\"1\" data-image-meta=\"{&quot;aperture&quot;:&quot;3.2&quot;,&quot;credit&quot;:&quot;&quot;,&quot;camera&quot;:&quot;Canon DIGITAL IXUS 870 IS&quot;,&quot;caption&quot;:&quot;&quot;,&quot;created_timestamp&quot;:&quot;1350119021&quot;,&quot;copyright&quot;:&quot;&quot;,&quot;focal_length&quot;:&quot;6.935&quot;,&quot;iso&quot;:&quot;125&quot;,&quot;shutter_speed&quot;:&quot;0.002&quot;,&quot;title&quot;:&quot;&quot;}\" data-image-title=\"Boxenstop mit Team Pankow am Deich wegen Schlauchdefekts\" data-image-description=\"\" data-image-caption=\"\" data-large-file=\"https:\/\/i0.wp.com\/blog.kunstgriff.net\/wp-content\/uploads\/2012\/10\/Boxenstop-mit-Team-Panow-am-Deich-wegen-Schlauchdefekts.jpg?fit=1000%2C750&amp;ssl=1\" class=\"alignleft size-medium wp-image-9295\" title=\"Boxenstop mit Team Panow am Deich wegen Schlauchdefekts\" src=\"https:\/\/i0.wp.com\/blog.kunstgriff.net\/wp-content\/uploads\/2012\/10\/Boxenstop-mit-Team-Panow-am-Deich-wegen-Schlauchdefekts-300x225.jpg?resize=300%2C225\" alt=\"\" width=\"300\" height=\"225\" srcset=\"https:\/\/i0.wp.com\/blog.kunstgriff.net\/wp-content\/uploads\/2012\/10\/Boxenstop-mit-Team-Panow-am-Deich-wegen-Schlauchdefekts.jpg?resize=300%2C225&amp;ssl=1 300w, https:\/\/i0.wp.com\/blog.kunstgriff.net\/wp-content\/uploads\/2012\/10\/Boxenstop-mit-Team-Panow-am-Deich-wegen-Schlauchdefekts.jpg?resize=400%2C300&amp;ssl=1 400w, https:\/\/i0.wp.com\/blog.kunstgriff.net\/wp-content\/uploads\/2012\/10\/Boxenstop-mit-Team-Panow-am-Deich-wegen-Schlauchdefekts.jpg?w=1000&amp;ssl=1 1000w\" sizes=\"auto, (max-width: 300px) 100vw, 300px\" \/><\/a>Nach dem zweiten Reifen-Defekt von <em>Team Pankow<\/em> am Deich, kurz vor dem Kontrollpunkt in D\u00f6mitz, entschied ich, <em>nicht<\/em> noch einmal zu warten, sondern mit meinem Team <em>Westwind-Riders<\/em> weiter zum Kontrollpunkt zu fahren. Dort angekommen wurden Semmel, Kaffee und Riegel konsumiert, bevor es weiter Richtung Wittenberge ging.<\/p>\n<p>Ein interessanter Sektor lag vor uns, da es auf Rad- und Wirtschaftswegen direkt am Elbdeich entlang zur Halbzeit-Stadt Wittenberge ging. In Wittenberge angekommen, war Freude nach 137 Kilometern Fahrt gross, nun die H\u00e4lfte geschafft zu haben.<\/p>\n<p><a href=\"https:\/\/i0.wp.com\/blog.kunstgriff.net\/wp-content\/uploads\/2012\/10\/Sonnenaufgang-am-Deich.jpg\"><img data-recalc-dims=\"1\" loading=\"lazy\" decoding=\"async\" data-attachment-id=\"9299\" data-permalink=\"https:\/\/blog.kunstgriff.net\/?attachment_id=9299\" data-orig-file=\"https:\/\/i0.wp.com\/blog.kunstgriff.net\/wp-content\/uploads\/2012\/10\/Sonnenaufgang-am-Deich.jpg?fit=1000%2C750&amp;ssl=1\" data-orig-size=\"1000,750\" data-comments-opened=\"1\" data-image-meta=\"{&quot;aperture&quot;:&quot;2.8&quot;,&quot;credit&quot;:&quot;&quot;,&quot;camera&quot;:&quot;Canon DIGITAL IXUS 870 IS&quot;,&quot;caption&quot;:&quot;&quot;,&quot;created_timestamp&quot;:&quot;1350116667&quot;,&quot;copyright&quot;:&quot;&quot;,&quot;focal_length&quot;:&quot;5&quot;,&quot;iso&quot;:&quot;100&quot;,&quot;shutter_speed&quot;:&quot;0.002&quot;,&quot;title&quot;:&quot;&quot;}\" data-image-title=\"Sonnenaufgang am Deich\" data-image-description=\"\" data-image-caption=\"\" data-large-file=\"https:\/\/i0.wp.com\/blog.kunstgriff.net\/wp-content\/uploads\/2012\/10\/Sonnenaufgang-am-Deich.jpg?fit=1000%2C750&amp;ssl=1\" class=\"alignright size-medium wp-image-9299\" title=\"Sonnenaufgang am Deich\" src=\"https:\/\/i0.wp.com\/blog.kunstgriff.net\/wp-content\/uploads\/2012\/10\/Sonnenaufgang-am-Deich-300x225.jpg?resize=300%2C225\" alt=\"\" width=\"300\" height=\"225\" srcset=\"https:\/\/i0.wp.com\/blog.kunstgriff.net\/wp-content\/uploads\/2012\/10\/Sonnenaufgang-am-Deich.jpg?resize=300%2C225&amp;ssl=1 300w, https:\/\/i0.wp.com\/blog.kunstgriff.net\/wp-content\/uploads\/2012\/10\/Sonnenaufgang-am-Deich.jpg?resize=400%2C300&amp;ssl=1 400w, https:\/\/i0.wp.com\/blog.kunstgriff.net\/wp-content\/uploads\/2012\/10\/Sonnenaufgang-am-Deich.jpg?w=1000&amp;ssl=1 1000w\" sizes=\"auto, (max-width: 300px) 100vw, 300px\" \/><\/a>Bad Wilsnack wurde klug umfahren und unser zweiter Halt nach 171 km in Havelberg angesteuert.<\/p>\n<p>Es gab Kuchen vom Blech im Netto-Supermarkt und ich merkte das meine Bein-Muskulatur sich doch recht beansprucht anf\u00fchlte. Gerade als wir zu f\u00fcnft, Norbert aus Hamburg verst\u00e4rkte schon seit Bleckede unser Team, aufbrechen wollten, kam das <em>Team Pankow<\/em> zum Mittags-Pausenpunkt. Nach kurzem Austausch von Sp\u00e4\u00dfen ging es weiter f\u00fcr das Team <em>Westwind-RIders<\/em>. Der nun folgende Sektor weckte b\u00f6se Erinnerungen, denn es ging durch lange monotone Passagen, ohne was zum Gucken oder Navigieren. Einfach schnurstracks geradeaus immer mit einer unfreundlichen Briese S\u00fcdwind im Gep\u00e4ck.<\/p>\n<p>Endlich war dann Rhinow erreicht und es wurde wieder welliger. Ich musste abrei\u00dfen lassen. Eine v\u00f6llig neue Erfahrung, denn meine Beine und mein Kopf wollten nicht mehr weiter radeln. Als Friesack erreicht war, dr\u00fcckte ich mir ein Gel rein und ruff ging es auf die B5. Ein breite Bundesstrasse mit viel Verkehr sollte uns nach Nauen bringen. 25 Kilometer Kopfkino bis Nauen. Alle weiteren Sektoren, also die knapp 50 Restkilometer, die noch vor uns lagen, in d\u00fcnne Salamischeiben schneiden und wegfuttern. Eine nach der Anderen.<\/p>\n<p><a href=\"https:\/\/i0.wp.com\/blog.kunstgriff.net\/wp-content\/uploads\/2012\/10\/Gl%C3%BCcklich-im-Ziel-im-Wassersportheim-Gatow.jpg\"><img data-recalc-dims=\"1\" loading=\"lazy\" decoding=\"async\" data-attachment-id=\"9296\" data-permalink=\"https:\/\/blog.kunstgriff.net\/?attachment_id=9296\" data-orig-file=\"https:\/\/i0.wp.com\/blog.kunstgriff.net\/wp-content\/uploads\/2012\/10\/Gl%C3%BCcklich-im-Ziel-im-Wassersportheim-Gatow.jpg?fit=1000%2C750&amp;ssl=1\" data-orig-size=\"1000,750\" data-comments-opened=\"1\" data-image-meta=\"{&quot;aperture&quot;:&quot;2.8&quot;,&quot;credit&quot;:&quot;&quot;,&quot;camera&quot;:&quot;Canon DIGITAL IXUS 870 IS&quot;,&quot;caption&quot;:&quot;&quot;,&quot;created_timestamp&quot;:&quot;1350145545&quot;,&quot;copyright&quot;:&quot;&quot;,&quot;focal_length&quot;:&quot;5&quot;,&quot;iso&quot;:&quot;125&quot;,&quot;shutter_speed&quot;:&quot;0.0025&quot;,&quot;title&quot;:&quot;&quot;}\" data-image-title=\"Gl\u00fccklich im Ziel im Wassersportheim Gatow\" data-image-description=\"\" data-image-caption=\"\" data-large-file=\"https:\/\/i0.wp.com\/blog.kunstgriff.net\/wp-content\/uploads\/2012\/10\/Gl%C3%BCcklich-im-Ziel-im-Wassersportheim-Gatow.jpg?fit=1000%2C750&amp;ssl=1\" class=\"alignleft size-medium wp-image-9296\" title=\"Gl\u00fccklich im Ziel im Wassersportheim Gatow\" src=\"https:\/\/i0.wp.com\/blog.kunstgriff.net\/wp-content\/uploads\/2012\/10\/Gl%C3%BCcklich-im-Ziel-im-Wassersportheim-Gatow-300x225.jpg?resize=300%2C225\" alt=\"\" width=\"300\" height=\"225\" srcset=\"https:\/\/i0.wp.com\/blog.kunstgriff.net\/wp-content\/uploads\/2012\/10\/Gl%C3%BCcklich-im-Ziel-im-Wassersportheim-Gatow.jpg?resize=300%2C225&amp;ssl=1 300w, https:\/\/i0.wp.com\/blog.kunstgriff.net\/wp-content\/uploads\/2012\/10\/Gl%C3%BCcklich-im-Ziel-im-Wassersportheim-Gatow.jpg?resize=400%2C300&amp;ssl=1 400w, https:\/\/i0.wp.com\/blog.kunstgriff.net\/wp-content\/uploads\/2012\/10\/Gl%C3%BCcklich-im-Ziel-im-Wassersportheim-Gatow.jpg?w=1000&amp;ssl=1 1000w\" sizes=\"auto, (max-width: 300px) 100vw, 300px\" \/><\/a>Zum Gl\u00fcck hatten wir Ralph im Team, der mit seiner unglaublichen Form das Team fast st\u00e4ndig im Wind durchs Havelland zog. Ganz gross!<\/p>\n<p>Im Elstal dann nochmal ein letztes Gel f\u00fcr die letzten Kilometer durch die Stadt.<\/p>\n<p>Der letzte H\u00fcgel in Berlin-Gatow und dann hinab zum Wassersportheim. Im Ziel &#8211; Ende &#8211; Aus. Wieder einmal geschafft. Keine neue Bestzeit aber gro\u00dfe Freude \u00fcber das gemeinsam Erreichte. <em>Gro\u00dfes Team &#8211; gro\u00dfer Sport!<\/em><\/p>\n<p><iframe height='405' width='590' frameborder='0' allowtransparency='true' scrolling='no' src='https:\/\/www.strava.com\/activities\/24968273\/embed\/a178808dd0bce846bde64a317062261bbd53bf6a'><\/iframe><\/p>\n","protected":false},"excerpt":{"rendered":"<p>oder \u00bbBei Traumwetter zur\u00fcck in die Hauptstadt\u00ab Der zweite Samstag im Oktober war auch, wie in den vier Jahren zuvor, f\u00fcr das Teamzeitfahren Hamburg -&gt; Berlin reserviert. Obwohl sich bei meiner Organisation eine gewisse Routine eingestellt hat, gab es diesmal viel Durcheinander beim Team-Building. Der Eine hatte einen schweren Radunfall, der Andere musste pl\u00f6tzlich heiraten &hellip; <\/p>\n<p class=\"link-more\"><a href=\"https:\/\/blog.kunstgriff.net\/?p=9289\" class=\"more-link\"><span class=\"screen-reader-text\">\u201eTeamzeitfahren Hamburg->Berlin 2012\u201c <\/span>weiterlesen<\/a><\/p>\n","protected":false},"author":2,"featured_media":9298,"comment_status":"open","ping_status":"open","sticky":false,"template":"","format":"standard","meta":{"jetpack_post_was_ever_published":false,"_jetpack_newsletter_access":"","_jetpack_dont_email_post_to_subs":false,"_jetpack_newsletter_tier_id":0,"_jetpack_memberships_contains_paywalled_content":false,"_jetpack_memberships_contains_paid_content":false,"footnotes":""},"categories":[48,25,14,7,36],"tags":[],"class_list":["post-9289","post","type-post","status-publish","format-standard","has-post-thumbnail","hentry","category-200er","category-besonderes-ereignis","category-radfahren","category-rennradfahren","category-veranstaltungen"],"jetpack_featured_media_url":"https:\/\/i0.wp.com\/blog.kunstgriff.net\/wp-content\/uploads\/2012\/10\/Ralph-setzt-die-Pace.jpg?fit=1000%2C750&ssl=1","jetpack_shortlink":"https:\/\/wp.me\/p8Cxe7-2pP","jetpack-related-posts":[{"id":2590,"url":"https:\/\/blog.kunstgriff.net\/?p=2590","url_meta":{"origin":9289,"position":0},"title":"Hamburg->Berlin 2010","author":"Georg","date":"Oktober 16, 2010","format":false,"excerpt":"oder \"Neun Mann gegen den Wind\"Wie in den drei Jahren zuvor w\u00e4hlten wir f\u00fcr die Anreise nach Hamburg wieder die Deutsche Bahn, die unsere R\u00e4der und uns mit Ihren komfortablen IC\u2019s sicher und unp\u00fcnktlich nach Hamburg bringen sollte. Im Zug, den ich erst in Berlin-Spandau bestieg, sa\u00dfen schon meine Teamkameraden\u2026","rel":"","context":"In &quot;Besonderes Ereignis&quot;","block_context":{"text":"Besonderes Ereignis","link":"https:\/\/blog.kunstgriff.net\/?cat=25"},"img":{"alt_text":"","src":"https:\/\/i0.wp.com\/blog.kunstgriff.net\/wp-content\/uploads\/2010\/10\/IMG_4039.jpg?fit=600%2C395&ssl=1&resize=350%2C200","width":350,"height":200,"srcset":"https:\/\/i0.wp.com\/blog.kunstgriff.net\/wp-content\/uploads\/2010\/10\/IMG_4039.jpg?fit=600%2C395&ssl=1&resize=350%2C200 1x, https:\/\/i0.wp.com\/blog.kunstgriff.net\/wp-content\/uploads\/2010\/10\/IMG_4039.jpg?fit=600%2C395&ssl=1&resize=525%2C300 1.5x"},"classes":[]},{"id":2159,"url":"https:\/\/blog.kunstgriff.net\/?p=2159","url_meta":{"origin":9289,"position":1},"title":"Ferch->R1->Beelitz->Sch\u00f6nhagen","author":"Georg","date":"August 5, 2010","format":false,"excerpt":"oder \"Feierabendrunden ohne Begleitung sind auch unterhaltsam\u2026\"\u2026 sofern der iPod shuffle am Start ist und gute Musik drauf l\u00e4uft. Diese Voraussetzung war gegeben und so konnte es auf die recht lange Runde gehen. Das Rathaus Spandau wurde nicht ohne Zwischenfall erreicht, denn es gab wieder nerv\u00f6se Autofahrer welche mich unbedingt\u2026","rel":"","context":"In &quot;Radfahren&quot;","block_context":{"text":"Radfahren","link":"https:\/\/blog.kunstgriff.net\/?cat=14"},"img":{"alt_text":"","src":"","width":0,"height":0},"classes":[]},{"id":3658,"url":"https:\/\/blog.kunstgriff.net\/?p=3658","url_meta":{"origin":9289,"position":2},"title":"Kurze Nordrunde \u00fcber Kremmen","author":"Georg","date":"Februar 20, 2011","format":false,"excerpt":"oder \"Training unter harten Bedingungen\"Eigentlich h\u00e4tte ich es ja besser wissen m\u00fcssen Minusgrade auf dem Thermometer sind keine Rennradausfahrtstemperaturen. Der Sonnenschein und die trockenen Strasse lie\u00dfen mich trotz minus 3\u00b0C doch in meine Rennradwintermontur schl\u00fcpfen und meine geliebte kurze Nordrunde \u00fcber Kremmen in Angriff nehmen. Es ging auf bekannten Wegen\u2026","rel":"","context":"In &quot;Radfahren&quot;","block_context":{"text":"Radfahren","link":"https:\/\/blog.kunstgriff.net\/?cat=14"},"img":{"alt_text":"","src":"","width":0,"height":0},"classes":[]},{"id":8695,"url":"https:\/\/blog.kunstgriff.net\/?p=8695","url_meta":{"origin":9289,"position":3},"title":"Berlin -> Leipzig","author":"Georg","date":"Juli 21, 2012","format":false,"excerpt":"oder \u00bbMit dem Rad zur Hochzeitsfeier in die Sachsenmetropole\u00abElvira und Klaus, zwei gute Freunde von mir, hatten zur Hochzeitsfeier nach Leipzig geladen. Meine Berlin-Buddies wollten mit dem Auto runterfahren. Das war mir zu schn\u00f6de und so beschloss ich schon im Fr\u00fchjahr, die Anfahrt mit meinem Renner zu bestreiten. Die ganze\u2026","rel":"","context":"In &quot;Radfahren&quot;","block_context":{"text":"Radfahren","link":"https:\/\/blog.kunstgriff.net\/?cat=14"},"img":{"alt_text":"","src":"https:\/\/i0.wp.com\/blog.kunstgriff.net\/wp-content\/uploads\/2012\/07\/Geniales-Rennradwetter-und-beeindruckende-Wolkenformation-300x225.jpg?resize=350%2C200","width":350,"height":200},"classes":[]},{"id":1683,"url":"https:\/\/blog.kunstgriff.net\/?p=1683","url_meta":{"origin":9289,"position":4},"title":"RG Hamburg Tour 2010 &#8211; Marathon \u00bbNordCup\u00ab","author":"Georg","date":"Juni 20, 2010","format":false,"excerpt":"P\u00fcnktlich um 3 Uhr (!) klingelte am Sonntag Morgen der Wecker, denn heute stand vom RG Hamburg der Marathon \u00bbNordCup\u00ab auf dem Programm. Ralph sollte mich um 3:55 Uhr mit seinem Saab Kombi abholen und ich wollte noch Kaffee trinken und meinen Super-Size-Bowl-M\u00fcsli mit Ovomaltine und Eiweiss-Pulver essen. 55 Minuten\u2026","rel":"","context":"In &quot;Radfahren&quot;","block_context":{"text":"Radfahren","link":"https:\/\/blog.kunstgriff.net\/?cat=14"},"img":{"alt_text":"","src":"","width":0,"height":0},"classes":[]},{"id":12784,"url":"https:\/\/blog.kunstgriff.net\/?p=12784","url_meta":{"origin":9289,"position":5},"title":"1. Etappe WfF Europa Radtour 2015","author":"Georg","date":"August 22, 2015","format":false,"excerpt":"Stuttgart - FreudenstadtIm vergangenen grauen Herbst in Berlin kam die \u00dcberlegung auf, eine Etappenfahrt im kommenden Sommer zu fahren. Viel hatte ich von den Sommertouren des WfF geh\u00f6rt und so entschloss ich mich, die Sommer-Alpentour einfach zu buchen.Urlaub eingereicht und abgehackt. Je n\u00e4her der Termin r\u00fcckte um so banger wurde\u2026","rel":"","context":"In &quot;Besonderes Ereignis&quot;","block_context":{"text":"Besonderes Ereignis","link":"https:\/\/blog.kunstgriff.net\/?cat=25"},"img":{"alt_text":"Das gesamte FahrerInnen Feld","src":"https:\/\/i0.wp.com\/blog.kunstgriff.net\/wp-content\/uploads\/2015\/07\/Das-gesamte-FahrerInnen-Feld.jpg?fit=1200%2C900&ssl=1&resize=350%2C200","width":350,"height":200,"srcset":"https:\/\/i0.wp.com\/blog.kunstgriff.net\/wp-content\/uploads\/2015\/07\/Das-gesamte-FahrerInnen-Feld.jpg?fit=1200%2C900&ssl=1&resize=350%2C200 1x, https:\/\/i0.wp.com\/blog.kunstgriff.net\/wp-content\/uploads\/2015\/07\/Das-gesamte-FahrerInnen-Feld.jpg?fit=1200%2C900&ssl=1&resize=525%2C300 1.5x, https:\/\/i0.wp.com\/blog.kunstgriff.net\/wp-content\/uploads\/2015\/07\/Das-gesamte-FahrerInnen-Feld.jpg?fit=1200%2C900&ssl=1&resize=700%2C400 2x, https:\/\/i0.wp.com\/blog.kunstgriff.net\/wp-content\/uploads\/2015\/07\/Das-gesamte-FahrerInnen-Feld.jpg?fit=1200%2C900&ssl=1&resize=1050%2C600 3x"},"classes":[]}],"jetpack_likes_enabled":true,"jetpack_sharing_enabled":true,"_links":{"self":[{"href":"https:\/\/blog.kunstgriff.net\/index.php?rest_route=\/wp\/v2\/posts\/9289","targetHints":{"allow":["GET"]}}],"collection":[{"href":"https:\/\/blog.kunstgriff.net\/index.php?rest_route=\/wp\/v2\/posts"}],"about":[{"href":"https:\/\/blog.kunstgriff.net\/index.php?rest_route=\/wp\/v2\/types\/post"}],"author":[{"embeddable":true,"href":"https:\/\/blog.kunstgriff.net\/index.php?rest_route=\/wp\/v2\/users\/2"}],"replies":[{"embeddable":true,"href":"https:\/\/blog.kunstgriff.net\/index.php?rest_route=%2Fwp%2Fv2%2Fcomments&post=9289"}],"version-history":[{"count":0,"href":"https:\/\/blog.kunstgriff.net\/index.php?rest_route=\/wp\/v2\/posts\/9289\/revisions"}],"wp:featuredmedia":[{"embeddable":true,"href":"https:\/\/blog.kunstgriff.net\/index.php?rest_route=\/wp\/v2\/media\/9298"}],"wp:attachment":[{"href":"https:\/\/blog.kunstgriff.net\/index.php?rest_route=%2Fwp%2Fv2%2Fmedia&parent=9289"}],"wp:term":[{"taxonomy":"category","embeddable":true,"href":"https:\/\/blog.kunstgriff.net\/index.php?rest_route=%2Fwp%2Fv2%2Fcategories&post=9289"},{"taxonomy":"post_tag","embeddable":true,"href":"https:\/\/blog.kunstgriff.net\/index.php?rest_route=%2Fwp%2Fv2%2Ftags&post=9289"}],"curies":[{"name":"wp","href":"https:\/\/api.w.org\/{rel}","templated":true}]}}