{"id":9315,"date":"2012-10-20T20:06:25","date_gmt":"2012-10-20T18:06:25","guid":{"rendered":"http:\/\/blog.kunstgriff.net\/?p=9315"},"modified":"2016-08-29T15:59:16","modified_gmt":"2016-08-29T13:59:16","slug":"ausfahrt-zur-burg-rabenstein-reloaded","status":"publish","type":"post","link":"https:\/\/blog.kunstgriff.net\/?p=9315","title":{"rendered":"Ausfahrt zur Burg Rabenstein reloaded"},"content":{"rendered":"<span class=\"span-reading-time rt-reading-time\" style=\"display: block;\"><span class=\"rt-label rt-prefix\">Lesezeit: <\/span> <span class=\"rt-time\"> 2<\/span> <span class=\"rt-label rt-postfix\">Minuten<\/span><\/span><h4>oder \u00bbmal wieder ein 200er\u00ab<\/h4>\n<hr \/>\n<p>Nach der doch recht anstrengenden, sportlosen Woche, sollte es heute mit dem Renner mal wieder etwas weiter raus gehen. Da traf es sich gut, das Stefan H. nocheinmal eine Runde zur\u00a0Burg Rabenstein anbot. Am <a href=\"http:\/\/blog.kunstgriff.net\/?p=8900\" target=\"_blank\">11. August<\/a> sind wir diese Runde schon einmal gefahren, von daher war klar was mich erwarten w\u00fcrde.<\/p>\n<p>Das Tempo war mit einem 30er Schnitt, als eher moderat annonciert, was mir sehr entgegen kam. Keine lange <em>Heitzer-Runde<\/em>, denn Sonntag steht auch noch mal was sportliches auf dem Zettel.<\/p>\n<p><a href=\"https:\/\/i0.wp.com\/blog.kunstgriff.net\/wp-content\/uploads\/2012\/10\/Nicht-mehr-weit.jpg\"><img data-recalc-dims=\"1\" loading=\"lazy\" decoding=\"async\" data-attachment-id=\"9323\" data-permalink=\"https:\/\/blog.kunstgriff.net\/?attachment_id=9323\" data-orig-file=\"https:\/\/i0.wp.com\/blog.kunstgriff.net\/wp-content\/uploads\/2012\/10\/Nicht-mehr-weit.jpg?fit=1000%2C750&amp;ssl=1\" data-orig-size=\"1000,750\" data-comments-opened=\"1\" data-image-meta=\"{&quot;aperture&quot;:&quot;2.8&quot;,&quot;credit&quot;:&quot;&quot;,&quot;camera&quot;:&quot;Canon DIGITAL IXUS 870 IS&quot;,&quot;caption&quot;:&quot;&quot;,&quot;created_timestamp&quot;:&quot;1350747946&quot;,&quot;copyright&quot;:&quot;&quot;,&quot;focal_length&quot;:&quot;5&quot;,&quot;iso&quot;:&quot;125&quot;,&quot;shutter_speed&quot;:&quot;0.002&quot;,&quot;title&quot;:&quot;&quot;}\" data-image-title=\"Nicht mehr weit\" data-image-description=\"\" data-image-caption=\"\" data-large-file=\"https:\/\/i0.wp.com\/blog.kunstgriff.net\/wp-content\/uploads\/2012\/10\/Nicht-mehr-weit.jpg?fit=1000%2C750&amp;ssl=1\" class=\"alignleft size-medium wp-image-9323\" title=\"Nicht mehr weit\" src=\"https:\/\/i0.wp.com\/blog.kunstgriff.net\/wp-content\/uploads\/2012\/10\/Nicht-mehr-weit-300x225.jpg?resize=300%2C225\" alt=\"\" width=\"300\" height=\"225\" srcset=\"https:\/\/i0.wp.com\/blog.kunstgriff.net\/wp-content\/uploads\/2012\/10\/Nicht-mehr-weit.jpg?resize=300%2C225&amp;ssl=1 300w, https:\/\/i0.wp.com\/blog.kunstgriff.net\/wp-content\/uploads\/2012\/10\/Nicht-mehr-weit.jpg?resize=400%2C300&amp;ssl=1 400w, https:\/\/i0.wp.com\/blog.kunstgriff.net\/wp-content\/uploads\/2012\/10\/Nicht-mehr-weit.jpg?w=1000&amp;ssl=1 1000w\" sizes=\"auto, (max-width: 300px) 100vw, 300px\" \/><\/a>Um 9:30 Uhr freute ich mich sehr, als ich jede Menge bekannte Gesichter am Treffpunkt begr\u00fc\u00dfen konnte, mit denen ich schon zig Rennradkilometer in 2012 gemeinsam abgespult hatte. Die Fahrt, bei herrlich milden Temperaturen und Sonnenschein, versprach Kurzweile. Meinen <a href=\"http:\/\/www.apple.com\/de\/ipod-shuffle\/\" target=\"_blank\">iPod<\/a> h\u00e4tte ich zuhause lassen k\u00f6nnen. Perfekt!<\/p>\n<p>Stefan hatte die Strecke weiter optimiert und so ging es \u00fcber herrliche Wald-Autobahnen nach S\u00fcden. Als nach 95 Kilometern die Burg erreicht war, freuten sich alle \u00fcber den Kaffee und Kuchen im Burghof, den wir in der Nachmittagssonne genie\u00dfen konnten.<\/p>\n<p><a href=\"https:\/\/i0.wp.com\/blog.kunstgriff.net\/wp-content\/uploads\/2012\/10\/Lecker-Kaffee-und-Kuchen-auf-dem-Burghof-Rabenstein.jpg\"><img data-recalc-dims=\"1\" loading=\"lazy\" decoding=\"async\" data-attachment-id=\"9322\" data-permalink=\"https:\/\/blog.kunstgriff.net\/?attachment_id=9322\" data-orig-file=\"https:\/\/i0.wp.com\/blog.kunstgriff.net\/wp-content\/uploads\/2012\/10\/Lecker-Kaffee-und-Kuchen-auf-dem-Burghof-Rabenstein.jpg?fit=1000%2C750&amp;ssl=1\" data-orig-size=\"1000,750\" data-comments-opened=\"1\" data-image-meta=\"{&quot;aperture&quot;:&quot;2.8&quot;,&quot;credit&quot;:&quot;&quot;,&quot;camera&quot;:&quot;Canon DIGITAL IXUS 870 IS&quot;,&quot;caption&quot;:&quot;&quot;,&quot;created_timestamp&quot;:&quot;1350739991&quot;,&quot;copyright&quot;:&quot;&quot;,&quot;focal_length&quot;:&quot;5&quot;,&quot;iso&quot;:&quot;100&quot;,&quot;shutter_speed&quot;:&quot;0.002&quot;,&quot;title&quot;:&quot;&quot;}\" data-image-title=\"Lecker Kaffee und Kuchen auf dem Burghof Rabenstein\" data-image-description=\"\" data-image-caption=\"\" data-large-file=\"https:\/\/i0.wp.com\/blog.kunstgriff.net\/wp-content\/uploads\/2012\/10\/Lecker-Kaffee-und-Kuchen-auf-dem-Burghof-Rabenstein.jpg?fit=1000%2C750&amp;ssl=1\" class=\"alignright size-medium wp-image-9322\" title=\"Lecker Kaffee und Kuchen auf dem Burghof Rabenstein\" src=\"https:\/\/i0.wp.com\/blog.kunstgriff.net\/wp-content\/uploads\/2012\/10\/Lecker-Kaffee-und-Kuchen-auf-dem-Burghof-Rabenstein-300x225.jpg?resize=300%2C225\" alt=\"\" width=\"300\" height=\"225\" srcset=\"https:\/\/i0.wp.com\/blog.kunstgriff.net\/wp-content\/uploads\/2012\/10\/Lecker-Kaffee-und-Kuchen-auf-dem-Burghof-Rabenstein.jpg?resize=300%2C225&amp;ssl=1 300w, https:\/\/i0.wp.com\/blog.kunstgriff.net\/wp-content\/uploads\/2012\/10\/Lecker-Kaffee-und-Kuchen-auf-dem-Burghof-Rabenstein.jpg?resize=400%2C300&amp;ssl=1 400w, https:\/\/i0.wp.com\/blog.kunstgriff.net\/wp-content\/uploads\/2012\/10\/Lecker-Kaffee-und-Kuchen-auf-dem-Burghof-Rabenstein.jpg?w=1000&amp;ssl=1 1000w\" sizes=\"auto, (max-width: 300px) 100vw, 300px\" \/><\/a>Das Aufbrechen viel wie immer schwer, durfte aber nicht hinausgez\u00f6gert werden, da wir alle vor Einbruch der Dunkelheit zur\u00fcck in der Hauptstadt sein wollten. So wurde gemeinsam ordentlich an der Kette gezogen und in Klein-Machnow mit einem guten Zeitpolster zum Sonnenuntergang erreicht.<\/p>\n<p>Eine tolle, lange Runde auf klasse Wegen. Danke an alle Mitfahrer f\u00fcr das erstklassige Team und die gute, gemeinsame Zeit! <em>Gerne wieder!<\/em><\/p>\n<p><a href=\"https:\/\/i0.wp.com\/blog.kunstgriff.net\/wp-content\/uploads\/2012\/10\/Bei-Sonneschein-zur%C3%BCck-in-die-Hauptstadt.jpg\"><img data-recalc-dims=\"1\" loading=\"lazy\" decoding=\"async\" data-attachment-id=\"9321\" data-permalink=\"https:\/\/blog.kunstgriff.net\/?attachment_id=9321\" data-orig-file=\"https:\/\/i0.wp.com\/blog.kunstgriff.net\/wp-content\/uploads\/2012\/10\/Bei-Sonneschein-zur%C3%BCck-in-die-Hauptstadt.jpg?fit=1000%2C750&amp;ssl=1\" data-orig-size=\"1000,750\" data-comments-opened=\"1\" data-image-meta=\"{&quot;aperture&quot;:&quot;2.8&quot;,&quot;credit&quot;:&quot;&quot;,&quot;camera&quot;:&quot;Canon DIGITAL IXUS 870 IS&quot;,&quot;caption&quot;:&quot;&quot;,&quot;created_timestamp&quot;:&quot;1350742537&quot;,&quot;copyright&quot;:&quot;&quot;,&quot;focal_length&quot;:&quot;5&quot;,&quot;iso&quot;:&quot;80&quot;,&quot;shutter_speed&quot;:&quot;0.002&quot;,&quot;title&quot;:&quot;&quot;}\" data-image-title=\"Bei Sonneschein zur\u00fcck in die Hauptstadt\" data-image-description=\"\" data-image-caption=\"\" data-large-file=\"https:\/\/i0.wp.com\/blog.kunstgriff.net\/wp-content\/uploads\/2012\/10\/Bei-Sonneschein-zur%C3%BCck-in-die-Hauptstadt.jpg?fit=1000%2C750&amp;ssl=1\" class=\"aligncenter size-full wp-image-9321\" title=\"Bei Sonneschein zur\u00fcck in die Hauptstadt\" src=\"https:\/\/i0.wp.com\/blog.kunstgriff.net\/wp-content\/uploads\/2012\/10\/Bei-Sonneschein-zur%C3%BCck-in-die-Hauptstadt.jpg?resize=525%2C394\" alt=\"\" width=\"525\" height=\"394\" srcset=\"https:\/\/i0.wp.com\/blog.kunstgriff.net\/wp-content\/uploads\/2012\/10\/Bei-Sonneschein-zur%C3%BCck-in-die-Hauptstadt.jpg?w=1000&amp;ssl=1 1000w, https:\/\/i0.wp.com\/blog.kunstgriff.net\/wp-content\/uploads\/2012\/10\/Bei-Sonneschein-zur%C3%BCck-in-die-Hauptstadt.jpg?resize=300%2C225&amp;ssl=1 300w, https:\/\/i0.wp.com\/blog.kunstgriff.net\/wp-content\/uploads\/2012\/10\/Bei-Sonneschein-zur%C3%BCck-in-die-Hauptstadt.jpg?resize=400%2C300&amp;ssl=1 400w\" sizes=\"auto, (max-width: 767px) 89vw, (max-width: 1000px) 54vw, (max-width: 1071px) 543px, 580px\" \/><\/a><\/p>\n<p><iframe height='405' width='590' frameborder='0' allowtransparency='true' scrolling='no' src='https:\/\/www.strava.com\/activities\/25569239\/embed\/7fbc5fdeb0c5e856a47e2c88d40bac9a3db4d194'><\/iframe><\/p>\n","protected":false},"excerpt":{"rendered":"<p>oder \u00bbmal wieder ein 200er\u00ab Nach der doch recht anstrengenden, sportlosen Woche, sollte es heute mit dem Renner mal wieder etwas weiter raus gehen. Da traf es sich gut, das Stefan H. nocheinmal eine Runde zur\u00a0Burg Rabenstein anbot. Am 11. August sind wir diese Runde schon einmal gefahren, von daher war klar was mich erwarten &hellip; <\/p>\n<p class=\"link-more\"><a href=\"https:\/\/blog.kunstgriff.net\/?p=9315\" class=\"more-link\"><span class=\"screen-reader-text\">\u201eAusfahrt zur Burg Rabenstein reloaded\u201c <\/span>weiterlesen<\/a><\/p>\n","protected":false},"author":2,"featured_media":9322,"comment_status":"open","ping_status":"open","sticky":false,"template":"","format":"standard","meta":{"jetpack_post_was_ever_published":false,"_jetpack_newsletter_access":"","_jetpack_dont_email_post_to_subs":false,"_jetpack_newsletter_tier_id":0,"_jetpack_memberships_contains_paywalled_content":false,"_jetpack_memberships_contains_paid_content":false,"footnotes":""},"categories":[48,14,7],"tags":[],"class_list":["post-9315","post","type-post","status-publish","format-standard","has-post-thumbnail","hentry","category-200er","category-radfahren","category-rennradfahren"],"jetpack_featured_media_url":"https:\/\/i0.wp.com\/blog.kunstgriff.net\/wp-content\/uploads\/2012\/10\/Lecker-Kaffee-und-Kuchen-auf-dem-Burghof-Rabenstein.jpg?fit=1000%2C750&ssl=1","jetpack_shortlink":"https:\/\/wp.me\/p8Cxe7-2qf","jetpack-related-posts":[{"id":19811,"url":"https:\/\/blog.kunstgriff.net\/?p=19811","url_meta":{"origin":9315,"position":0},"title":"Tiri-Burg Rabenstein 2019","author":"Georg","date":"Juli 20, 2019","format":false,"excerpt":"harter 200er Schon Mitte der Woche hat mich Alex gebeten doch mal wieder beim Tiri zur Burg Rabenstein mitzufahren. Da ich wusste, da\u00df die Woche anstrengend werden w\u00fcrde und ich 200er eher nicht mehr so lieb habe, sagte ich dann trotzdem zu. Schon eine gef\u00fchlte Ewigkeit war ich da nicht\u2026","rel":"","context":"In &quot;200er&quot;","block_context":{"text":"200er","link":"https:\/\/blog.kunstgriff.net\/?cat=48"},"img":{"alt_text":"hoch zur Burg - Sport frei","src":"https:\/\/i0.wp.com\/blog.kunstgriff.net\/wp-content\/uploads\/2019\/07\/hoch-zur-Burg-Sport-frei.jpg?fit=1200%2C800&ssl=1&resize=350%2C200","width":350,"height":200,"srcset":"https:\/\/i0.wp.com\/blog.kunstgriff.net\/wp-content\/uploads\/2019\/07\/hoch-zur-Burg-Sport-frei.jpg?fit=1200%2C800&ssl=1&resize=350%2C200 1x, https:\/\/i0.wp.com\/blog.kunstgriff.net\/wp-content\/uploads\/2019\/07\/hoch-zur-Burg-Sport-frei.jpg?fit=1200%2C800&ssl=1&resize=525%2C300 1.5x, https:\/\/i0.wp.com\/blog.kunstgriff.net\/wp-content\/uploads\/2019\/07\/hoch-zur-Burg-Sport-frei.jpg?fit=1200%2C800&ssl=1&resize=700%2C400 2x, https:\/\/i0.wp.com\/blog.kunstgriff.net\/wp-content\/uploads\/2019\/07\/hoch-zur-Burg-Sport-frei.jpg?fit=1200%2C800&ssl=1&resize=1050%2C600 3x"},"classes":[]},{"id":15486,"url":"https:\/\/blog.kunstgriff.net\/?p=15486","url_meta":{"origin":9315,"position":1},"title":"Mit den Tiris zur Burg Rabenstein","author":"Georg","date":"April 30, 2017","format":false,"excerpt":"\u00bberster 200er in 2017\u00ab Immer wieder ein beliebtes Ausfahrt-Ziel ist die Burg FrankenRabenstein. Meine Aufzeichnungen zeigen gar vier Eintr\u00e4ge, (1,2,3 und 4). Was bedeutet das nun? Dass ich schon mehr als 1.000 Kilometer Burg Rabenstein Touren in den Beinen habe. So sollte sich das ganze doch zumindest wie Routine abspulen\u2026","rel":"","context":"In &quot;200er&quot;","block_context":{"text":"200er","link":"https:\/\/blog.kunstgriff.net\/?cat=48"},"img":{"alt_text":"","src":"https:\/\/i0.wp.com\/blog.kunstgriff.net\/wp-content\/uploads\/2017\/04\/Alle-dabei.jpg?fit=1200%2C800&ssl=1&resize=350%2C200","width":350,"height":200,"srcset":"https:\/\/i0.wp.com\/blog.kunstgriff.net\/wp-content\/uploads\/2017\/04\/Alle-dabei.jpg?fit=1200%2C800&ssl=1&resize=350%2C200 1x, https:\/\/i0.wp.com\/blog.kunstgriff.net\/wp-content\/uploads\/2017\/04\/Alle-dabei.jpg?fit=1200%2C800&ssl=1&resize=525%2C300 1.5x, https:\/\/i0.wp.com\/blog.kunstgriff.net\/wp-content\/uploads\/2017\/04\/Alle-dabei.jpg?fit=1200%2C800&ssl=1&resize=700%2C400 2x, https:\/\/i0.wp.com\/blog.kunstgriff.net\/wp-content\/uploads\/2017\/04\/Alle-dabei.jpg?fit=1200%2C800&ssl=1&resize=1050%2C600 3x"},"classes":[]},{"id":12082,"url":"https:\/\/blog.kunstgriff.net\/?p=12082","url_meta":{"origin":9315,"position":2},"title":"Burg-Rabenstein-Runde","author":"Georg","date":"August 17, 2014","format":false,"excerpt":"oder \u00bbDoch noch ein 200er in 2014\u00ab Lange Zeit hatte ich mit mir gehadert, ob ich diese, von Karsten A. am Anfang der Woche angebotene Runde, fahren sollte. 200er sind ja nicht so meine Spezialit\u00e4t in 2014. Und letztes Wochenende wurde ich ja von den TiRis ganz sch\u00f6n aus den\u2026","rel":"","context":"In &quot;Radfahren&quot;","block_context":{"text":"Radfahren","link":"https:\/\/blog.kunstgriff.net\/?cat=14"},"img":{"alt_text":"","src":"https:\/\/i0.wp.com\/blog.kunstgriff.net\/wp-content\/uploads\/2014\/08\/Rollen-im-Fl%C3%A4ming.jpg?fit=1200%2C900&ssl=1&resize=350%2C200","width":350,"height":200,"srcset":"https:\/\/i0.wp.com\/blog.kunstgriff.net\/wp-content\/uploads\/2014\/08\/Rollen-im-Fl%C3%A4ming.jpg?fit=1200%2C900&ssl=1&resize=350%2C200 1x, https:\/\/i0.wp.com\/blog.kunstgriff.net\/wp-content\/uploads\/2014\/08\/Rollen-im-Fl%C3%A4ming.jpg?fit=1200%2C900&ssl=1&resize=525%2C300 1.5x, https:\/\/i0.wp.com\/blog.kunstgriff.net\/wp-content\/uploads\/2014\/08\/Rollen-im-Fl%C3%A4ming.jpg?fit=1200%2C900&ssl=1&resize=700%2C400 2x, https:\/\/i0.wp.com\/blog.kunstgriff.net\/wp-content\/uploads\/2014\/08\/Rollen-im-Fl%C3%A4ming.jpg?fit=1200%2C900&ssl=1&resize=1050%2C600 3x"},"classes":[]},{"id":14201,"url":"https:\/\/blog.kunstgriff.net\/?p=14201","url_meta":{"origin":9315,"position":3},"title":"Tiri-Burg Rabenstein","author":"Georg","date":"August 27, 2016","format":false,"excerpt":"oder \u00bbmal wieder ein 200er\u00ab Nach der gestrigen Kollegen-Verabschiedung mit ein paar fl\u00fcssigen \u00bbRadlern\u00ab zu viel, war die Entscheidung heute mit der Bande aus dem S\u00fcden einen 200er zu fahren schon ein wenig gewagt. Am Treffpunkt waren dann auch nur erstmal vier Mitstreiter, sp\u00e4ter kamen gl\u00fccklicherweise noch Zwei hinzu, die\u2026","rel":"","context":"In &quot;200er&quot;","block_context":{"text":"200er","link":"https:\/\/blog.kunstgriff.net\/?cat=48"},"img":{"alt_text":"","src":"https:\/\/i0.wp.com\/blog.kunstgriff.net\/wp-content\/uploads\/2016\/08\/P8270002.jpg?fit=1200%2C800&ssl=1&resize=350%2C200","width":350,"height":200,"srcset":"https:\/\/i0.wp.com\/blog.kunstgriff.net\/wp-content\/uploads\/2016\/08\/P8270002.jpg?fit=1200%2C800&ssl=1&resize=350%2C200 1x, https:\/\/i0.wp.com\/blog.kunstgriff.net\/wp-content\/uploads\/2016\/08\/P8270002.jpg?fit=1200%2C800&ssl=1&resize=525%2C300 1.5x, https:\/\/i0.wp.com\/blog.kunstgriff.net\/wp-content\/uploads\/2016\/08\/P8270002.jpg?fit=1200%2C800&ssl=1&resize=700%2C400 2x, https:\/\/i0.wp.com\/blog.kunstgriff.net\/wp-content\/uploads\/2016\/08\/P8270002.jpg?fit=1200%2C800&ssl=1&resize=1050%2C600 3x"},"classes":[]},{"id":8900,"url":"https:\/\/blog.kunstgriff.net\/?p=8900","url_meta":{"origin":9315,"position":4},"title":"Ausfahrt zur Burg Rabenstein","author":"Georg","date":"August 11, 2012","format":false,"excerpt":"oder \u00bbvier Wochenenden = vier 200er\u00abDie vergangenen drei Wochenenden waren mit 200ern ausgef\u00fcllt, und so traf es sich gut, dass Stefan H. f\u00fcr heute einen\u00a0lange Tour\u00a0weiteren 200er zur Burg Rabenstein anbot. Endlich wieder, in guter Gesellschaft und bei sch\u00f6nem Wetter, etwas l\u00e4nger fahren. Ich staunte nicht schlecht als um kurz\u2026","rel":"","context":"In &quot;200er&quot;","block_context":{"text":"200er","link":"https:\/\/blog.kunstgriff.net\/?cat=48"},"img":{"alt_text":"","src":"https:\/\/i0.wp.com\/blog.kunstgriff.net\/wp-content\/uploads\/2012\/08\/Welch-sch%C3%B6ner-Blick-bei-der-P-Pause.jpg?fit=1000%2C750&ssl=1&resize=350%2C200","width":350,"height":200,"srcset":"https:\/\/i0.wp.com\/blog.kunstgriff.net\/wp-content\/uploads\/2012\/08\/Welch-sch%C3%B6ner-Blick-bei-der-P-Pause.jpg?fit=1000%2C750&ssl=1&resize=350%2C200 1x, https:\/\/i0.wp.com\/blog.kunstgriff.net\/wp-content\/uploads\/2012\/08\/Welch-sch%C3%B6ner-Blick-bei-der-P-Pause.jpg?fit=1000%2C750&ssl=1&resize=525%2C300 1.5x, https:\/\/i0.wp.com\/blog.kunstgriff.net\/wp-content\/uploads\/2012\/08\/Welch-sch%C3%B6ner-Blick-bei-der-P-Pause.jpg?fit=1000%2C750&ssl=1&resize=700%2C400 2x"},"classes":[]},{"id":15532,"url":"https:\/\/blog.kunstgriff.net\/?p=15532","url_meta":{"origin":9315,"position":5},"title":"Mit den Tiris nach Petkus in den Fl\u00e4ming","author":"Georg","date":"Mai 7, 2017","format":false,"excerpt":"\u00bbSonntage sind f\u00fcr Zweihunderter\u00ab Nach dem ersten erfolgreichen 200er in 2017 am vergangenen Sonntag, wollte ich es heute wieder wagen. Die Bedingungen hierf\u00fcr waren besser als am letzten Sonntag, denn schon bei der Hinfahrt zum Treffpunkt merkte ich, dass sich meine Beine \u00fcber Nacht relativ gut von der P\u00e4wesin-Runde erholt\u2026","rel":"","context":"In &quot;200er&quot;","block_context":{"text":"200er","link":"https:\/\/blog.kunstgriff.net\/?cat=48"},"img":{"alt_text":"","src":"https:\/\/i0.wp.com\/blog.kunstgriff.net\/wp-content\/uploads\/2017\/05\/Gruppenfoto-noch-zu-siebt.jpg?fit=1200%2C800&ssl=1&resize=350%2C200","width":350,"height":200,"srcset":"https:\/\/i0.wp.com\/blog.kunstgriff.net\/wp-content\/uploads\/2017\/05\/Gruppenfoto-noch-zu-siebt.jpg?fit=1200%2C800&ssl=1&resize=350%2C200 1x, https:\/\/i0.wp.com\/blog.kunstgriff.net\/wp-content\/uploads\/2017\/05\/Gruppenfoto-noch-zu-siebt.jpg?fit=1200%2C800&ssl=1&resize=525%2C300 1.5x, https:\/\/i0.wp.com\/blog.kunstgriff.net\/wp-content\/uploads\/2017\/05\/Gruppenfoto-noch-zu-siebt.jpg?fit=1200%2C800&ssl=1&resize=700%2C400 2x, https:\/\/i0.wp.com\/blog.kunstgriff.net\/wp-content\/uploads\/2017\/05\/Gruppenfoto-noch-zu-siebt.jpg?fit=1200%2C800&ssl=1&resize=1050%2C600 3x"},"classes":[]}],"jetpack_likes_enabled":true,"jetpack_sharing_enabled":true,"_links":{"self":[{"href":"https:\/\/blog.kunstgriff.net\/index.php?rest_route=\/wp\/v2\/posts\/9315","targetHints":{"allow":["GET"]}}],"collection":[{"href":"https:\/\/blog.kunstgriff.net\/index.php?rest_route=\/wp\/v2\/posts"}],"about":[{"href":"https:\/\/blog.kunstgriff.net\/index.php?rest_route=\/wp\/v2\/types\/post"}],"author":[{"embeddable":true,"href":"https:\/\/blog.kunstgriff.net\/index.php?rest_route=\/wp\/v2\/users\/2"}],"replies":[{"embeddable":true,"href":"https:\/\/blog.kunstgriff.net\/index.php?rest_route=%2Fwp%2Fv2%2Fcomments&post=9315"}],"version-history":[{"count":0,"href":"https:\/\/blog.kunstgriff.net\/index.php?rest_route=\/wp\/v2\/posts\/9315\/revisions"}],"wp:featuredmedia":[{"embeddable":true,"href":"https:\/\/blog.kunstgriff.net\/index.php?rest_route=\/wp\/v2\/media\/9322"}],"wp:attachment":[{"href":"https:\/\/blog.kunstgriff.net\/index.php?rest_route=%2Fwp%2Fv2%2Fmedia&parent=9315"}],"wp:term":[{"taxonomy":"category","embeddable":true,"href":"https:\/\/blog.kunstgriff.net\/index.php?rest_route=%2Fwp%2Fv2%2Fcategories&post=9315"},{"taxonomy":"post_tag","embeddable":true,"href":"https:\/\/blog.kunstgriff.net\/index.php?rest_route=%2Fwp%2Fv2%2Ftags&post=9315"}],"curies":[{"name":"wp","href":"https:\/\/api.w.org\/{rel}","templated":true}]}}