{"id":992,"date":"2010-03-11T19:08:26","date_gmt":"2010-03-11T18:08:26","guid":{"rendered":"http:\/\/blog.kunstgriff.net\/?p=992"},"modified":"2017-06-14T17:36:07","modified_gmt":"2017-06-14T15:36:07","slug":"mallorca-trainingslager-6-tag-san-salvador","status":"publish","type":"post","link":"https:\/\/blog.kunstgriff.net\/?p=992","title":{"rendered":"Mallorca Trainingslager 6. Tag &#8211; San Salvador"},"content":{"rendered":"<span class=\"span-reading-time rt-reading-time\" style=\"display: block;\"><span class=\"rt-label rt-prefix\">Lesezeit: <\/span> <span class=\"rt-time\"> 2<\/span> <span class=\"rt-label rt-postfix\">Minuten<\/span><\/span><p>Heute stand trotz bedeckten Himmels die lange Etappe nach San Salvador an. Sie war im letzten Jahr 136 km lang und hatte \u00fcber 1.000 H\u00f6henmeter. Also recht knackig.<br \/>\nBedauernswerter Weise starteten wir bei leichtem Nieselregen und ca. 4\u02daC, was nicht besonders gut f\u00fcr die Stimmung im Feld war. Ich brauchte erst mal eine Weile um zu bemerken, das ich im Urlaub war. Wir blicken aber in einen offenen und hellen Himmel in Fahrtrichtung, sodass wir nur schneller zu fahren hatten, um die Sonnenstrahlen zu erreichen. Das dauert dann aber doch rund 45 km und richtig warm wurde es trotzdem nicht.<\/p>\n<p>Der Team-Chef entschied noch einen <span style=\"text-decoration: line-through;\">Nase<\/span> Umweg zu fahren. Der Plan war das wir zeitgleich mit der B-Gruppe in San Salvador landen w\u00fcrden. Dies gelang leider nicht und so kamen uns auf dem 4,6 km langen Anstieg schon wieder die zufriedenen B-Gruppen-Fahrer entgegen, w\u00e4hren wir noch mit dem knackigen, teils 10% steilen, Anstieg zu k\u00e4mpfen hatten.<\/p>\n<p>Zur\u00fcck im Tal wurde das Tempo forciert, weil alle sich nach Caf\u00e9 con Leche und Mandelkuchen in Petra sehnten. Nach einer Pause, in der Sonne auf dem Marktplatz, ging es auf bekannten Wegen weiter Richtung <em>Base<\/em>, wo wir nach 145 km Fahrt in 5:27h gl\u00fccklich und ersch\u00f6pft ankamen.<\/p>\n<p>Hier noch ein Beweisvideo, das es wirklich geschneit hat &#8211; sonst glaubt mir das keiner. Bei der Konversation geht es um die Markierung der Laufstrecke auf dem Asphalt &#8211; Gelbe und Gr\u00fcne Pfeile:<\/p>\n<p><span class=\"embed-youtube\" style=\"text-align:center; display: block;\"><iframe loading=\"lazy\" class=\"youtube-player\" width=\"525\" height=\"296\" src=\"https:\/\/www.youtube.com\/embed\/VPBc-SM8w6g?version=3&#038;rel=1&#038;showsearch=0&#038;showinfo=1&#038;iv_load_policy=1&#038;fs=1&#038;hl=de-DE&#038;autohide=2&#038;wmode=transparent\" allowfullscreen=\"true\" style=\"border:0;\" sandbox=\"allow-scripts allow-same-origin allow-popups allow-presentation allow-popups-to-escape-sandbox\"><\/iframe><\/span><br \/>\n<figure id=\"attachment_997\" aria-describedby=\"caption-attachment-997\" style=\"width: 600px\" class=\"wp-caption aligncenter\"><a href=\"https:\/\/i0.wp.com\/blog.kunstgriff.net\/wp-content\/uploads\/2010\/03\/IMG_6339.jpg\"><img data-recalc-dims=\"1\" loading=\"lazy\" decoding=\"async\" data-attachment-id=\"997\" data-permalink=\"https:\/\/blog.kunstgriff.net\/?attachment_id=997\" data-orig-file=\"https:\/\/i0.wp.com\/blog.kunstgriff.net\/wp-content\/uploads\/2010\/03\/IMG_6339.jpg?fit=600%2C400&amp;ssl=1\" data-orig-size=\"600,400\" data-comments-opened=\"1\" data-image-meta=\"{&quot;aperture&quot;:&quot;13&quot;,&quot;credit&quot;:&quot;&quot;,&quot;camera&quot;:&quot;Canon EOS 400D DIGITAL&quot;,&quot;caption&quot;:&quot;&quot;,&quot;created_timestamp&quot;:&quot;1268222631&quot;,&quot;copyright&quot;:&quot;&quot;,&quot;focal_length&quot;:&quot;55&quot;,&quot;iso&quot;:&quot;100&quot;,&quot;shutter_speed&quot;:&quot;0.003125&quot;,&quot;title&quot;:&quot;&quot;}\" data-image-title=\"Schnee bedeckte Berge auf Mallorca am 10.03.2010\" data-image-description=\"\" data-image-caption=\"&lt;p&gt;Schnee bedeckte Berge auf Mallorca am 10.03.2010&lt;\/p&gt;\n\" data-large-file=\"https:\/\/i0.wp.com\/blog.kunstgriff.net\/wp-content\/uploads\/2010\/03\/IMG_6339.jpg?fit=600%2C400&amp;ssl=1\" src=\"https:\/\/i0.wp.com\/blog.kunstgriff.net\/wp-content\/uploads\/2010\/03\/IMG_6339.jpg?resize=525%2C350\" alt=\"Schnee bedeckte Berge auf Mallorca am 10.03.2010\" title=\"Schnee bedeckte Berge auf Mallorca am 10.03.2010\" width=\"525\" height=\"350\" class=\"size-full wp-image-997\" srcset=\"https:\/\/i0.wp.com\/blog.kunstgriff.net\/wp-content\/uploads\/2010\/03\/IMG_6339.jpg?w=600&amp;ssl=1 600w, https:\/\/i0.wp.com\/blog.kunstgriff.net\/wp-content\/uploads\/2010\/03\/IMG_6339.jpg?resize=300%2C200&amp;ssl=1 300w\" sizes=\"auto, (max-width: 525px) 100vw, 525px\" \/><\/a><figcaption id=\"caption-attachment-997\" class=\"wp-caption-text\">Schnee bedeckte Berge auf Mallorca am 10.03.2010<\/figcaption><\/figure><br \/>\n<figure id=\"attachment_996\" aria-describedby=\"caption-attachment-996\" style=\"width: 600px\" class=\"wp-caption aligncenter\"><a href=\"https:\/\/i0.wp.com\/blog.kunstgriff.net\/wp-content\/uploads\/2010\/03\/IMG_0061.jpg\"><img data-recalc-dims=\"1\" loading=\"lazy\" decoding=\"async\" data-attachment-id=\"996\" data-permalink=\"https:\/\/blog.kunstgriff.net\/?attachment_id=996\" data-orig-file=\"https:\/\/i0.wp.com\/blog.kunstgriff.net\/wp-content\/uploads\/2010\/03\/IMG_0061.jpg?fit=600%2C450&amp;ssl=1\" data-orig-size=\"600,450\" data-comments-opened=\"1\" data-image-meta=\"{&quot;aperture&quot;:&quot;2.8&quot;,&quot;credit&quot;:&quot;&quot;,&quot;camera&quot;:&quot;iPhone 3GS&quot;,&quot;caption&quot;:&quot;&quot;,&quot;created_timestamp&quot;:&quot;1268132232&quot;,&quot;copyright&quot;:&quot;&quot;,&quot;focal_length&quot;:&quot;3.85&quot;,&quot;iso&quot;:&quot;70&quot;,&quot;shutter_speed&quot;:&quot;0.003030303030303&quot;,&quot;title&quot;:&quot;&quot;}\" data-image-title=\"Kleines Hindernis auf dem Weg nach Sineu\" data-image-description=\"\" data-image-caption=\"&lt;p&gt;Kleines Hindernis auf dem Weg nach Sineu&lt;\/p&gt;\n\" data-large-file=\"https:\/\/i0.wp.com\/blog.kunstgriff.net\/wp-content\/uploads\/2010\/03\/IMG_0061.jpg?fit=600%2C450&amp;ssl=1\" src=\"https:\/\/i0.wp.com\/blog.kunstgriff.net\/wp-content\/uploads\/2010\/03\/IMG_0061.jpg?resize=525%2C394\" alt=\"Kleines Hindernis auf dem Weg nach Sineu\" title=\"Kleines Hindernis auf dem Weg nach Sineu\" width=\"525\" height=\"394\" class=\"size-full wp-image-996\" srcset=\"https:\/\/i0.wp.com\/blog.kunstgriff.net\/wp-content\/uploads\/2010\/03\/IMG_0061.jpg?w=600&amp;ssl=1 600w, https:\/\/i0.wp.com\/blog.kunstgriff.net\/wp-content\/uploads\/2010\/03\/IMG_0061.jpg?resize=300%2C225&amp;ssl=1 300w\" sizes=\"auto, (max-width: 525px) 100vw, 525px\" \/><\/a><figcaption id=\"caption-attachment-996\" class=\"wp-caption-text\">Kleines Hindernis auf dem Weg nach Sineu<\/figcaption><\/figure><\/p>\n<p><iframe height='405' width='590' frameborder='0' allowtransparency='true' scrolling='no' src='https:\/\/www.strava.com\/activities\/698643463\/embed\/026dc31cde70b6fe05296e1b85718b0e80849ad8'><\/iframe><\/p>\n","protected":false},"excerpt":{"rendered":"<p>Heute stand trotz bedeckten Himmels die lange Etappe nach San Salvador an. Sie war im letzten Jahr 136 km lang und hatte \u00fcber 1.000 H\u00f6henmeter. Also recht knackig. Bedauernswerter Weise starteten wir bei leichtem Nieselregen und ca. 4\u02daC, was nicht besonders gut f\u00fcr die Stimmung im Feld war. Ich brauchte erst mal eine Weile um &hellip; <\/p>\n<p class=\"link-more\"><a href=\"https:\/\/blog.kunstgriff.net\/?p=992\" class=\"more-link\"><span class=\"screen-reader-text\">\u201eMallorca Trainingslager 6. Tag &#8211; San Salvador\u201c <\/span>weiterlesen<\/a><\/p>\n","protected":false},"author":2,"featured_media":997,"comment_status":"open","ping_status":"open","sticky":false,"template":"","format":"standard","meta":{"jetpack_post_was_ever_published":false,"_jetpack_newsletter_access":"","_jetpack_dont_email_post_to_subs":false,"_jetpack_newsletter_tier_id":0,"_jetpack_memberships_contains_paywalled_content":false,"_jetpack_memberships_contains_paid_content":false,"footnotes":""},"categories":[14,13,7],"tags":[],"class_list":["post-992","post","type-post","status-publish","format-standard","has-post-thumbnail","hentry","category-radfahren","category-radreise","category-rennradfahren"],"jetpack_featured_media_url":"https:\/\/i0.wp.com\/blog.kunstgriff.net\/wp-content\/uploads\/2010\/03\/IMG_6339.jpg?fit=600%2C400&ssl=1","jetpack_shortlink":"https:\/\/wp.me\/p8Cxe7-g0","jetpack-related-posts":[{"id":974,"url":"https:\/\/blog.kunstgriff.net\/?p=974","url_meta":{"origin":992,"position":0},"title":"Trainingslager Mallorca 4. Tag","author":"Georg","date":"M\u00e4rz 9, 2010","format":false,"excerpt":"Gestern, am Montag, war ja Ruhetag, welchen wir zu F\u00fcnft f\u00fcr eine Fahrt mit einem Mietwagen nach Palma de Mallorca und Anthrax nutzten. Wir hatten Gl\u00fcck mit dem Wetter und wurden, obwohl es recht k\u00fchl war, nicht nass. Heute stand wieder Rennradtraining auf dem Programm. Die geplante Route sollte uns,\u2026","rel":"","context":"In &quot;Radfahren&quot;","block_context":{"text":"Radfahren","link":"https:\/\/blog.kunstgriff.net\/?cat=14"},"img":{"alt_text":"","src":"","width":0,"height":0},"classes":[]},{"id":982,"url":"https:\/\/blog.kunstgriff.net\/?p=982","url_meta":{"origin":992,"position":1},"title":"Trainingslager Mallorca 5. Tag &#8211; Laufen mit den Eisenm\u00e4nnern","author":"Georg","date":"M\u00e4rz 10, 2010","format":false,"excerpt":"Ein Blick aus dem Fenster um 7:30 Uhr lie\u00df nichts gutes erahnen: Der Fu\u00dfweg vor meinem Balkon war nass und die Berge hinter dem Naturschutzgebiet waren nicht zu sehen, so verhangen war es. W\u00e4hrend des Fr\u00fchst\u00fccks begann es dann auch noch mit gro\u00dfen Flocken zu schneien. Das Hotelpersonal fotografierte am\u00fcsiert\u2026","rel":"","context":"In &quot;Laufen&quot;","block_context":{"text":"Laufen","link":"https:\/\/blog.kunstgriff.net\/?cat=10"},"img":{"alt_text":"","src":"","width":0,"height":0},"classes":[]},{"id":1620,"url":"https:\/\/blog.kunstgriff.net\/?p=1620","url_meta":{"origin":992,"position":2},"title":"20. Burger Spreewald-RTF","author":"Georg","date":"Juni 13, 2010","format":false,"excerpt":"Die Nacht war wieder kurz, denn ich sollte nach einer gro\u00dfen Sch\u00fcssel M\u00fcsli schon um 6:45 Uhr von Karin K. abgeholt werden, um gemeinsam nach Burg im Spreewald zu fahren. Dort fand zum 20. mal die Burger Spreewald-RTF statt. Wir erreichten bei Sonnenschein und 16\u00b0C um 8.30 Uhr das 120\u2026","rel":"","context":"In &quot;Radfahren&quot;","block_context":{"text":"Radfahren","link":"https:\/\/blog.kunstgriff.net\/?cat=14"},"img":{"alt_text":"","src":"https:\/\/i0.wp.com\/blog.kunstgriff.net\/wp-content\/uploads\/2010\/06\/Bild0288.jpg?fit=800%2C600&ssl=1&resize=350%2C200","width":350,"height":200,"srcset":"https:\/\/i0.wp.com\/blog.kunstgriff.net\/wp-content\/uploads\/2010\/06\/Bild0288.jpg?fit=800%2C600&ssl=1&resize=350%2C200 1x, https:\/\/i0.wp.com\/blog.kunstgriff.net\/wp-content\/uploads\/2010\/06\/Bild0288.jpg?fit=800%2C600&ssl=1&resize=525%2C300 1.5x, https:\/\/i0.wp.com\/blog.kunstgriff.net\/wp-content\/uploads\/2010\/06\/Bild0288.jpg?fit=800%2C600&ssl=1&resize=700%2C400 2x"},"classes":[]},{"id":1365,"url":"https:\/\/blog.kunstgriff.net\/?p=1365","url_meta":{"origin":992,"position":3},"title":"Rh\u00f6n-RTF","author":"Georg","date":"Mai 22, 2010","format":false,"excerpt":"155,6 km | 2.295 H\u00f6henmeter Am Samstag morgen um 3:40 Uhr holte mich Ralph W. mit seinem Saab-Kombi ab, um gemeinsam nach Hessen zum Rh\u00f6n-Rad-Marathon zu fahren. Wir hatten uns viel f\u00fcr dieses Pfingstwochenende vorgenommen: In genau 4:20 Stunden wollten wir im rund 400 km entfernten Bimbach am Start zur\u2026","rel":"","context":"In &quot;Radfahren&quot;","block_context":{"text":"Radfahren","link":"https:\/\/blog.kunstgriff.net\/?cat=14"},"img":{"alt_text":"","src":"https:\/\/i0.wp.com\/blog.kunstgriff.net\/wp-content\/uploads\/2010\/05\/100_3002.jpg?fit=510%2C340&ssl=1&resize=350%2C200","width":350,"height":200},"classes":[]},{"id":4247,"url":"https:\/\/blog.kunstgriff.net\/?p=4247","url_meta":{"origin":992,"position":4},"title":"Mallorca Trainingscamp &#8211; Tag 9 &#8211; Lluc und Sa Calobra","author":"Georg","date":"April 14, 2011","format":false,"excerpt":"oder \u00bbSchlechte Beine & viele H\u00f6henmeter\u00ab Der Ruhetag gestern war zwar hilfreich, aber nicht ausreichend um vollst\u00e4ndig zu regenerieren. Das merkte ich schon auf den ersten Kilometern durch das Peter Maffay Tal. Richtig Druck auf den Pedalen war nicht drin und der Spass fehlte fast komplett am Rad fahren. Karsten\u2026","rel":"","context":"In &quot;Radfahren&quot;","block_context":{"text":"Radfahren","link":"https:\/\/blog.kunstgriff.net\/?cat=14"},"img":{"alt_text":"","src":"https:\/\/i0.wp.com\/blog.kunstgriff.net\/wp-content\/uploads\/2011\/04\/IMG_2046.jpg?resize=350%2C200","width":350,"height":200,"srcset":"https:\/\/i0.wp.com\/blog.kunstgriff.net\/wp-content\/uploads\/2011\/04\/IMG_2046.jpg?resize=350%2C200 1x, https:\/\/i0.wp.com\/blog.kunstgriff.net\/wp-content\/uploads\/2011\/04\/IMG_2046.jpg?resize=525%2C300 1.5x, https:\/\/i0.wp.com\/blog.kunstgriff.net\/wp-content\/uploads\/2011\/04\/IMG_2046.jpg?resize=700%2C400 2x"},"classes":[]},{"id":19244,"url":"https:\/\/blog.kunstgriff.net\/?p=19244","url_meta":{"origin":992,"position":5},"title":"Mallorca Trainingscamp 2019 &#8211; Tag 9 &#8211; Abschlusstour nach Can Picaford","author":"Georg","date":"April 13, 2019","format":false,"excerpt":"\u00bbErdbeerkuchen & Meeresrauschen\u00ab Am Abreisetag ist es eine lange Tradition eine Abschlusstour zu fahren. Diese darf nicht all zu lang sein, um eine stressfreie Abreise zu gew\u00e4hrleisten. Also haben wir am Vorabend schnell, beim letzten San Miguel, eine 60-km-Route zusammen geklickt. Ein bisschen neues Terrain und einen Sektor, den wir\u2026","rel":"","context":"In &quot;Cake-Ride&quot;","block_context":{"text":"Cake-Ride","link":"https:\/\/blog.kunstgriff.net\/?cat=34"},"img":{"alt_text":"","src":"https:\/\/i0.wp.com\/blog.kunstgriff.net\/wp-content\/uploads\/2019\/04\/Das-Rad-und-das-Meer.jpg?fit=1200%2C800&ssl=1&resize=350%2C200","width":350,"height":200,"srcset":"https:\/\/i0.wp.com\/blog.kunstgriff.net\/wp-content\/uploads\/2019\/04\/Das-Rad-und-das-Meer.jpg?fit=1200%2C800&ssl=1&resize=350%2C200 1x, https:\/\/i0.wp.com\/blog.kunstgriff.net\/wp-content\/uploads\/2019\/04\/Das-Rad-und-das-Meer.jpg?fit=1200%2C800&ssl=1&resize=525%2C300 1.5x, https:\/\/i0.wp.com\/blog.kunstgriff.net\/wp-content\/uploads\/2019\/04\/Das-Rad-und-das-Meer.jpg?fit=1200%2C800&ssl=1&resize=700%2C400 2x, https:\/\/i0.wp.com\/blog.kunstgriff.net\/wp-content\/uploads\/2019\/04\/Das-Rad-und-das-Meer.jpg?fit=1200%2C800&ssl=1&resize=1050%2C600 3x"},"classes":[]}],"jetpack_likes_enabled":true,"jetpack_sharing_enabled":true,"_links":{"self":[{"href":"https:\/\/blog.kunstgriff.net\/index.php?rest_route=\/wp\/v2\/posts\/992","targetHints":{"allow":["GET"]}}],"collection":[{"href":"https:\/\/blog.kunstgriff.net\/index.php?rest_route=\/wp\/v2\/posts"}],"about":[{"href":"https:\/\/blog.kunstgriff.net\/index.php?rest_route=\/wp\/v2\/types\/post"}],"author":[{"embeddable":true,"href":"https:\/\/blog.kunstgriff.net\/index.php?rest_route=\/wp\/v2\/users\/2"}],"replies":[{"embeddable":true,"href":"https:\/\/blog.kunstgriff.net\/index.php?rest_route=%2Fwp%2Fv2%2Fcomments&post=992"}],"version-history":[{"count":0,"href":"https:\/\/blog.kunstgriff.net\/index.php?rest_route=\/wp\/v2\/posts\/992\/revisions"}],"wp:featuredmedia":[{"embeddable":true,"href":"https:\/\/blog.kunstgriff.net\/index.php?rest_route=\/wp\/v2\/media\/997"}],"wp:attachment":[{"href":"https:\/\/blog.kunstgriff.net\/index.php?rest_route=%2Fwp%2Fv2%2Fmedia&parent=992"}],"wp:term":[{"taxonomy":"category","embeddable":true,"href":"https:\/\/blog.kunstgriff.net\/index.php?rest_route=%2Fwp%2Fv2%2Fcategories&post=992"},{"taxonomy":"post_tag","embeddable":true,"href":"https:\/\/blog.kunstgriff.net\/index.php?rest_route=%2Fwp%2Fv2%2Ftags&post=992"}],"curies":[{"name":"wp","href":"https:\/\/api.w.org\/{rel}","templated":true}]}}